{"id":6093,"date":"2024-04-15T22:52:29","date_gmt":"2024-04-15T22:52:29","guid":{"rendered":"https:\/\/lereveil224.info\/?p=6093"},"modified":"2024-04-15T22:53:45","modified_gmt":"2024-04-15T22:53:45","slug":"conakry-education-les-enseignants-contractuels-sont-en-coleres","status":"publish","type":"post","link":"https:\/\/lereveil224.info\/index.php\/2024\/04\/15\/conakry-education-les-enseignants-contractuels-sont-en-coleres\/","title":{"rendered":"Conakry-\u00c9ducation : Les enseignants contractuels sont en col\u00e8res"},"content":{"rendered":"\n<p>Apr\u00e8s plusieurs promesses du recrutement \u00e0 la fonction publique au regard des enseignants contractuels non tenues, la col\u00e8re d\u00e9passe la limite et les enseignants contractuels donne une d\u00e9claration.<\/p>\n\n\n\n<p><strong>D\u00e9claration des enseignants contractuels de Conakry :<\/strong><\/p>\n\n\n\n<p>-Consid\u00e9rant le non-respect du protocole d\u2019accord en octobre 2023 entre le gouvernement et le mouvement syndical ;<\/p>\n\n\n\n<p>Consid\u00e9rant le non-respect de la fusion des listes de tous les Enseignants Contractuels de Guin\u00e9e et le red\u00e9ploiement de ceux de la zone sp\u00e9ciale de Conakry<\/p>\n\n\n\n<p>\u2013 Consid\u00e9rant le protocole d\u2019accord additionnel comme moyen d\u2019exclusion des Enseignants Contractuels de Conakry :<\/p>\n\n\n\n<p>\u2013 Consid\u00e9rant la d\u00e9claration faite en date du 07 Avril 2024 par la Coordination des Enseignants Contractuels Communautaires sous couverture des syndicats fant\u00f4mes, fabriqu\u00e9, comme la haute trahison, inopportune \u00e0 l\u2019\u00e9gard des Enseignants Contractuels de Conakry et le syndicat de l\u2019\u00c9ducation. Nous les Enseignants Contractuels de la zone sp\u00e9ciale de Conakry, en prenant compte le m\u00e9morandum du mouvement syndical guin\u00e9en adress\u00e9 au gouvernement, demandant l\u2019engagement de tous les Enseignants Contractuels de Guin\u00e9e. Exigent :<\/p>\n\n\n\n<p>\u2013 L\u2019application du protocole d\u2019accord en date du 27 Octobre 2023, exigeant le red\u00e9ploiement des Enseignants Contractuels dans le grand Conakry.<\/p>\n\n\n\n<p>-L\u2019engagement de tous les Enseignants Contractuels de la zone sp\u00e9ciale de Conakry \u00e0 la fonction publique sans condition.<\/p>\n\n\n\n<p>\u2013 L\u2019exclusion de certains syndicats fant\u00f4mes de l\u2019\u00c9ducation et la Coordination des Enseignants Contractuels Communautaires \u00e0 toutes les n\u00e9gociations des Enseignants Contractuels de la zone sp\u00e9ciale de Conakry. Car ces syndicats, depuis 2018, font de cette situation de Contractuel leur business en complicit\u00e9 avec les membres de la Coordination des Enseignants Contractuels Communautaires.<\/p>\n\n\n\n<p>Le seul syndicat de l\u2019\u00c9ducation qui participera aux n\u00e9gociations des Enseignants Contractuels de Conakry est le grand SLECG du Camarade Aboubacar SOUMAH.<\/p>\n\n\n\n<p>A cet effet, nous prenons toutes les dispositions n\u00e9cessaires contre les syndicats fant\u00f4mes et des individus corrompus qui tenterons de mettre en d\u00e9route ce processus. Nous attirons \u00e9galement l\u2019attention du Pr\u00e9sident de la R\u00e9publique, G\u00e9n\u00e9ral Mamadi DOUMBOUYA, Chef Supr\u00eame des Arm\u00e9es, et le Premier Ministre, Chef du gouvernement, M. BAH Oury, qui ont toujours pour pr\u00e9occupation majeure, la r\u00e9solution de la situation des Enseignants Contractuels de Guin\u00e9e et nous les appelions de faire face \u00e0 la situation sp\u00e9cifique de Conakry, qui fait l\u2019objet d\u2019ignorance de certains cadres du Minist\u00e8re de L\u2019Enseignement Pr\u00e9-universitaire et de l\u2019Alphab\u00e9tisation, de certaines structures syndicales.<\/p>\n\n\n\n<p>Vive les Enseignants Contractuels de Conakry.<\/p>\n\n\n\n<p><strong>Mamadouba CAMARA<\/strong><\/p>\n","protected":false},"excerpt":{"rendered":"<p>Apr\u00e8s plusieurs promesses du recrutement \u00e0 la fonction publique au regard des enseignants contractuels non tenues, la col\u00e8re d\u00e9passe la limite et les enseignants contractuels donne une d\u00e9claration. D\u00e9claration des enseignants contractuels de Conakry : -Consid\u00e9rant le non-respect du protocole d\u2019accord en octobre 2023 entre le gouvernement et le mouvement syndical ; Consid\u00e9rant le non-respect [&hellip;]<\/p>\n","protected":false},"author":123457,"featured_media":6094,"comment_status":"open","ping_status":"open","sticky":false,"template":"","format":"standard","meta":{"_acf_changed":false,"footnotes":""},"categories":[11,4,18],"tags":[],"class_list":["post-6093","post","type-post","status-publish","format-standard","has-post-thumbnail","hentry","category-actualite","category-education","category-region"],"acf":[],"_links":{"self":[{"href":"https:\/\/lereveil224.info\/index.php\/wp-json\/wp\/v2\/posts\/6093","targetHints":{"allow":["GET"]}}],"collection":[{"href":"https:\/\/lereveil224.info\/index.php\/wp-json\/wp\/v2\/posts"}],"about":[{"href":"https:\/\/lereveil224.info\/index.php\/wp-json\/wp\/v2\/types\/post"}],"author":[{"embeddable":true,"href":"https:\/\/lereveil224.info\/index.php\/wp-json\/wp\/v2\/users\/123457"}],"replies":[{"embeddable":true,"href":"https:\/\/lereveil224.info\/index.php\/wp-json\/wp\/v2\/comments?post=6093"}],"version-history":[{"count":2,"href":"https:\/\/lereveil224.info\/index.php\/wp-json\/wp\/v2\/posts\/6093\/revisions"}],"predecessor-version":[{"id":6096,"href":"https:\/\/lereveil224.info\/index.php\/wp-json\/wp\/v2\/posts\/6093\/revisions\/6096"}],"wp:featuredmedia":[{"embeddable":true,"href":"https:\/\/lereveil224.info\/index.php\/wp-json\/wp\/v2\/media\/6094"}],"wp:attachment":[{"href":"https:\/\/lereveil224.info\/index.php\/wp-json\/wp\/v2\/media?parent=6093"}],"wp:term":[{"taxonomy":"category","embeddable":true,"href":"https:\/\/lereveil224.info\/index.php\/wp-json\/wp\/v2\/categories?post=6093"},{"taxonomy":"post_tag","embeddable":true,"href":"https:\/\/lereveil224.info\/index.php\/wp-json\/wp\/v2\/tags?post=6093"}],"curies":[{"name":"wp","href":"https:\/\/api.w.org\/{rel}","templated":true}]}}