{"id":6090,"date":"2024-04-15T19:09:04","date_gmt":"2024-04-15T19:09:04","guid":{"rendered":"https:\/\/lereveil224.info\/?p=6090"},"modified":"2024-04-15T19:09:05","modified_gmt":"2024-04-15T19:09:05","slug":"guinee-toumba-face-a-dadis","status":"publish","type":"post","link":"https:\/\/lereveil224.info\/index.php\/2024\/04\/15\/guinee-toumba-face-a-dadis\/","title":{"rendered":"Guin\u00e9e : Toumba face \u00e0 Dadis"},"content":{"rendered":"\n<p>La reprise des \u00e9v\u00e8nements du 28 septembre 2009 entame ce lundi, 15 avril 2024 devant le tribunal criminel, o\u00f9 l\u2019attention est riv\u00e9e sur la confrontation entre Moussa Dadis CAMARA, Aboubacar Toumba DIAKIT\u00c9 et Marcel GUILAVOGUI.<\/p>\n\n\n\n<p>Aboubacar Toumba DIAKIT\u00c9 \u00e0 la barre d\u00e9clare : \u00ab Des d\u00e9crets ont \u00e9t\u00e9 pris pour nommer un commandant du R\u00e9giment et son adjoint et me nommant aide de camp c\u2019est-\u00e0-dire confident et conseiller direct du pr\u00e9sident de la R\u00e9publique. Mon autorit\u00e9 \u00e9tait circonscrite directement au salon. Cela n\u2019a pas \u00e9t\u00e9 un fait hasard parce que tout le monde \u00e9tait connu \u00e0 l\u2019\u00e9poque. Les fonctions ont \u00e9t\u00e9 r\u00e9parties, partant de \u00e7a il est facile de se rendre compte la gestion du commandement des hommes c\u2019\u00e9tait la propre discr\u00e9tion du pr\u00e9sident de nommer qui il veut dans les diff\u00e9rentes fonctions. Donc s\u2019il a nomm\u00e9 des personnes \u00e0 des fonctions qu\u2019ils ne connaissaient pas les attributions, il ne pourra qu\u2019en vouloir \u00e0 lui-m\u00eame \u00bb, a t-il d\u00e9clar\u00e9.<\/p>\n\n\n\n<p>Quant \u00e0 l&rsquo;ex pr\u00e9sident Dadis CAMARA, contexte les propos de Toumba et dit : \u00ab Dans le cas pr\u00e9cis, il faut qu\u2019on soit honn\u00eate, je n\u2019ai aucun int\u00e9r\u00eat de mentir sur mes subordonn\u00e9s. Le commandant Toumba vient de dire qu\u2019il \u00e9tait aide de camps, au-del\u00e0 de \u00e7a il y a ce qu\u2019on appelle usurpation du pouvoir. L\u2019acte n\u2019a pas \u00e9t\u00e9 pris, c\u2019\u00e9tait en attente de chercher des nouveaux commandants du R\u00e9giment. Pendant ce temps, c\u2019est le commandant Toumba qui g\u00e9rait le R\u00e9giment. Un acte officiel prouve qu\u2019en ce moment-l\u00e0, il \u00e9tait le commandant. Parce que le retrait des jeunes recrues de Kal\u00e9ah, il est parti il les a sortis avec un acte authentique \u00bb, dira le pr\u00e9sident Dadis.<\/p>\n\n\n\n<p>Marcel GUILAVOGUI quant \u00e0 lui s&rsquo;exprime en disant : \u00ab Les d\u00e9crets sont pris par le pr\u00e9sident de la R\u00e9publique, les notes de service dans l\u2019arm\u00e9e viennent dans les compagnies. Le commandant de compagnie est nomm\u00e9 adjudant de bataillon, chef de section\u2026Mais les titres de responsabilit\u00e9 incombent au pr\u00e9sident de la R\u00e9publique et son ministre de la d\u00e9fense. En aucun cas, je n\u2019ai vu un autre d\u00e9cret nommant une autre personne \u00e0 la place du colonel S\u00e2a Alphonse. Et c\u2019est le Pr\u00e9sident lui-m\u00eame qui les a r\u00e9voqu\u00e9s de leurs fonctions. Le pr\u00e9sident Moussa Dadis Camara \u00e9tait le commandant du R\u00e9giment \u00bb s\u2019est-il prononc\u00e9.<\/p>\n\n\n\n<p>Au-del\u00e0 des d\u00e9clarations fracassantes et des joutes verbales, une question persiste : qui, au sein de cette triade d\u2019accus\u00e9s, d\u00e9tiendra la clef de cette sombre page de l\u2019histoire guin\u00e9enne ? Les confrontations se poursuivent, houleuses, tendues, dans l\u2019attente d\u2019une v\u00e9rit\u00e9 qui tarde \u00e0 se r\u00e9v\u00e9ler.<\/p>\n\n\n\n<p><strong>Mamadouba CAMARA correspondant \u00e0 Conakry.<\/strong><\/p>\n","protected":false},"excerpt":{"rendered":"<p>La reprise des \u00e9v\u00e8nements du 28 septembre 2009 entame ce lundi, 15 avril 2024 devant le tribunal criminel, o\u00f9 l\u2019attention est riv\u00e9e sur la confrontation entre Moussa Dadis CAMARA, Aboubacar Toumba DIAKIT\u00c9 et Marcel GUILAVOGUI. Aboubacar Toumba DIAKIT\u00c9 \u00e0 la barre d\u00e9clare : \u00ab Des d\u00e9crets ont \u00e9t\u00e9 pris pour nommer un commandant du R\u00e9giment [&hellip;]<\/p>\n","protected":false},"author":123457,"featured_media":6091,"comment_status":"open","ping_status":"open","sticky":false,"template":"","format":"standard","meta":{"_acf_changed":false,"footnotes":""},"categories":[11,2],"tags":[],"class_list":["post-6090","post","type-post","status-publish","format-standard","has-post-thumbnail","hentry","category-actualite","category-politique"],"acf":[],"_links":{"self":[{"href":"https:\/\/lereveil224.info\/index.php\/wp-json\/wp\/v2\/posts\/6090","targetHints":{"allow":["GET"]}}],"collection":[{"href":"https:\/\/lereveil224.info\/index.php\/wp-json\/wp\/v2\/posts"}],"about":[{"href":"https:\/\/lereveil224.info\/index.php\/wp-json\/wp\/v2\/types\/post"}],"author":[{"embeddable":true,"href":"https:\/\/lereveil224.info\/index.php\/wp-json\/wp\/v2\/users\/123457"}],"replies":[{"embeddable":true,"href":"https:\/\/lereveil224.info\/index.php\/wp-json\/wp\/v2\/comments?post=6090"}],"version-history":[{"count":1,"href":"https:\/\/lereveil224.info\/index.php\/wp-json\/wp\/v2\/posts\/6090\/revisions"}],"predecessor-version":[{"id":6092,"href":"https:\/\/lereveil224.info\/index.php\/wp-json\/wp\/v2\/posts\/6090\/revisions\/6092"}],"wp:featuredmedia":[{"embeddable":true,"href":"https:\/\/lereveil224.info\/index.php\/wp-json\/wp\/v2\/media\/6091"}],"wp:attachment":[{"href":"https:\/\/lereveil224.info\/index.php\/wp-json\/wp\/v2\/media?parent=6090"}],"wp:term":[{"taxonomy":"category","embeddable":true,"href":"https:\/\/lereveil224.info\/index.php\/wp-json\/wp\/v2\/categories?post=6090"},{"taxonomy":"post_tag","embeddable":true,"href":"https:\/\/lereveil224.info\/index.php\/wp-json\/wp\/v2\/tags?post=6090"}],"curies":[{"name":"wp","href":"https:\/\/api.w.org\/{rel}","templated":true}]}}