{"id":6077,"date":"2024-04-13T10:07:08","date_gmt":"2024-04-13T10:07:08","guid":{"rendered":"https:\/\/lereveil224.info\/?p=6077"},"modified":"2024-04-13T10:07:09","modified_gmt":"2024-04-13T10:07:09","slug":"guinee-le-collectif-de-la-defense-de-docteur-mohamed-diane-a-decide-de-suspendre-son-assistance-au-proces","status":"publish","type":"post","link":"https:\/\/lereveil224.info\/index.php\/2024\/04\/13\/guinee-le-collectif-de-la-defense-de-docteur-mohamed-diane-a-decide-de-suspendre-son-assistance-au-proces\/","title":{"rendered":"Guin\u00e9e : Le collectif de la d\u00e9fense de Docteur Mohamed DIAN\u00c9 a d\u00e9cid\u00e9 de suspendre son assistance au proc\u00e8s"},"content":{"rendered":"\n<p>Devant la chambre de Jugement de la Cour de R\u00e9pression des Infractions \u00c9conomiques et Financi\u00e8re, le collectif de la d\u00e9fense de Docteur Mohamed DIAN\u00c9 a d\u00e9cid\u00e9 de suspendre son assistance au proc\u00e8s. Le collectif est maintenant convaincu que le Docteur DIANE ne pourra jamais b\u00e9n\u00e9ficier d\u2019un proc\u00e8s \u00e9quitable et c\u2019est pourquoi une correspondance \u00e9voquant les motifs de sa d\u00e9cision a \u00e9t\u00e9 port\u00e9e \u00e0 la connaissance de la Chambre de Jugement depuis le 28 mars 2024.<\/p>\n\n\n\n<p>Le Procureur Sp\u00e9cial de la Cour de R\u00e9pression des Infractions \u00c9conomiques et Financi\u00e8res a proc\u00e9d\u00e9 impun\u00e9ment \u00e0 un d\u00e9tournement flagrant de proc\u00e9dure, pour donner une apparence de l\u00e9galit\u00e9 au mandat de d\u00e9p\u00f4t du 6 avril 2022 qui est \u00e0 ce jour le seul titre de d\u00e9tention re\u00e7u par la Maison Centrale de Conakry.<\/p>\n\n\n\n<p>L\u2019opinion nationale et internationale est inform\u00e9e de la d\u00e9cision rendue depuis le 16 octobre 2023 par la Cour Commune de Justice de la communaut\u00e9 CEDEAO qui a non seulement constat\u00e9 que d\u00e8s l\u2019engagement des poursuites la pr\u00e9somption d\u2019innocent du Docteur DIANE a \u00e9t\u00e9 viol\u00e9e mais encore que sa d\u00e9tention \u00e9tait arbitraire.<\/p>\n\n\n\n<p>Le 15 Mars 2024, le nouveau Ministre de la Justice avait ouvertement affirm\u00e9 qu\u2019il allait s\u2019investir pour que la Guin\u00e9e garantisse \u00ab La jouissance enfin effective des droits de l\u2019homme pour tous \u00bb et veillera \u00ab au respect des obligations contenues dans les trait\u00e9s et conventions dont la Guin\u00e9e est partie en mati\u00e8re de droits de l\u2019homme \u00bb.<\/p>\n\n\n\n<p>L\u2019occasion est offerte \u00e0 l\u2019actuel Ministre de la Justice d\u2019intimer l\u2019ordre \u00e0 l\u2019omnipotent Procureur Sp\u00e9cial de lever le seul mandat qui a \u00e9t\u00e9 enregistr\u00e9 \u00e0 la Maison Centrale de Conakry pour une comparution libre du Docteur Mohamed DIANE et l\u2019article 37 du code de proc\u00e9dure p\u00e9nale l\u2019y autorise.<\/p>\n\n\n\n<p>Il faut noter que le Procureur Sp\u00e9cial d\u00e9nie au Docteur DIANE jusqu\u2019\u00e0 son droit \u00e0 la sant\u00e9 et l\u2019ancien Ministre de la Justice Charles WRIGHT, avait d\u00e9clar\u00e9 le 17 janvier 2024, que \u00ab Cette CRIEF l\u00e0, sert \u00e0 quoi ? J\u2019ai dit aucune institution judiciaire ne peut \u00eatre un instrument de chasse aux sorci\u00e8res \u00bb.<\/p>\n\n\n\n<p><strong>Mamadouba CAMARA correspondant \u00e0 Conakry<\/strong><\/p>\n","protected":false},"excerpt":{"rendered":"<p>Devant la chambre de Jugement de la Cour de R\u00e9pression des Infractions \u00c9conomiques et Financi\u00e8re, le collectif de la d\u00e9fense de Docteur Mohamed DIAN\u00c9 a d\u00e9cid\u00e9 de suspendre son assistance au proc\u00e8s. Le collectif est maintenant convaincu que le Docteur DIANE ne pourra jamais b\u00e9n\u00e9ficier d\u2019un proc\u00e8s \u00e9quitable et c\u2019est pourquoi une correspondance \u00e9voquant les [&hellip;]<\/p>\n","protected":false},"author":123457,"featured_media":6078,"comment_status":"open","ping_status":"open","sticky":false,"template":"","format":"standard","meta":{"_acf_changed":false,"footnotes":""},"categories":[11,2],"tags":[],"class_list":["post-6077","post","type-post","status-publish","format-standard","has-post-thumbnail","hentry","category-actualite","category-politique"],"acf":[],"_links":{"self":[{"href":"https:\/\/lereveil224.info\/index.php\/wp-json\/wp\/v2\/posts\/6077","targetHints":{"allow":["GET"]}}],"collection":[{"href":"https:\/\/lereveil224.info\/index.php\/wp-json\/wp\/v2\/posts"}],"about":[{"href":"https:\/\/lereveil224.info\/index.php\/wp-json\/wp\/v2\/types\/post"}],"author":[{"embeddable":true,"href":"https:\/\/lereveil224.info\/index.php\/wp-json\/wp\/v2\/users\/123457"}],"replies":[{"embeddable":true,"href":"https:\/\/lereveil224.info\/index.php\/wp-json\/wp\/v2\/comments?post=6077"}],"version-history":[{"count":1,"href":"https:\/\/lereveil224.info\/index.php\/wp-json\/wp\/v2\/posts\/6077\/revisions"}],"predecessor-version":[{"id":6079,"href":"https:\/\/lereveil224.info\/index.php\/wp-json\/wp\/v2\/posts\/6077\/revisions\/6079"}],"wp:featuredmedia":[{"embeddable":true,"href":"https:\/\/lereveil224.info\/index.php\/wp-json\/wp\/v2\/media\/6078"}],"wp:attachment":[{"href":"https:\/\/lereveil224.info\/index.php\/wp-json\/wp\/v2\/media?parent=6077"}],"wp:term":[{"taxonomy":"category","embeddable":true,"href":"https:\/\/lereveil224.info\/index.php\/wp-json\/wp\/v2\/categories?post=6077"},{"taxonomy":"post_tag","embeddable":true,"href":"https:\/\/lereveil224.info\/index.php\/wp-json\/wp\/v2\/tags?post=6077"}],"curies":[{"name":"wp","href":"https:\/\/api.w.org\/{rel}","templated":true}]}}