{"id":6072,"date":"2024-04-11T12:19:42","date_gmt":"2024-04-11T12:19:42","guid":{"rendered":"https:\/\/lereveil224.info\/?p=6072"},"modified":"2024-04-11T12:19:43","modified_gmt":"2024-04-11T12:19:43","slug":"guinee-electricite-bah-oury-promet-de-trouver-des-solutions","status":"publish","type":"post","link":"https:\/\/lereveil224.info\/index.php\/2024\/04\/11\/guinee-electricite-bah-oury-promet-de-trouver-des-solutions\/","title":{"rendered":"Guin\u00e9e-\u00c9lectricit\u00e9 : BAH Oury promet de trouver des solutions"},"content":{"rendered":"\n<p>Les citoyens de Conakry rencontre tous les jours des difficult\u00e9s li\u00e9es aux coupures d&rsquo;\u00e9lectricit\u00e9. Les autorit\u00e9s de la transition assurent travailler \u00e0 r\u00e9soudre cette crise. Le Premier ministre Amadou Oury BAH a abord\u00e9 cette question cruciale apr\u00e8s la grande pri\u00e8re de l\u2019A\u00efd El Fitr, marquant la fin du mois de Ramadan.<\/p>\n\n\n\n<p>Le chef du gouvernement, tout en exprimant ses v\u0153ux pour la Guin\u00e9e, a annonc\u00e9 la mise en place de mesures pour pallier la crise \u00e9nerg\u00e9tique.<\/p>\n\n\n\n<p>Il a rappel\u00e9 que le mois de Ramadan a \u00e9t\u00e9 marqu\u00e9 par une p\u00e9nurie persistante d\u2019\u00e9lectricit\u00e9, affectant gravement la vie quotidienne des Guin\u00e9ens. Le Premier ministre a affirm\u00e9 que son gouvernement est conscient de la souffrance et des difficult\u00e9s caus\u00e9es par cette situation.<\/p>\n\n\n\n<p>\u00ab Nous assurons, que tout est mis \u0153uvre pour abr\u00e9ger ce calvaire collectif. Dans les prochains jours, par la gr\u00e2ce de Dieu le Ministre de l\u2019\u00e9nergie fera une communication \u00e0 ce propos \u00bb, a d\u00e9clar\u00e9 le Premier Ministre.<\/p>\n\n\n\n<p>Dans cette m\u00eame perspective, il est \u00e0 signaler qu&rsquo;hier malgr\u00e9 que c&rsquo;\u00e9tait le jour de la f\u00eate, certains quartiers de la capitale se retrouvaient sans \u00e9lectricit\u00e9 de 19h \u00e0 00h.<\/p>\n\n\n\n<p><strong>Mamadouba CAMARA correspondant \u00e0 Conakry<\/strong><\/p>\n","protected":false},"excerpt":{"rendered":"<p>Les citoyens de Conakry rencontre tous les jours des difficult\u00e9s li\u00e9es aux coupures d&rsquo;\u00e9lectricit\u00e9. Les autorit\u00e9s de la transition assurent travailler \u00e0 r\u00e9soudre cette crise. Le Premier ministre Amadou Oury BAH a abord\u00e9 cette question cruciale apr\u00e8s la grande pri\u00e8re de l\u2019A\u00efd El Fitr, marquant la fin du mois de Ramadan. Le chef du gouvernement, [&hellip;]<\/p>\n","protected":false},"author":123457,"featured_media":5945,"comment_status":"open","ping_status":"open","sticky":false,"template":"","format":"standard","meta":{"_acf_changed":false,"footnotes":""},"categories":[11,2],"tags":[],"class_list":["post-6072","post","type-post","status-publish","format-standard","has-post-thumbnail","hentry","category-actualite","category-politique"],"acf":[],"_links":{"self":[{"href":"https:\/\/lereveil224.info\/index.php\/wp-json\/wp\/v2\/posts\/6072","targetHints":{"allow":["GET"]}}],"collection":[{"href":"https:\/\/lereveil224.info\/index.php\/wp-json\/wp\/v2\/posts"}],"about":[{"href":"https:\/\/lereveil224.info\/index.php\/wp-json\/wp\/v2\/types\/post"}],"author":[{"embeddable":true,"href":"https:\/\/lereveil224.info\/index.php\/wp-json\/wp\/v2\/users\/123457"}],"replies":[{"embeddable":true,"href":"https:\/\/lereveil224.info\/index.php\/wp-json\/wp\/v2\/comments?post=6072"}],"version-history":[{"count":1,"href":"https:\/\/lereveil224.info\/index.php\/wp-json\/wp\/v2\/posts\/6072\/revisions"}],"predecessor-version":[{"id":6073,"href":"https:\/\/lereveil224.info\/index.php\/wp-json\/wp\/v2\/posts\/6072\/revisions\/6073"}],"wp:featuredmedia":[{"embeddable":true,"href":"https:\/\/lereveil224.info\/index.php\/wp-json\/wp\/v2\/media\/5945"}],"wp:attachment":[{"href":"https:\/\/lereveil224.info\/index.php\/wp-json\/wp\/v2\/media?parent=6072"}],"wp:term":[{"taxonomy":"category","embeddable":true,"href":"https:\/\/lereveil224.info\/index.php\/wp-json\/wp\/v2\/categories?post=6072"},{"taxonomy":"post_tag","embeddable":true,"href":"https:\/\/lereveil224.info\/index.php\/wp-json\/wp\/v2\/tags?post=6072"}],"curies":[{"name":"wp","href":"https:\/\/api.w.org\/{rel}","templated":true}]}}