{"id":6065,"date":"2024-04-10T12:03:57","date_gmt":"2024-04-10T12:03:57","guid":{"rendered":"https:\/\/lereveil224.info\/?p=6065"},"modified":"2024-04-10T22:22:11","modified_gmt":"2024-04-10T22:22:11","slug":"nzerekore-limam-appel-les-fideles-au-monotheisme-pur-dans-ladoration","status":"publish","type":"post","link":"https:\/\/lereveil224.info\/index.php\/2024\/04\/10\/nzerekore-limam-appel-les-fideles-au-monotheisme-pur-dans-ladoration\/","title":{"rendered":"N&rsquo;Z\u00e9r\u00e9kor\u00e9 : L&rsquo;imam appel les fid\u00e8les au monotheisme pur dans l&rsquo;adoration"},"content":{"rendered":"\n<p>Ce mercredi 10 avril 2024, la mosqu\u00e9e r\u00e9gionale de N&rsquo;Z\u00e9r\u00e9kor\u00e9, a servi de cadre \u00e0 la tenue de la pri\u00e8re marquant la fin de 29 jours de je\u00fbne pour les fid\u00e8les musulmans.<\/p>\n\n\n\n<p>C&rsquo;est devant des fid\u00e8les fortement mobilis\u00e9s que Elhadji Oumar CISS\u00c9, iman de la mosqu\u00e9e r\u00e9gionale de N&rsquo;Z\u00e9r\u00e9kor\u00e9, qui apr\u00e8s avoir dirig\u00e9 la pri\u00e8re a dans son sermon dit &lt;&lt; En cette p\u00e9riode o\u00f9 nous c\u00e9l\u00e9brons la fin du mois de ramadan apr\u00e8s 29 jours de je\u00fbne, est une occasion de joie pour nous et nos familles. C&rsquo;est pourquoi nous interpellons les fid\u00e8les musulmans, \u00e0 croire en Dieu et de suivre notre proph\u00e8te Mohammed paix et salut sur lui, sa famille et ses compagnons. Mais aussi au respect de nos autorit\u00e9s dans notre quotidien&gt;&gt;<\/p>\n\n\n\n<p>Poursuivant, l&rsquo;imam pr\u00e9cise &lt;&lt; Ceux qui ont je\u00fbn\u00e9 29 jours conform\u00e9ment au communiqu\u00e9 du gouvernement \u00e0 travers le secr\u00e9tariat g\u00e9n\u00e9ral des affaires religieuses n&rsquo;ont rien \u00e0 se reprocher ou \u00e0 rembourser, car leur comportement et le respect de l&rsquo;autorit\u00e9 font partir des principes islamique. Lorsque l&rsquo;autorit\u00e9 dit de commencer le je\u00fbne ou de faire la f\u00eate, on ne doit pas aller \u00e0 l&rsquo;encontre de cette d\u00e9cision. Il faut que cel\u00e0 soit claire pour tous les fid\u00e8les musulmans. L&rsquo;islam est fond\u00e9e sur des r\u00e8gles et principes et leurs respects est une obligation pour le musulman. L&rsquo;islam n&rsquo;est pas une religion ou on fait ce qu&rsquo;on veut et on laisse ce que l&rsquo;on veut. Donc il faut que nous ayons la culture de respecter nos autorit\u00e9s conform\u00e9ment aux principes islamique. Nous devons profiter de cette transition pour implorer la gr\u00e2ce de Dieu pour qu&rsquo;elle se passe dans de bonnes conditions et que le futur pr\u00e9sident soit quelqu&rsquo;un qui a le soucis de la Guin\u00e9e et des guin\u00e9ens&gt;&gt;<\/p>\n\n\n\n<p>Nous remercions les autorit\u00e9s de la r\u00e9gion pour la p\u00e9rennisation de la paix et de la coh\u00e9sion sociale \u00e0 N&rsquo;Z\u00e9r\u00e9kor\u00e9. Ce qui aujourd&rsquo;hui favorise la cohabitation et l&rsquo;acceptation dans la diff\u00e9rence, conclura t-il.<\/p>\n\n\n<div class=\"wp-block-image\">\n<figure class=\"aligncenter size-full\"><img fetchpriority=\"high\" decoding=\"async\" width=\"960\" height=\"540\" src=\"https:\/\/lereveil224.info\/wp-content\/uploads\/2024\/04\/IMG-20240410-WA0003.jpg\" alt=\"\" class=\"wp-image-6070\" srcset=\"https:\/\/lereveil224.info\/wp-content\/uploads\/2024\/04\/IMG-20240410-WA0003.jpg 960w, https:\/\/lereveil224.info\/wp-content\/uploads\/2024\/04\/IMG-20240410-WA0003-300x169.jpg 300w, https:\/\/lereveil224.info\/wp-content\/uploads\/2024\/04\/IMG-20240410-WA0003-768x432.jpg 768w\" sizes=\"(max-width: 960px) 100vw, 960px\" \/><\/figure>\n<\/div>\n\n\n<p>Pour le contr\u00f4leur G\u00e9n\u00e9ral de police Lamine KEITA, gouverneur de la r\u00e9gion administrative de N&rsquo;Z\u00e9r\u00e9kor\u00e9 &lt;&lt; C\u00e9l\u00e9brer la f\u00eate dans la tranquillit\u00e9, la paix et l&rsquo;unit\u00e9 est un sentiment de joie et de fiert\u00e9. C&rsquo;est pourquoi au nom du pr\u00e9sident le G\u00e9n\u00e9ral des corps d&rsquo;arm\u00e9e Mamadi DOUMBOUYA, j&rsquo;interpelle les braves populations de N&rsquo;Z\u00e9r\u00e9kor\u00e9, au renforcement de la coh\u00e9sion et \u00e0 la p\u00e9rennisation de la paix. Car notre diversit\u00e9 religieuse, linguistique, r\u00e9gionaliste et culturelle doit \u00eatre un atout pour le d\u00e9veloppement socio\u00e9conomique de notre r\u00e9gion&gt;&gt;<\/p>\n\n\n\n<p>&lt;&lt; Toute ma compassion \u00e0 l&rsquo;endroit des diff\u00e9rentes familles victimes lors de la s\u00e9rie de tornades que la r\u00e9gion a connue durant la semaine \u00e9coul\u00e9e. C&rsquo;est pourquoi j&rsquo;exhorte les populations de N&rsquo;Z\u00e9r\u00e9kor\u00e9, d&rsquo;oeuvrer inlassablement \u00e0 la protection de l&rsquo;environnement car notre devenir et l&rsquo;avenir de nos enfants d\u00e9pendront de notre engagement pour la protection et la restauration de notre environnement&gt;&gt; dira le gouverneur de N&rsquo;Z\u00e9r\u00e9kor\u00e9.<\/p>\n\n\n\n<p>A notre que le gouverneur \u00e9tait accompagn\u00e9 par son directeur de cabinet Elhadji Tidiane SOUMAH, le directeur r\u00e9gional des douanes Colonel Thala DIAKIT\u00c9, du directeur r\u00e9gional de la s\u00fbret\u00e9 Colonel Almamy Balla CONT\u00c9, du Secr\u00e9taire G\u00e9n\u00e9ral de l&rsquo;universit\u00e9 de N&rsquo;Z\u00e9r\u00e9kor\u00e9 Alpha Oumar BALD\u00c9, du commandant de la CMIS Colonel Mamadou SANGAR\u00c9 ainsi que de plusieurs autres cadres sous la coordination du secr\u00e9taire g\u00e9n\u00e9ral des affaires religieuses de N&rsquo;Z\u00e9r\u00e9kor\u00e9 Elhadji Amadou SOUMAORO.<\/p>\n\n\n\n<p><strong>C\u00e9 Wilson MAOMY<\/strong> <strong>correspondant \u00e0 N&rsquo;Z\u00e9r\u00e9kor\u00e9<\/strong><\/p>\n","protected":false},"excerpt":{"rendered":"<p>Ce mercredi 10 avril 2024, la mosqu\u00e9e r\u00e9gionale de N&rsquo;Z\u00e9r\u00e9kor\u00e9, a servi de cadre \u00e0 la tenue de la pri\u00e8re marquant la fin de 29 jours de je\u00fbne pour les fid\u00e8les musulmans. C&rsquo;est devant des fid\u00e8les fortement mobilis\u00e9s que Elhadji Oumar CISS\u00c9, iman de la mosqu\u00e9e r\u00e9gionale de N&rsquo;Z\u00e9r\u00e9kor\u00e9, qui apr\u00e8s avoir dirig\u00e9 la pri\u00e8re [&hellip;]<\/p>\n","protected":false},"author":123457,"featured_media":6068,"comment_status":"open","ping_status":"open","sticky":false,"template":"","format":"standard","meta":{"_acf_changed":false,"footnotes":""},"categories":[11,18,27],"tags":[],"class_list":["post-6065","post","type-post","status-publish","format-standard","has-post-thumbnail","hentry","category-actualite","category-region","category-religieux"],"acf":[],"_links":{"self":[{"href":"https:\/\/lereveil224.info\/index.php\/wp-json\/wp\/v2\/posts\/6065","targetHints":{"allow":["GET"]}}],"collection":[{"href":"https:\/\/lereveil224.info\/index.php\/wp-json\/wp\/v2\/posts"}],"about":[{"href":"https:\/\/lereveil224.info\/index.php\/wp-json\/wp\/v2\/types\/post"}],"author":[{"embeddable":true,"href":"https:\/\/lereveil224.info\/index.php\/wp-json\/wp\/v2\/users\/123457"}],"replies":[{"embeddable":true,"href":"https:\/\/lereveil224.info\/index.php\/wp-json\/wp\/v2\/comments?post=6065"}],"version-history":[{"count":2,"href":"https:\/\/lereveil224.info\/index.php\/wp-json\/wp\/v2\/posts\/6065\/revisions"}],"predecessor-version":[{"id":6071,"href":"https:\/\/lereveil224.info\/index.php\/wp-json\/wp\/v2\/posts\/6065\/revisions\/6071"}],"wp:featuredmedia":[{"embeddable":true,"href":"https:\/\/lereveil224.info\/index.php\/wp-json\/wp\/v2\/media\/6068"}],"wp:attachment":[{"href":"https:\/\/lereveil224.info\/index.php\/wp-json\/wp\/v2\/media?parent=6065"}],"wp:term":[{"taxonomy":"category","embeddable":true,"href":"https:\/\/lereveil224.info\/index.php\/wp-json\/wp\/v2\/categories?post=6065"},{"taxonomy":"post_tag","embeddable":true,"href":"https:\/\/lereveil224.info\/index.php\/wp-json\/wp\/v2\/tags?post=6065"}],"curies":[{"name":"wp","href":"https:\/\/api.w.org\/{rel}","templated":true}]}}