{"id":5993,"date":"2024-03-22T05:37:50","date_gmt":"2024-03-22T05:37:50","guid":{"rendered":"https:\/\/lereveil224.info\/?p=5993"},"modified":"2024-03-22T05:37:51","modified_gmt":"2024-03-22T05:37:51","slug":"lola-25-tonnes-de-produits-impropres-a-la-consommation-incineres","status":"publish","type":"post","link":"https:\/\/lereveil224.info\/index.php\/2024\/03\/22\/lola-25-tonnes-de-produits-impropres-a-la-consommation-incineres\/","title":{"rendered":"Lola: 25 tonnes de produits impropres \u00e0 la consommation incin\u00e9r\u00e9s"},"content":{"rendered":"\n<p>Dans la dynamique de lib\u00e9rer le march\u00e9 de Lola, des produits impropres \u00e0 la consommation, le Colonel C\u00e9c\u00e9 MAOMOU, pr\u00e9fet de Lola entour\u00e9 du secr\u00e9taire g\u00e9n\u00e9ral charg\u00e9 des affaires administratives, des autorit\u00e9s judiciaires et militaires ont proc\u00e9d\u00e9 \u00e0 l&rsquo;incin\u00e9ration de plus de 25 tonnes de produits impropres \u00e0 la consommation, ce jeudi 21 mars 2023.<\/p>\n\n\n\n<p>En effet, c&rsquo;est apr\u00e8s une vaste op\u00e9ration de saisie des produits alimentaires et sanitaires, par les services de contr\u00f4le de qualit\u00e9 de Lola, que cette incin\u00e9ration \u00e0 \u00e9t\u00e9 effective en pr\u00e9sence des autorit\u00e9s. La pr\u00e9sence de ses autorit\u00e9s souligne l&rsquo;importance qu&rsquo;elles accordent \u00e0 la s\u00e9curit\u00e9 alimentaire des populations.<\/p>\n\n\n<div class=\"wp-block-image\">\n<figure class=\"aligncenter size-large\"><img fetchpriority=\"high\" decoding=\"async\" width=\"1024\" height=\"768\" src=\"https:\/\/lereveil224.info\/wp-content\/uploads\/2024\/03\/IMG-20240321-WA0004-1024x768.jpg\" alt=\"\" class=\"wp-image-5983\" srcset=\"https:\/\/lereveil224.info\/wp-content\/uploads\/2024\/03\/IMG-20240321-WA0004-1024x768.jpg 1024w, https:\/\/lereveil224.info\/wp-content\/uploads\/2024\/03\/IMG-20240321-WA0004-300x225.jpg 300w, https:\/\/lereveil224.info\/wp-content\/uploads\/2024\/03\/IMG-20240321-WA0004-768x576.jpg 768w, https:\/\/lereveil224.info\/wp-content\/uploads\/2024\/03\/IMG-20240321-WA0004-86x64.jpg 86w, https:\/\/lereveil224.info\/wp-content\/uploads\/2024\/03\/IMG-20240321-WA0004.jpg 1040w\" sizes=\"(max-width: 1024px) 100vw, 1024px\" \/><\/figure>\n<\/div>\n\n\n<p>C&rsquo;est pourquoi le Colonel C\u00e9c\u00e9 MAOMOU, tr\u00e8s d\u00e9termin\u00e9 pr\u00e9cise &lt;&lt; comme le veut son excellence G\u00e9n\u00e9ral Mamadi DOUMBOUYA, notre mission est d&rsquo;assurer la s\u00e9curit\u00e9 physique mais aussi alimentaire de nos populations. Car on ne peut pas parler d&rsquo;une population en bonne sant\u00e9, sans veiller sur les produits consomm\u00e9s et vendus dans nos diff\u00e9rents march\u00e9s. C&rsquo;est pourquoi je profite de cette occasion pour remercier les services de contr\u00f4le de qualit\u00e9 pour le travail abattu sur le terrain afin de d\u00e9barrasser le march\u00e9 de Lola, des produits impropres \u00e0 la consommation>> dira t-il.<\/p>\n\n\n\n<p>A noter que les march\u00e9s des sous-pr\u00e9fectures de Lola seront les prochaines \u00e9tapes des op\u00e9rations de contr\u00f4les et de saisie des produits impropres \u00e0 la consommation des produits par les services de contr\u00f4le de qualit\u00e9.<\/p>\n","protected":false},"excerpt":{"rendered":"<p>Dans la dynamique de lib\u00e9rer le march\u00e9 de Lola, des produits impropres \u00e0 la consommation, le Colonel C\u00e9c\u00e9 MAOMOU, pr\u00e9fet de Lola entour\u00e9 du secr\u00e9taire g\u00e9n\u00e9ral charg\u00e9 des affaires administratives, des autorit\u00e9s judiciaires et militaires ont proc\u00e9d\u00e9 \u00e0 l&rsquo;incin\u00e9ration de plus de 25 tonnes de produits impropres \u00e0 la consommation, ce jeudi 21 mars 2023. [&hellip;]<\/p>\n","protected":false},"author":123457,"featured_media":5985,"comment_status":"open","ping_status":"open","sticky":false,"template":"","format":"standard","meta":{"_acf_changed":false,"footnotes":""},"categories":[11,18],"tags":[],"class_list":["post-5993","post","type-post","status-publish","format-standard","has-post-thumbnail","hentry","category-actualite","category-region"],"acf":[],"_links":{"self":[{"href":"https:\/\/lereveil224.info\/index.php\/wp-json\/wp\/v2\/posts\/5993","targetHints":{"allow":["GET"]}}],"collection":[{"href":"https:\/\/lereveil224.info\/index.php\/wp-json\/wp\/v2\/posts"}],"about":[{"href":"https:\/\/lereveil224.info\/index.php\/wp-json\/wp\/v2\/types\/post"}],"author":[{"embeddable":true,"href":"https:\/\/lereveil224.info\/index.php\/wp-json\/wp\/v2\/users\/123457"}],"replies":[{"embeddable":true,"href":"https:\/\/lereveil224.info\/index.php\/wp-json\/wp\/v2\/comments?post=5993"}],"version-history":[{"count":1,"href":"https:\/\/lereveil224.info\/index.php\/wp-json\/wp\/v2\/posts\/5993\/revisions"}],"predecessor-version":[{"id":5994,"href":"https:\/\/lereveil224.info\/index.php\/wp-json\/wp\/v2\/posts\/5993\/revisions\/5994"}],"wp:featuredmedia":[{"embeddable":true,"href":"https:\/\/lereveil224.info\/index.php\/wp-json\/wp\/v2\/media\/5985"}],"wp:attachment":[{"href":"https:\/\/lereveil224.info\/index.php\/wp-json\/wp\/v2\/media?parent=5993"}],"wp:term":[{"taxonomy":"category","embeddable":true,"href":"https:\/\/lereveil224.info\/index.php\/wp-json\/wp\/v2\/categories?post=5993"},{"taxonomy":"post_tag","embeddable":true,"href":"https:\/\/lereveil224.info\/index.php\/wp-json\/wp\/v2\/tags?post=5993"}],"curies":[{"name":"wp","href":"https:\/\/api.w.org\/{rel}","templated":true}]}}