{"id":5977,"date":"2024-03-21T21:02:40","date_gmt":"2024-03-21T21:02:40","guid":{"rendered":"https:\/\/lereveil224.info\/?p=5977"},"modified":"2024-03-22T05:02:07","modified_gmt":"2024-03-22T05:02:07","slug":"nzerekore-le-gouverneur-lamine-keita-visite-les-chantiers-de-letat","status":"publish","type":"post","link":"https:\/\/lereveil224.info\/index.php\/2024\/03\/21\/nzerekore-le-gouverneur-lamine-keita-visite-les-chantiers-de-letat\/","title":{"rendered":"N&rsquo;Z\u00e9r\u00e9kor\u00e9 : Le Gouverneur Lamine KE\u00cfTA, visite les chantiers de l&rsquo;\u00c9tat"},"content":{"rendered":"\n<p>Soucieux de la qualit\u00e9 mais aussi du respect des d\u00e9lais de r\u00e9alisations des chantiers engag\u00e9s par le CNRD dans sa juridiction, le contr\u00f4leur g\u00e9n\u00e9ral de police Lamine KEITA, Gouverneur de la R\u00e9gion Administrative, accompagn\u00e9 du Pr\u00e9fet Colonel Alseny CAMARA, a effectu\u00e9 une visite inopin\u00e9e pour toucher du doigt l&rsquo;\u00e9tat d&rsquo;avancement des travaux de construction et de r\u00e9novation des infrastructures d&rsquo;utilit\u00e9 publique dans le chef lieu de la r\u00e9gion.<\/p>\n\n\n<div class=\"wp-block-image\">\n<figure class=\"aligncenter size-full\"><img fetchpriority=\"high\" decoding=\"async\" width=\"768\" height=\"745\" src=\"https:\/\/lereveil224.info\/wp-content\/uploads\/2024\/03\/IMG-20240322-WA0005_1.jpg\" alt=\"\" class=\"wp-image-5988\" srcset=\"https:\/\/lereveil224.info\/wp-content\/uploads\/2024\/03\/IMG-20240322-WA0005_1.jpg 768w, https:\/\/lereveil224.info\/wp-content\/uploads\/2024\/03\/IMG-20240322-WA0005_1-300x291.jpg 300w\" sizes=\"(max-width: 768px) 100vw, 768px\" \/><\/figure>\n<\/div>\n\n\n<p>En effet, cette visite a d\u00e9but\u00e9e par l&rsquo;inspection R\u00e9gionale du Plan suivie de la Direction R\u00e9gionale des Douanes en passant par L&rsquo;h\u00f4tel des finances publiques et le Si\u00e8ge de la Radio Rurale de N&rsquo;Z\u00e9r\u00e9kor\u00e9.<br>Partout le Gouverneur a appel\u00e9 les entreprises contractantes aux respects des d\u00e9lais d&rsquo;ex\u00e9cutions dans la qualit\u00e9. Car selon lui&lt; c&rsquo;est l&rsquo;argent du contribuable guin\u00e9ens qui est utilis\u00e9. Et par cons\u00e9quent nous avons l&rsquo;obligation de veiller \u00e0 l&rsquo;utilisation rationnelle et efficace de ces fonds&gt;<br>Constatant le retard de certains chantiers, le gouverneur a mis les entrepreneurs en demeure \u00e0 la poursuite des chantiers nuit et jour car N&rsquo;Z\u00e9r\u00e9kor\u00e9 a l&rsquo;\u00e9lectricit\u00e9 24h\/24.<\/p>\n\n\n\n<p>\u00c0 noter que, les responsables des cahiers en retard ont \u00e9t\u00e9 recu par le gouverneur le m\u00eame jour mercredi 20 mars, pour impulser une nouvelle dynamique dans la r\u00e9alisation des chantiers de l&rsquo;\u00e9tat conform\u00e9ment \u00e0 la vision \u00e9clair\u00e9e du pr\u00e9sident de la R\u00e9publique le G\u00e9n\u00e9ral Mamadi DOUMBOUYA.<br>Les pr\u00e9fectures de Gueckedou, Macenta, Beyla, Lola et Yomou, seront les prochaines \u00e9tapes.<\/p>\n\n\n\n<figure class=\"wp-block-gallery has-nested-images columns-default is-cropped\"><div class=\"wp-block-image\">\n<figure class=\"aligncenter size-full\"><img decoding=\"async\" width=\"1024\" height=\"768\" data-id=\"5990\" src=\"https:\/\/lereveil224.info\/wp-content\/uploads\/2024\/03\/IMG-20240322-WA0004.jpg\" alt=\"\" class=\"wp-image-5990\" srcset=\"https:\/\/lereveil224.info\/wp-content\/uploads\/2024\/03\/IMG-20240322-WA0004.jpg 1024w, https:\/\/lereveil224.info\/wp-content\/uploads\/2024\/03\/IMG-20240322-WA0004-300x225.jpg 300w, https:\/\/lereveil224.info\/wp-content\/uploads\/2024\/03\/IMG-20240322-WA0004-768x576.jpg 768w, https:\/\/lereveil224.info\/wp-content\/uploads\/2024\/03\/IMG-20240322-WA0004-86x64.jpg 86w\" sizes=\"(max-width: 1024px) 100vw, 1024px\" \/><\/figure>\n<\/div><\/figure>\n\n\n\n<p class=\"has-text-align-center\"><strong>Sanassa SINAYO<\/strong> <strong>pour lereveil224.info<\/strong><\/p>\n","protected":false},"excerpt":{"rendered":"<p>Soucieux de la qualit\u00e9 mais aussi du respect des d\u00e9lais de r\u00e9alisations des chantiers engag\u00e9s par le CNRD dans sa juridiction, le contr\u00f4leur g\u00e9n\u00e9ral de police Lamine KEITA, Gouverneur de la R\u00e9gion Administrative, accompagn\u00e9 du Pr\u00e9fet Colonel Alseny CAMARA, a effectu\u00e9 une visite inopin\u00e9e pour toucher du doigt l&rsquo;\u00e9tat d&rsquo;avancement des travaux de construction et [&hellip;]<\/p>\n","protected":false},"author":123457,"featured_media":5989,"comment_status":"open","ping_status":"open","sticky":false,"template":"","format":"standard","meta":{"_acf_changed":false,"footnotes":""},"categories":[11,18],"tags":[],"class_list":["post-5977","post","type-post","status-publish","format-standard","has-post-thumbnail","hentry","category-actualite","category-region"],"acf":[],"_links":{"self":[{"href":"https:\/\/lereveil224.info\/index.php\/wp-json\/wp\/v2\/posts\/5977","targetHints":{"allow":["GET"]}}],"collection":[{"href":"https:\/\/lereveil224.info\/index.php\/wp-json\/wp\/v2\/posts"}],"about":[{"href":"https:\/\/lereveil224.info\/index.php\/wp-json\/wp\/v2\/types\/post"}],"author":[{"embeddable":true,"href":"https:\/\/lereveil224.info\/index.php\/wp-json\/wp\/v2\/users\/123457"}],"replies":[{"embeddable":true,"href":"https:\/\/lereveil224.info\/index.php\/wp-json\/wp\/v2\/comments?post=5977"}],"version-history":[{"count":2,"href":"https:\/\/lereveil224.info\/index.php\/wp-json\/wp\/v2\/posts\/5977\/revisions"}],"predecessor-version":[{"id":5992,"href":"https:\/\/lereveil224.info\/index.php\/wp-json\/wp\/v2\/posts\/5977\/revisions\/5992"}],"wp:featuredmedia":[{"embeddable":true,"href":"https:\/\/lereveil224.info\/index.php\/wp-json\/wp\/v2\/media\/5989"}],"wp:attachment":[{"href":"https:\/\/lereveil224.info\/index.php\/wp-json\/wp\/v2\/media?parent=5977"}],"wp:term":[{"taxonomy":"category","embeddable":true,"href":"https:\/\/lereveil224.info\/index.php\/wp-json\/wp\/v2\/categories?post=5977"},{"taxonomy":"post_tag","embeddable":true,"href":"https:\/\/lereveil224.info\/index.php\/wp-json\/wp\/v2\/tags?post=5977"}],"curies":[{"name":"wp","href":"https:\/\/api.w.org\/{rel}","templated":true}]}}