{"id":5902,"date":"2024-03-04T18:40:10","date_gmt":"2024-03-04T18:40:10","guid":{"rendered":"https:\/\/lereveil224.info\/?p=5902"},"modified":"2024-03-04T18:40:10","modified_gmt":"2024-03-04T18:40:10","slug":"international-rdc-goma-manifestation-contre-la-hausse-des-taxes-et-la-presence-de-m23","status":"publish","type":"post","link":"https:\/\/lereveil224.info\/index.php\/2024\/03\/04\/international-rdc-goma-manifestation-contre-la-hausse-des-taxes-et-la-presence-de-m23\/","title":{"rendered":"International-RDC-Goma : Manifestation contre la hausse des taxes et la pr\u00e9sence de M23"},"content":{"rendered":"\n<p>\u00c0 Goma en R\u00e9publique D\u00e9mocratique de Congo, plusieurs citoyens sortent sur les rues pour contrecarrer l&rsquo;augmentation des taxes et remettre en cause la paix dans cette ville. \u00c9taient arr\u00eat\u00e9s et lib\u00e9r\u00e9s apr\u00e8s quelques heures, une dizaine de personnes.<\/p>\n\n\n\n<p>Depuis 2021, le Nord-Kivu est en proie \u00e0 des affrontements. Malgr\u00e9 la situation de la ville province, quelques citoyens ont pris leur destin en main ce lundi matin pour d\u00e9noncer l\u2019augmentation des taxes. Cette ville est prise par les rebelles M23 depuis un bon moment, soutenu par l\u2019arm\u00e9e rwandaise qui contr\u00f4le toute la ville. \u00ab Nous, on ne va pas s\u2019arr\u00eater \u00e0 mener notre lutte. \u00bb d\u00e9clare un des manifestants.<\/p>\n\n\n\n<p>Depuis l\u2019effondrement mi-f\u00e9vrier du front de Sak\u00e9, \u00e0 une vingtaine de kilom\u00e8tres de Goma, les axes reliant la ville \u00e0 la province sont coup\u00e9s et les prix des produits de premi\u00e8re n\u00e9cessit\u00e9 ont augment\u00e9.<\/p>\n\n\n\n<p>Sur sa pancarte brandie en l\u2019air est inscrit \u00ab Taxe Bila \u00bb. \u00ab Cela veut tout simplement dire que si on nous fait payer les taxes, sans qu\u2019il n\u2019y ait la paix, c\u2019est qu\u2019on est en train de voler les paisibles citoyens du Nord-Kivu \u00bb, lance-t-il, selon rfi<\/p>\n\n\n\n<p>De m\u00eame, ces manifestants attirent l\u2019attention des autorit\u00e9s locales sur le surcro\u00eet des taxes et le harc\u00e8lement des hommes arm\u00e9s \u00e0 travers la ville.<\/p>\n\n\n\n<p>De nos jours, cette ville accueil des centaines de milliers de d\u00e9plac\u00e9s \u00e0 cause du conflit.<\/p>\n\n\n\n<p>\u00ab Sur nos banderoles, on \u00e9crit \u00ab Rwanda is killing \u00bb, parce que c\u2019est le Rwanda qui cause la guerre aujourd\u2019hui, qui fait que toutes les routes qui donnaient la nourriture \u00e0 Goma sont ferm\u00e9es. Et donc, on appelle aussi la communaut\u00e9 internationale pour qu\u2019elle fasse tout pour sanctionner les Rwandais \u00bb, Interpelle F\u00e9licien TUMUSIFU, coordinateur du groupe la Voix des Marginalis\u00e9s.<\/p>\n\n\n\n<p>Il faut rappeler que depuis le d\u00e9but de cette guerre, seules quelques sanctions individuelles ont \u00e9t\u00e9 prises contre des repr\u00e9sentants du M23, mais aucune sanction d\u2019ordre \u00e9conomique contre le Rwanda.<\/p>\n\n\n\n<p class=\"has-text-align-center\"><strong>Mamadouba CAMARA pour lereveil224.info<\/strong><\/p>\n","protected":false},"excerpt":{"rendered":"<p>\u00c0 Goma en R\u00e9publique D\u00e9mocratique de Congo, plusieurs citoyens sortent sur les rues pour contrecarrer l&rsquo;augmentation des taxes et remettre en cause la paix dans cette ville. \u00c9taient arr\u00eat\u00e9s et lib\u00e9r\u00e9s apr\u00e8s quelques heures, une dizaine de personnes. Depuis 2021, le Nord-Kivu est en proie \u00e0 des affrontements. Malgr\u00e9 la situation de la ville province, [&hellip;]<\/p>\n","protected":false},"author":123457,"featured_media":5903,"comment_status":"open","ping_status":"open","sticky":false,"template":"","format":"standard","meta":{"_acf_changed":false,"footnotes":""},"categories":[11,30],"tags":[],"class_list":["post-5902","post","type-post","status-publish","format-standard","has-post-thumbnail","hentry","category-actualite","category-international"],"acf":[],"_links":{"self":[{"href":"https:\/\/lereveil224.info\/index.php\/wp-json\/wp\/v2\/posts\/5902","targetHints":{"allow":["GET"]}}],"collection":[{"href":"https:\/\/lereveil224.info\/index.php\/wp-json\/wp\/v2\/posts"}],"about":[{"href":"https:\/\/lereveil224.info\/index.php\/wp-json\/wp\/v2\/types\/post"}],"author":[{"embeddable":true,"href":"https:\/\/lereveil224.info\/index.php\/wp-json\/wp\/v2\/users\/123457"}],"replies":[{"embeddable":true,"href":"https:\/\/lereveil224.info\/index.php\/wp-json\/wp\/v2\/comments?post=5902"}],"version-history":[{"count":1,"href":"https:\/\/lereveil224.info\/index.php\/wp-json\/wp\/v2\/posts\/5902\/revisions"}],"predecessor-version":[{"id":5904,"href":"https:\/\/lereveil224.info\/index.php\/wp-json\/wp\/v2\/posts\/5902\/revisions\/5904"}],"wp:featuredmedia":[{"embeddable":true,"href":"https:\/\/lereveil224.info\/index.php\/wp-json\/wp\/v2\/media\/5903"}],"wp:attachment":[{"href":"https:\/\/lereveil224.info\/index.php\/wp-json\/wp\/v2\/media?parent=5902"}],"wp:term":[{"taxonomy":"category","embeddable":true,"href":"https:\/\/lereveil224.info\/index.php\/wp-json\/wp\/v2\/categories?post=5902"},{"taxonomy":"post_tag","embeddable":true,"href":"https:\/\/lereveil224.info\/index.php\/wp-json\/wp\/v2\/tags?post=5902"}],"curies":[{"name":"wp","href":"https:\/\/api.w.org\/{rel}","templated":true}]}}