{"id":5865,"date":"2024-02-06T18:56:36","date_gmt":"2024-02-06T18:56:36","guid":{"rendered":"https:\/\/lereveil224.info\/?p=5865"},"modified":"2024-02-06T18:56:37","modified_gmt":"2024-02-06T18:56:37","slug":"conakry-un-preavis-de-greve-lance-pour-la-liberation-de-sekou-jamal-pendessa","status":"publish","type":"post","link":"https:\/\/lereveil224.info\/index.php\/2024\/02\/06\/conakry-un-preavis-de-greve-lance-pour-la-liberation-de-sekou-jamal-pendessa\/","title":{"rendered":"Conakry : Un pr\u00e9avis de Gr\u00e8ve lanc\u00e9 pour la lib\u00e9ration de S\u00e9kou Jamal PENDESSA"},"content":{"rendered":"\n<p>Une assembl\u00e9e tenue ce mardi 6 f\u00e9vrier 2024 dans le cadre de la lib\u00e9ration de S\u00e9kou Jamal PENDESSA, secr\u00e9taire g\u00e9n\u00e9ral du SPPG par le mouvement syndical de Guin\u00e9e.<\/p>\n\n\n\n<p>Kader Aziz CAMARA, secr\u00e9taire g\u00e9n\u00e9ral adjoint et porte-parole de ce Mouvement dit en ces termes : <em>\u00ab Je remercie tr\u00e8s sinc\u00e8rement tous ceux qui ont eu l\u2019amabilit\u00e9 de se d\u00e9placer et de venir assister \u00e0 cette grande assembl\u00e9e qui tourne autour de la lib\u00e9ration sans condition de notre camarade PENDESSA. Aujourd\u2019hui par la voix du Mouvement syndical guin\u00e9en, nous demandons qu\u2019il soit lib\u00e9r\u00e9 sans conditions. A cet effet, le mouvement syndical a d\u00e9cid\u00e9 de d\u00e9poser aujourd\u2019hui, un pr\u00e9avis de gr\u00e8ve au gouvernement, \u00e0 la suite sera l\u2019avis de gr\u00e8ve \u00bb<\/em>, a-t-il d\u00e9clar\u00e9.<\/p>\n\n\n\n<p>La lib\u00e9ration sans condition du secr\u00e9taire g\u00e9n\u00e9ral du SPPG, S\u00e9kou Jamal PENDESSA est demand\u00e9e sans condition.<\/p>\n\n\n\n<p>Nous y reviendrons\u2026<br><\/p>\n\n\n\n<p class=\"has-text-align-right\"><strong>Mamadouba CAMARA correspondant \u00e0 Conakry<\/strong><\/p>\n","protected":false},"excerpt":{"rendered":"<p>Une assembl\u00e9e tenue ce mardi 6 f\u00e9vrier 2024 dans le cadre de la lib\u00e9ration de S\u00e9kou Jamal PENDESSA, secr\u00e9taire g\u00e9n\u00e9ral du SPPG par le mouvement syndical de Guin\u00e9e. Kader Aziz CAMARA, secr\u00e9taire g\u00e9n\u00e9ral adjoint et porte-parole de ce Mouvement dit en ces termes : \u00ab Je remercie tr\u00e8s sinc\u00e8rement tous ceux qui ont eu l\u2019amabilit\u00e9 [&hellip;]<\/p>\n","protected":false},"author":123457,"featured_media":5841,"comment_status":"open","ping_status":"open","sticky":false,"template":"","format":"standard","meta":{"_acf_changed":false,"footnotes":""},"categories":[11,2,18],"tags":[],"class_list":["post-5865","post","type-post","status-publish","format-standard","has-post-thumbnail","hentry","category-actualite","category-politique","category-region"],"acf":[],"_links":{"self":[{"href":"https:\/\/lereveil224.info\/index.php\/wp-json\/wp\/v2\/posts\/5865","targetHints":{"allow":["GET"]}}],"collection":[{"href":"https:\/\/lereveil224.info\/index.php\/wp-json\/wp\/v2\/posts"}],"about":[{"href":"https:\/\/lereveil224.info\/index.php\/wp-json\/wp\/v2\/types\/post"}],"author":[{"embeddable":true,"href":"https:\/\/lereveil224.info\/index.php\/wp-json\/wp\/v2\/users\/123457"}],"replies":[{"embeddable":true,"href":"https:\/\/lereveil224.info\/index.php\/wp-json\/wp\/v2\/comments?post=5865"}],"version-history":[{"count":1,"href":"https:\/\/lereveil224.info\/index.php\/wp-json\/wp\/v2\/posts\/5865\/revisions"}],"predecessor-version":[{"id":5866,"href":"https:\/\/lereveil224.info\/index.php\/wp-json\/wp\/v2\/posts\/5865\/revisions\/5866"}],"wp:featuredmedia":[{"embeddable":true,"href":"https:\/\/lereveil224.info\/index.php\/wp-json\/wp\/v2\/media\/5841"}],"wp:attachment":[{"href":"https:\/\/lereveil224.info\/index.php\/wp-json\/wp\/v2\/media?parent=5865"}],"wp:term":[{"taxonomy":"category","embeddable":true,"href":"https:\/\/lereveil224.info\/index.php\/wp-json\/wp\/v2\/categories?post=5865"},{"taxonomy":"post_tag","embeddable":true,"href":"https:\/\/lereveil224.info\/index.php\/wp-json\/wp\/v2\/tags?post=5865"}],"curies":[{"name":"wp","href":"https:\/\/api.w.org\/{rel}","templated":true}]}}