{"id":5859,"date":"2024-02-02T20:45:55","date_gmt":"2024-02-02T20:45:55","guid":{"rendered":"https:\/\/lereveil224.info\/?p=5859"},"modified":"2024-02-02T20:45:56","modified_gmt":"2024-02-02T20:45:56","slug":"conakry-le-peuple-de-guinee-rend-hommage-aux-victimes-de-lincendie-de-kaloum","status":"publish","type":"post","link":"https:\/\/lereveil224.info\/index.php\/2024\/02\/02\/conakry-le-peuple-de-guinee-rend-hommage-aux-victimes-de-lincendie-de-kaloum\/","title":{"rendered":"Conakry : le peuple de Guin\u00e9e rend hommage aux victimes de l&rsquo;incendie de Kaloum"},"content":{"rendered":"\n<p>Un hommage vibrant aux coeurs et plein de tristesses a \u00e9t\u00e9 enregistr\u00e9 ce 2 f\u00e9vrier 2024 dans le grand Conakry pour les victimes de l&rsquo;incendie de Kaloum. Le tout en pr\u00e9sence du Pr\u00e9sident de la transition, G\u00e9n\u00e9ral Mamadi DOUMBOUYA.<\/p>\n\n\n\n<p>G\u00e9n\u00e9ral Bachir DIALLO, Ministre de la S\u00e9curit\u00e9 et de la Protection Civile, dans ces propos a exprim\u00e9 sa profonde tristesse et rendu un hommage aux victimes : \u00ab C\u2019est avec une profonde tristesse que nous nous r\u00e9unissons ici pour rendre un dernier hommage \u00e0 l\u2019incendie d\u00e9vastateur qui a frapp\u00e9 le d\u00e9p\u00f4t d\u2019hydrocarbures de Kaloum, cette nuit fatidique du 17 d\u00e9cembre 2023, et qui restera \u00e0 jamais grav\u00e9 dans nos m\u00e9moires, repr\u00e9sentant une date sombre dans notre histoire commune. Apr\u00e8s une p\u00e9riode de deuil pour la nation, nous nous tenons ensemble pour exprimer notre solidarit\u00e9 et notre compassion. Ainsi, la perte en vies humaines et les destructions caus\u00e9es par cet incendie constituent un \u00e9v\u00e9nement qui restera \u00e0 jamais dans nos m\u00e9moires individuelles et collectives. Aujourd\u2019hui, en honorant la m\u00e9moire des victimes qui ont malheureusement \u00e9t\u00e9 emport\u00e9es par cet incendie, nous tenons \u00e0 exprimer notre profonde solidarit\u00e9 envers ceux qui ont \u00e9t\u00e9 touch\u00e9s par ces pertes regrettables. En tant que responsable de la gestion de cette crise, je suis tr\u00e8s bien plac\u00e9 pour dire \u00e0 quel point Monsieur le pr\u00e9sident de la R\u00e9publique, chef de l\u2019\u00c9tat, le G\u00e9n\u00e9ral Mamadi DOUMBOYA, a tout mis en \u0153uvre pour venir \u00e0 bout de cet incendie et assurer la prise en charge totale des bless\u00e9s et des victimes. C\u2019est le moment de le remercier vivement au nom de toute la nation pour son leadership. Cet incendie nous rappelle l\u2019importance vitale de la pr\u00e9paration, de la coordination et de la r\u00e9activit\u00e9 lors des situations d\u2019urgence, ce qui a permis naturellement de limiter les dommages. Nous honorons la m\u00e9moire des personnes qui ont perdu la vie dans cette trag\u00e9die. Leur absence laisse un vide immense. Nous partageons votre chagrin et nous vous assurons du soutien inconditionnel du gouvernement pour un retour \u00e0 la vie que vous meniez avant \u00bb, a-t-il d\u00e9clar\u00e9.<\/p>\n\n\n\n<p>Quant \u00e0 N\u2019Famara CAMARA, un des repr\u00e9sentants des familles des victimes dit : \u00ab Je voudrais, en ces instants solennels, me rapprocher de mon cr\u00e9ateur, le Tout-Puissant qui nous a impos\u00e9 cette \u00e9preuve. Vous comprendrez un peu mon \u00e9motion parce que je prends la parole au nom de toutes les familles victimes. Je crois que ce n\u2019est pas un moment de discours, mais de recueillement et de souvenirs. C\u2019est aussi un moment qui doit nous rapprocher de notre cr\u00e9ateur pour lui rappeler que nous ne sommes rien, qu\u2019il fera ce qu\u2019il veut. Dans les moments heureux comme malheureux, toute chose qu\u2019un croyant puisse faire, c\u2019est de se rapprocher de lui. On dit que quand on a peur d\u2019un \u00eatre humain, on s\u2019\u00e9loigne. Mais lorsque l\u2019on a peur de Dieu, on se rapproche. Et c\u2019est en ces moments difficiles que nous devons lui rendre hommage et dire que tout ce qu\u2019il fera est bon, puisque c\u2019est lui qui saura pourquoi il l\u2019a fait \u00bb, dit-il.<\/p>\n\n\n\n<p>\u00c0 noter qu&rsquo;aujourd&rsquo;hui a \u00e9t\u00e9 aussi un moment inoubliable dans la m\u00e9moire collective nationale de toutes et de tous.<\/p>\n\n\n\n<p class=\"has-text-align-center\"><strong>Mamadouba CAMARA correspondant \u00e0 Conakry<\/strong><\/p>\n","protected":false},"excerpt":{"rendered":"<p>Un hommage vibrant aux coeurs et plein de tristesses a \u00e9t\u00e9 enregistr\u00e9 ce 2 f\u00e9vrier 2024 dans le grand Conakry pour les victimes de l&rsquo;incendie de Kaloum. Le tout en pr\u00e9sence du Pr\u00e9sident de la transition, G\u00e9n\u00e9ral Mamadi DOUMBOUYA. G\u00e9n\u00e9ral Bachir DIALLO, Ministre de la S\u00e9curit\u00e9 et de la Protection Civile, dans ces propos a [&hellip;]<\/p>\n","protected":false},"author":123457,"featured_media":5860,"comment_status":"open","ping_status":"open","sticky":false,"template":"","format":"standard","meta":{"_acf_changed":false,"footnotes":""},"categories":[11,18],"tags":[],"class_list":["post-5859","post","type-post","status-publish","format-standard","has-post-thumbnail","hentry","category-actualite","category-region"],"acf":[],"_links":{"self":[{"href":"https:\/\/lereveil224.info\/index.php\/wp-json\/wp\/v2\/posts\/5859","targetHints":{"allow":["GET"]}}],"collection":[{"href":"https:\/\/lereveil224.info\/index.php\/wp-json\/wp\/v2\/posts"}],"about":[{"href":"https:\/\/lereveil224.info\/index.php\/wp-json\/wp\/v2\/types\/post"}],"author":[{"embeddable":true,"href":"https:\/\/lereveil224.info\/index.php\/wp-json\/wp\/v2\/users\/123457"}],"replies":[{"embeddable":true,"href":"https:\/\/lereveil224.info\/index.php\/wp-json\/wp\/v2\/comments?post=5859"}],"version-history":[{"count":1,"href":"https:\/\/lereveil224.info\/index.php\/wp-json\/wp\/v2\/posts\/5859\/revisions"}],"predecessor-version":[{"id":5861,"href":"https:\/\/lereveil224.info\/index.php\/wp-json\/wp\/v2\/posts\/5859\/revisions\/5861"}],"wp:featuredmedia":[{"embeddable":true,"href":"https:\/\/lereveil224.info\/index.php\/wp-json\/wp\/v2\/media\/5860"}],"wp:attachment":[{"href":"https:\/\/lereveil224.info\/index.php\/wp-json\/wp\/v2\/media?parent=5859"}],"wp:term":[{"taxonomy":"category","embeddable":true,"href":"https:\/\/lereveil224.info\/index.php\/wp-json\/wp\/v2\/categories?post=5859"},{"taxonomy":"post_tag","embeddable":true,"href":"https:\/\/lereveil224.info\/index.php\/wp-json\/wp\/v2\/tags?post=5859"}],"curies":[{"name":"wp","href":"https:\/\/api.w.org\/{rel}","templated":true}]}}