{"id":5824,"date":"2024-01-29T22:09:24","date_gmt":"2024-01-29T22:09:24","guid":{"rendered":"https:\/\/lereveil224.info\/?p=5824"},"modified":"2024-01-29T22:09:30","modified_gmt":"2024-01-29T22:09:30","slug":"international-cedeao-le-mali-niger-et-burkina-faso-retires-parmi-les-membres-de-la-cedeao","status":"publish","type":"post","link":"https:\/\/lereveil224.info\/index.php\/2024\/01\/29\/international-cedeao-le-mali-niger-et-burkina-faso-retires-parmi-les-membres-de-la-cedeao\/","title":{"rendered":"International-CEDEAO : Le Mali, Niger et Burkina Faso retir\u00e9s parmi les membres de la CEDEAO"},"content":{"rendered":"\n<p>Rendu public ce Lundi, 29 janvier 2024, le retrait du Mali, Niger et Burkina Faso parmi les membres de la CEDEAO. La d\u00e9cision de ce retrait, vient de ces trois pays de sahel et ils le veulent avec effet imm\u00e9diat de la Communaut\u00e9 \u00e9conomique des \u00c9tats d&rsquo;Afrique de l&rsquo;Ouest (C\u00c9D\u00c9AO), organisation dont le r\u00f4le est de favoriser la coop\u00e9ration, cr\u00e9\u00e9e en 1975 et rassemblant jusqu\u2019alors 15 \u00c9tats membres.<\/p>\n\n\n\n<p>\u00ab\u00a0Apr\u00e8s 49 ans d\u2019existence, les vaillants peuples du Burkina, du Mali et du Niger, constatent avec beaucoup de regrets, d\u2019amertume et une grande d\u00e9ception que leur Organisation s\u2019est \u00e9loign\u00e9e des id\u00e9aux de ses p\u00e8res fondateurs et du panafricanisme\u00a0\u00bb ont d\u00e9clar\u00e9 les trois \u00c9tats, dans un communiqu\u00e9 conjoint dat\u00e9 du 28 janvier.<\/p>\n\n\n\n<p>\u00c0 noter que la C\u00e9d\u00e9ao impose de lourdes sanctions, en particulier au Niger, qui demeure \u00e0 ce jour sous embargo \u00e9conomique. Mais comme avec Bamako, les n\u00e9gociations se r\u00e9v\u00e8lent laborieuses et la fracture grandit.<\/p>\n\n\n\n<p class=\"has-text-align-center\"><strong>Mamadouba CAMARA pour lereveil224.info<\/strong><\/p>\n","protected":false},"excerpt":{"rendered":"<p>Rendu public ce Lundi, 29 janvier 2024, le retrait du Mali, Niger et Burkina Faso parmi les membres de la CEDEAO. La d\u00e9cision de ce retrait, vient de ces trois pays de sahel et ils le veulent avec effet imm\u00e9diat de la Communaut\u00e9 \u00e9conomique des \u00c9tats d&rsquo;Afrique de l&rsquo;Ouest (C\u00c9D\u00c9AO), organisation dont le r\u00f4le est [&hellip;]<\/p>\n","protected":false},"author":123457,"featured_media":5825,"comment_status":"open","ping_status":"open","sticky":false,"template":"","format":"standard","meta":{"_acf_changed":false,"footnotes":""},"categories":[11,30,2],"tags":[],"class_list":["post-5824","post","type-post","status-publish","format-standard","has-post-thumbnail","hentry","category-actualite","category-international","category-politique"],"acf":[],"_links":{"self":[{"href":"https:\/\/lereveil224.info\/index.php\/wp-json\/wp\/v2\/posts\/5824","targetHints":{"allow":["GET"]}}],"collection":[{"href":"https:\/\/lereveil224.info\/index.php\/wp-json\/wp\/v2\/posts"}],"about":[{"href":"https:\/\/lereveil224.info\/index.php\/wp-json\/wp\/v2\/types\/post"}],"author":[{"embeddable":true,"href":"https:\/\/lereveil224.info\/index.php\/wp-json\/wp\/v2\/users\/123457"}],"replies":[{"embeddable":true,"href":"https:\/\/lereveil224.info\/index.php\/wp-json\/wp\/v2\/comments?post=5824"}],"version-history":[{"count":1,"href":"https:\/\/lereveil224.info\/index.php\/wp-json\/wp\/v2\/posts\/5824\/revisions"}],"predecessor-version":[{"id":5826,"href":"https:\/\/lereveil224.info\/index.php\/wp-json\/wp\/v2\/posts\/5824\/revisions\/5826"}],"wp:featuredmedia":[{"embeddable":true,"href":"https:\/\/lereveil224.info\/index.php\/wp-json\/wp\/v2\/media\/5825"}],"wp:attachment":[{"href":"https:\/\/lereveil224.info\/index.php\/wp-json\/wp\/v2\/media?parent=5824"}],"wp:term":[{"taxonomy":"category","embeddable":true,"href":"https:\/\/lereveil224.info\/index.php\/wp-json\/wp\/v2\/categories?post=5824"},{"taxonomy":"post_tag","embeddable":true,"href":"https:\/\/lereveil224.info\/index.php\/wp-json\/wp\/v2\/tags?post=5824"}],"curies":[{"name":"wp","href":"https:\/\/api.w.org\/{rel}","templated":true}]}}