{"id":5635,"date":"2023-12-14T21:17:00","date_gmt":"2023-12-14T21:17:00","guid":{"rendered":"https:\/\/lereveil224.info\/?p=5635"},"modified":"2023-12-14T21:17:01","modified_gmt":"2023-12-14T21:17:01","slug":"nzerekore-le-gouverneur-donne-le-coup-denvoi-du-tournoi-de-la-paix-et-de-la-cohesion-sociale","status":"publish","type":"post","link":"https:\/\/lereveil224.info\/index.php\/2023\/12\/14\/nzerekore-le-gouverneur-donne-le-coup-denvoi-du-tournoi-de-la-paix-et-de-la-cohesion-sociale\/","title":{"rendered":"N&rsquo;Z\u00e9r\u00e9kor\u00e9 : le gouverneur donne le coup d&rsquo;envoi du tournoi de la paix et de la coh\u00e9sion sociale"},"content":{"rendered":"\n<p>Ce Jeudi 14 d\u00e9cembre 2023, le contr\u00f4leur g\u00e9n\u00e9ral de police Lamine KEITA, gouverneur de la r\u00e9gion administrative de N&rsquo;Z\u00e9r\u00e9kor\u00e9 a donn\u00e9 le coup d&rsquo;envoi du tournoi de la paix et de la coh\u00e9sion sociale au stade du 3 Avril.<\/p>\n\n\n\n<p>A l&rsquo;initiative de l&rsquo;association Grain Sportif Hamza de N&rsquo;Z\u00e9r\u00e9kor\u00e9, ce match d&rsquo;ouverture qui a connu une forte mobilisation des autorit\u00e9s civiles, militaires et surtout de la jeunesse de N&rsquo;Z\u00e9r\u00e9kor\u00e9.<br>Dans son discours le pr\u00e9sident de l&rsquo;association Mamadou Dian DIALLO pr\u00e9cise &lt; ce tournoi est un signe d&rsquo;engagement et d&rsquo;accompagnement aupr\u00e8s des autorit\u00e9s de N&rsquo;Z\u00e9r\u00e9kor\u00e9, pour la consolidation de la paix et de la coh\u00e9sion dans cette cit\u00e9. Qui jadis a \u00e9t\u00e9 souvent qualifi\u00e9e comme zone rouge \u00e0 cause des violences qu&rsquo;elle a connue. C&rsquo;est pourquoi nous sommes d\u00e9termin\u00e9s \u00e0 accompagner Monsieur le gouverneur pour la p\u00e9rennisation de cette paix, comme le veut le pr\u00e9sident de la R\u00e9publique le colonel Mamadi DOUMBOUYA><\/p>\n\n\n\n<figure class=\"wp-block-image size-large\"><img fetchpriority=\"high\" decoding=\"async\" width=\"1024\" height=\"461\" src=\"https:\/\/lereveil224.info\/wp-content\/uploads\/2023\/12\/IMG-20231214-WA0000-1024x461.jpg\" alt=\"\" class=\"wp-image-5638\" srcset=\"https:\/\/lereveil224.info\/wp-content\/uploads\/2023\/12\/IMG-20231214-WA0000-1024x461.jpg 1024w, https:\/\/lereveil224.info\/wp-content\/uploads\/2023\/12\/IMG-20231214-WA0000-300x135.jpg 300w, https:\/\/lereveil224.info\/wp-content\/uploads\/2023\/12\/IMG-20231214-WA0000-768x346.jpg 768w, https:\/\/lereveil224.info\/wp-content\/uploads\/2023\/12\/IMG-20231214-WA0000.jpg 1080w\" sizes=\"(max-width: 1024px) 100vw, 1024px\" \/><\/figure>\n\n\n\n<p>Proc\u00e9dant au coup d&rsquo;envoi le contr\u00f4leur g\u00e9n\u00e9ral de police Lamine KEITA, gouverneur de la r\u00e9gion administrative de N&rsquo;Z\u00e9r\u00e9kor\u00e9 dit &lt; voir la jeunesse de N&rsquo;Z\u00e9r\u00e9kor\u00e9, promouvoir la paix et la coh\u00e9sion n&rsquo;est que l&rsquo;expression de la volont\u00e9 du chef de l&rsquo;\u00e9tat son Excellence Colonel Mamadi DOUMBOUYA. Qui place la paix et coh\u00e9sion sociale mais aussi la jeunesse au centre de ces preaucupations de tous les jours. C&rsquo;est pourquoi notre accompagnement, engagement et disponibilit\u00e9 \u00e0 leurs c\u00f4t\u00e9s ne feront pas d\u00e9faut pour une paix d\u00e9finitive \u00e0 N&rsquo;Z\u00e9r\u00e9kor\u00e9&gt; conclura le 37\u00e8me gouverneur de N&rsquo;Z\u00e9r\u00e9kor\u00e9.<\/p>\n\n\n\n<p>A noter qu&rsquo;\u00e0 l&rsquo;issue des 90 minutes, le match d&rsquo;ouverture qui opposait l&rsquo;\u00e9quipe de l&rsquo;Acad\u00e9mie Centre \u00e9ducatif de football face \u00e0 FC Comazone, s&rsquo;est sold\u00e9 sur un score de un but partout.<br>Donc c&rsquo;est partie pour deux semaines d&rsquo;activit\u00e9s sportives \u00e0 N&rsquo;Z\u00e9r\u00e9kor\u00e9 car la grande finale du tournoi de la paix et de la coh\u00e9sion sociale est pr\u00e9vu pour le 31 d\u00e9cembre 2023.<\/p>\n","protected":false},"excerpt":{"rendered":"<p>Ce Jeudi 14 d\u00e9cembre 2023, le contr\u00f4leur g\u00e9n\u00e9ral de police Lamine KEITA, gouverneur de la r\u00e9gion administrative de N&rsquo;Z\u00e9r\u00e9kor\u00e9 a donn\u00e9 le coup d&rsquo;envoi du tournoi de la paix et de la coh\u00e9sion sociale au stade du 3 Avril. A l&rsquo;initiative de l&rsquo;association Grain Sportif Hamza de N&rsquo;Z\u00e9r\u00e9kor\u00e9, ce match d&rsquo;ouverture qui a connu une [&hellip;]<\/p>\n","protected":false},"author":123457,"featured_media":5637,"comment_status":"open","ping_status":"open","sticky":false,"template":"","format":"standard","meta":{"_acf_changed":false,"footnotes":""},"categories":[11,18,9],"tags":[],"class_list":["post-5635","post","type-post","status-publish","format-standard","has-post-thumbnail","hentry","category-actualite","category-region","category-sport"],"acf":[],"_links":{"self":[{"href":"https:\/\/lereveil224.info\/index.php\/wp-json\/wp\/v2\/posts\/5635","targetHints":{"allow":["GET"]}}],"collection":[{"href":"https:\/\/lereveil224.info\/index.php\/wp-json\/wp\/v2\/posts"}],"about":[{"href":"https:\/\/lereveil224.info\/index.php\/wp-json\/wp\/v2\/types\/post"}],"author":[{"embeddable":true,"href":"https:\/\/lereveil224.info\/index.php\/wp-json\/wp\/v2\/users\/123457"}],"replies":[{"embeddable":true,"href":"https:\/\/lereveil224.info\/index.php\/wp-json\/wp\/v2\/comments?post=5635"}],"version-history":[{"count":2,"href":"https:\/\/lereveil224.info\/index.php\/wp-json\/wp\/v2\/posts\/5635\/revisions"}],"predecessor-version":[{"id":5639,"href":"https:\/\/lereveil224.info\/index.php\/wp-json\/wp\/v2\/posts\/5635\/revisions\/5639"}],"wp:featuredmedia":[{"embeddable":true,"href":"https:\/\/lereveil224.info\/index.php\/wp-json\/wp\/v2\/media\/5637"}],"wp:attachment":[{"href":"https:\/\/lereveil224.info\/index.php\/wp-json\/wp\/v2\/media?parent=5635"}],"wp:term":[{"taxonomy":"category","embeddable":true,"href":"https:\/\/lereveil224.info\/index.php\/wp-json\/wp\/v2\/categories?post=5635"},{"taxonomy":"post_tag","embeddable":true,"href":"https:\/\/lereveil224.info\/index.php\/wp-json\/wp\/v2\/tags?post=5635"}],"curies":[{"name":"wp","href":"https:\/\/api.w.org\/{rel}","templated":true}]}}