{"id":5630,"date":"2023-12-11T12:10:18","date_gmt":"2023-12-11T12:10:18","guid":{"rendered":"https:\/\/lereveil224.info\/?p=5630"},"modified":"2023-12-11T12:10:19","modified_gmt":"2023-12-11T12:10:19","slug":"football-kaba-diawara-coach-du-syli-national-vient-de-se-trouver-un-nouvel-adjoint","status":"publish","type":"post","link":"https:\/\/lereveil224.info\/index.php\/2023\/12\/11\/football-kaba-diawara-coach-du-syli-national-vient-de-se-trouver-un-nouvel-adjoint\/","title":{"rendered":"Football : Kaba DIAWARA coach du Syli national vient de se trouver un nouvel adjoint"},"content":{"rendered":"\n<p>En quelques semaines de la CAN qui va se d\u00e9rouler en Janvier 2024 et qui se tiendra en C\u00f4te d&rsquo;Ivoire, Kaba DIAWARA coach du Syli national de Guin\u00e9e se trouve un adjoint Fousseni DIAWARA (Malien) pour la CAN.<\/p>\n\n\n<div class=\"wp-block-image\">\n<figure class=\"aligncenter size-full\"><img fetchpriority=\"high\" decoding=\"async\" width=\"780\" height=\"470\" src=\"https:\/\/lereveil224.info\/wp-content\/uploads\/2023\/12\/Kaba-Diawara-780x470-1.webp\" alt=\"\" class=\"wp-image-5633\" srcset=\"https:\/\/lereveil224.info\/wp-content\/uploads\/2023\/12\/Kaba-Diawara-780x470-1.webp 780w, https:\/\/lereveil224.info\/wp-content\/uploads\/2023\/12\/Kaba-Diawara-780x470-1-300x181.webp 300w, https:\/\/lereveil224.info\/wp-content\/uploads\/2023\/12\/Kaba-Diawara-780x470-1-768x463.webp 768w\" sizes=\"(max-width: 780px) 100vw, 780px\" \/><\/figure>\n<\/div>\n\n\n<p>Ce nouvel adjoint a \u00e9t\u00e9 ancien coach adjoint du Mali et consultant \u00e0 Canal +. Les deux Diawara vont unir leurs efforts pour faire valoir la fiert\u00e9 de la Guin\u00e9e \u00e0 la CAN.<\/p>\n\n\n\n<p>Selon les informations, le d\u00e9part de Charly Paquille est d\u00fb aux bisbilles entre lui et de nombreux responsables, ce qui a pouss\u00e9 Kaba Diawara \u00e0 trouver un autre collaborateur.<\/p>\n\n\n\n<p>\u00c0 noter que Fousseni DIAWARA a commenc\u00e9 sa carri\u00e8re en tant qu\u2019entra\u00eeneur avec la s\u00e9lection U-23 du Mali juste apr\u00e8s avoir mis fin \u00e0 sa carri\u00e8re footballistique.<\/p>\n\n\n\n<p class=\"has-text-align-center\"><strong>Mamadouba CAMARA pour lereveil224.info<\/strong><\/p>\n","protected":false},"excerpt":{"rendered":"<p>En quelques semaines de la CAN qui va se d\u00e9rouler en Janvier 2024 et qui se tiendra en C\u00f4te d&rsquo;Ivoire, Kaba DIAWARA coach du Syli national de Guin\u00e9e se trouve un adjoint Fousseni DIAWARA (Malien) pour la CAN. Ce nouvel adjoint a \u00e9t\u00e9 ancien coach adjoint du Mali et consultant \u00e0 Canal +. Les deux [&hellip;]<\/p>\n","protected":false},"author":123457,"featured_media":5632,"comment_status":"open","ping_status":"open","sticky":false,"template":"","format":"standard","meta":{"_acf_changed":false,"footnotes":""},"categories":[11,9],"tags":[],"class_list":["post-5630","post","type-post","status-publish","format-standard","has-post-thumbnail","hentry","category-actualite","category-sport"],"acf":[],"_links":{"self":[{"href":"https:\/\/lereveil224.info\/index.php\/wp-json\/wp\/v2\/posts\/5630","targetHints":{"allow":["GET"]}}],"collection":[{"href":"https:\/\/lereveil224.info\/index.php\/wp-json\/wp\/v2\/posts"}],"about":[{"href":"https:\/\/lereveil224.info\/index.php\/wp-json\/wp\/v2\/types\/post"}],"author":[{"embeddable":true,"href":"https:\/\/lereveil224.info\/index.php\/wp-json\/wp\/v2\/users\/123457"}],"replies":[{"embeddable":true,"href":"https:\/\/lereveil224.info\/index.php\/wp-json\/wp\/v2\/comments?post=5630"}],"version-history":[{"count":2,"href":"https:\/\/lereveil224.info\/index.php\/wp-json\/wp\/v2\/posts\/5630\/revisions"}],"predecessor-version":[{"id":5634,"href":"https:\/\/lereveil224.info\/index.php\/wp-json\/wp\/v2\/posts\/5630\/revisions\/5634"}],"wp:featuredmedia":[{"embeddable":true,"href":"https:\/\/lereveil224.info\/index.php\/wp-json\/wp\/v2\/media\/5632"}],"wp:attachment":[{"href":"https:\/\/lereveil224.info\/index.php\/wp-json\/wp\/v2\/media?parent=5630"}],"wp:term":[{"taxonomy":"category","embeddable":true,"href":"https:\/\/lereveil224.info\/index.php\/wp-json\/wp\/v2\/categories?post=5630"},{"taxonomy":"post_tag","embeddable":true,"href":"https:\/\/lereveil224.info\/index.php\/wp-json\/wp\/v2\/tags?post=5630"}],"curies":[{"name":"wp","href":"https:\/\/api.w.org\/{rel}","templated":true}]}}