{"id":5590,"date":"2023-11-23T21:53:15","date_gmt":"2023-11-23T21:53:15","guid":{"rendered":"https:\/\/lereveil224.info\/?p=5590"},"modified":"2023-11-23T22:14:18","modified_gmt":"2023-11-23T22:14:18","slug":"nzerekore-les-nouveaux-etudiants-de-luniversite-accueillis-dans-la-plus-grande-ferveur","status":"publish","type":"post","link":"https:\/\/lereveil224.info\/index.php\/2023\/11\/23\/nzerekore-les-nouveaux-etudiants-de-luniversite-accueillis-dans-la-plus-grande-ferveur\/","title":{"rendered":"N&rsquo;Z\u00e9r\u00e9kor\u00e9 : Les nouveaux \u00e9tudiants de l&rsquo;universit\u00e9 accueillis dans la plus grande ferveur"},"content":{"rendered":"\t\t<div data-elementor-type=\"wp-post\" data-elementor-id=\"5590\" class=\"elementor elementor-5590\">\n\t\t\t\t\t\t<section class=\"elementor-section elementor-top-section elementor-element elementor-element-3c00f04a elementor-section-boxed elementor-section-height-default elementor-section-height-default\" data-id=\"3c00f04a\" data-element_type=\"section\" data-e-type=\"section\">\n\t\t\t\t\t\t<div class=\"elementor-container elementor-column-gap-default\">\n\t\t\t\t\t<div class=\"elementor-column elementor-col-100 elementor-top-column elementor-element elementor-element-2246c93e\" data-id=\"2246c93e\" data-element_type=\"column\" data-e-type=\"column\">\n\t\t\t<div class=\"elementor-widget-wrap elementor-element-populated\">\n\t\t\t\t\t\t<div class=\"elementor-element elementor-element-35a82d7c elementor-widget elementor-widget-text-editor\" data-id=\"35a82d7c\" data-element_type=\"widget\" data-e-type=\"widget\" data-widget_type=\"text-editor.default\">\n\t\t\t\t<div class=\"elementor-widget-container\">\n\t\t\t\t\t\t\t\t\t\n<p>Ce jeudi 23 d\u00e9cembre 2023, l&rsquo;universit\u00e9 de N&rsquo;Z\u00e9r\u00e9kor\u00e9, \u00e0 travers une grande c\u00e9r\u00e9monie a accueilli les nouveaux \u00e9tudiants qui ont \u00e9t\u00e9 orient\u00e9s dans les 11 d\u00e9partements que compte le temple de savoir.<\/p>\n<div class=\"wp-block-image\">\n<figure class=\"aligncenter size-large\"><img fetchpriority=\"high\" decoding=\"async\" width=\"1024\" height=\"461\" class=\"wp-image-5591\" src=\"https:\/\/lereveil224.info\/wp-content\/uploads\/2023\/11\/IMG-20231123-WA0004-1024x461.jpg\" alt=\"\" srcset=\"https:\/\/lereveil224.info\/wp-content\/uploads\/2023\/11\/IMG-20231123-WA0004-1024x461.jpg 1024w, https:\/\/lereveil224.info\/wp-content\/uploads\/2023\/11\/IMG-20231123-WA0004-300x135.jpg 300w, https:\/\/lereveil224.info\/wp-content\/uploads\/2023\/11\/IMG-20231123-WA0004-768x346.jpg 768w, https:\/\/lereveil224.info\/wp-content\/uploads\/2023\/11\/IMG-20231123-WA0004.jpg 1080w\" sizes=\"(max-width: 1024px) 100vw, 1024px\" \/><\/figure>\n<\/div>\n<p>En effet, le Recteur de l&rsquo;Universit\u00e9 de N&rsquo;Z\u00e9r\u00e9kor\u00e9, Dr Oumar KEITA, a demand\u00e9 \u00e0 tous et \u00e0 toutes d&rsquo;observer une minute de silence en m\u00e9moire des enseignants chercheurs qui ont \u00e9t\u00e9 rappel\u00e9 \u00e0 Dieu avant de pr\u00e9ciser <em>&lt;&lt; en ce moment tr\u00e8s sp\u00e9cial, je tiens \u00e0 remercier les autorit\u00e9s, r\u00e9gionales, pr\u00e9fectorales et communales pour leur appui constant \u00e0 chaque fois qu&rsquo;on a eu besoin d&rsquo;elles. En plus je tiens \u00e0 rappeler aux nouveaux \u00e9tudiants, que le respect du r\u00e8glement du LMD, pour une bonne poursuite du cursus pendant les 3 ou 4 ans est fondamental. Je tiens \u00e9galement \u00e0 remercier les braves enseignants chercheurs pour leur disponibilit\u00e9 et engagement pour la tenue des cours&gt;&gt;<\/em><\/p>\n\n<p>Poursuivant il dit <em>&lt;&lt; chers \u00e9tudiants et \u00e9tudiantes, sachez que l&rsquo;am\u00e9lioration de vos conditions d&rsquo;\u00e9tudes est la mission principale du Minist\u00e8re de l&rsquo;Enseignement Sup\u00e9rieur et de la Recherche Scientifique&gt;&gt;.<\/em><\/p>\n\t\t\t\t\t\t\t\t<\/div>\n\t\t\t\t<\/div>\n\t\t\t\t<div class=\"elementor-element elementor-element-5e419ed elementor-widget elementor-widget-image\" data-id=\"5e419ed\" data-element_type=\"widget\" data-e-type=\"widget\" data-widget_type=\"image.default\">\n\t\t\t\t<div class=\"elementor-widget-container\">\n\t\t\t\t\t\t\t\t\t\t\t\t\t\t\t<img decoding=\"async\" width=\"1024\" height=\"461\" src=\"https:\/\/lereveil224.info\/wp-content\/uploads\/2023\/11\/IMG-20231123-WA0005-1024x461.jpg\" class=\"attachment-large size-large wp-image-5592\" alt=\"\" srcset=\"https:\/\/lereveil224.info\/wp-content\/uploads\/2023\/11\/IMG-20231123-WA0005-1024x461.jpg 1024w, https:\/\/lereveil224.info\/wp-content\/uploads\/2023\/11\/IMG-20231123-WA0005-300x135.jpg 300w, https:\/\/lereveil224.info\/wp-content\/uploads\/2023\/11\/IMG-20231123-WA0005-768x346.jpg 768w, https:\/\/lereveil224.info\/wp-content\/uploads\/2023\/11\/IMG-20231123-WA0005.jpg 1080w\" sizes=\"(max-width: 1024px) 100vw, 1024px\" \/>\t\t\t\t\t\t\t\t\t\t\t\t\t\t\t<\/div>\n\t\t\t\t<\/div>\n\t\t\t\t<div class=\"elementor-element elementor-element-f38455a elementor-widget elementor-widget-text-editor\" data-id=\"f38455a\" data-element_type=\"widget\" data-e-type=\"widget\" data-widget_type=\"text-editor.default\">\n\t\t\t\t<div class=\"elementor-widget-container\">\n\t\t\t\t\t\t\t\t\t<p>Pour Elhadji Tidiane SOUMAH, directeur du cabinet du gouvernorat de la r\u00e9gion administrative de N&rsquo;Z\u00e9r\u00e9kor\u00e9 <em>&lt;&lt; c&rsquo;est un sentiment de satisfaction et de joie pour assister \u00e0 cette grande c\u00e9r\u00e9monie, qui marque l&rsquo;accueil des nouveaux \u00e9tudiants de l&rsquo;universit\u00e9 de N&rsquo;Z\u00e9r\u00e9kor\u00e9. Je suis \u00e9galement satisfait de la visite effectu\u00e9e au niveau des \u00e9tangs piscicoles avec ces poissons de qualit\u00e9. \u00c0 cela s&rsquo;ajoute la propri\u00e9t\u00e9 de la cours de l&rsquo;universit\u00e9&gt;&gt;<\/em><\/p>\n<p><!-- \/wp:paragraph --><!-- wp:paragraph --><\/p>\n<p>Parlant au nom des \u00e9tudiants de l&rsquo;universit\u00e9 de N&rsquo;Z\u00e9r\u00e9kor\u00e9, Kalilou KOUROUMA, pr\u00e9sident du conseil des \u00e9tudiants <em>&lt;&lt; au nom des \u00e9tudiants et \u00e9tudiantes je vous souhaite la bienvenue dans cette universit\u00e9. O\u00f9 la rigueur et l&rsquo;engagement des enseignants ne font pas d\u00e9faut. C&rsquo;est pourquoi je vous exhorte au s\u00e9rieux et au courage, le tout couronn\u00e9 par la discipline, afin de faire honneur \u00e0 vos parents qui ont consenti d&rsquo;\u00e9norme sacrifice pour atteindre ce niveau d&rsquo;\u00e9tude&gt;&gt;.<\/em><\/p>\n<p><!-- \/wp:paragraph --><!-- wp:paragraph --><\/p>\n<p>&lt;&lt;Je suis tr\u00e8s satisfait de la r\u00e9ussite de cette c\u00e9r\u00e9monie. Et c&rsquo;est l&rsquo;occasion pour moi de remercier Monsieur le Recteur, pour son appui et soutien des activit\u00e9s de la commission culturelle et sportive de l&rsquo;universit\u00e9. Et tenons \u00e0 rassurer mes \u00e9tudiants et \u00e9tudiantes que la commission reste \u00e0 leur enti\u00e8re disposition&gt;&gt; dira Mamadouba SYLLA, vice pr\u00e9sident de la commission culturelle et sportive de l&rsquo;universit\u00e9 de N&rsquo;Z\u00e9r\u00e9kor\u00e9.<\/p>\n<p><!-- \/wp:paragraph --><!-- wp:paragraph --><\/p>\n<p>Cette c\u00e9r\u00e9monie d&rsquo;accueil a connue des pr\u00e9sentations artistiques et th\u00e9\u00e2trale mais aussi de l&rsquo;\u00e9lection Miss et Master. Le tout couronn\u00e9 par un match de Gala entre la Facult\u00e9 des Sciences et techniques et la Facult\u00e9 des sciences de l&rsquo;environnement face \u00e0 la facult\u00e9 des lettres et sciences humaines qui a gagn\u00e9 sur un score d&rsquo;un but.<\/p>\n<p><!-- \/wp:paragraph --><!-- wp:paragraph --><\/p>\n<p>A noter que cette ann\u00e9e l&rsquo;universit\u00e9 de N&rsquo;Z\u00e9r\u00e9kor\u00e9, compte 11 d\u00e9partements et a re\u00e7u 1 950 \u00e9tudiants dont 649 \u00e9tudiantes orient\u00e9s au compte de l&rsquo;ann\u00e9e universitaire 2023-2024.<\/p>\n<p><!-- \/wp:paragraph --><!-- wp:paragraph {\"align\":\"center\"} --><\/p>\n<p class=\"has-text-align-center\"><strong>Sanassa SINAYO correspondant \u00e0 N&rsquo;Z\u00e9r\u00e9kor\u00e9<\/strong><\/p>\t\t\t\t\t\t\t\t<\/div>\n\t\t\t\t<\/div>\n\t\t\t\t\t<\/div>\n\t\t<\/div>\n\t\t\t\t\t<\/div>\n\t\t<\/section>\n\t\t\t\t<\/div>\n\t\t","protected":false},"excerpt":{"rendered":"<p>Ce jeudi 23 d\u00e9cembre 2023, l&rsquo;universit\u00e9 de N&rsquo;Z\u00e9r\u00e9kor\u00e9, \u00e0 travers une grande c\u00e9r\u00e9monie a accueilli les nouveaux \u00e9tudiants qui ont \u00e9t\u00e9 orient\u00e9s dans les 11 d\u00e9partements que compte le temple de savoir. En effet, le Recteur de l&rsquo;Universit\u00e9 de N&rsquo;Z\u00e9r\u00e9kor\u00e9, Dr Oumar KEITA, a demand\u00e9 \u00e0 tous et \u00e0 toutes d&rsquo;observer une minute de silence [&hellip;]<\/p>\n","protected":false},"author":123457,"featured_media":5593,"comment_status":"open","ping_status":"open","sticky":false,"template":"","format":"standard","meta":{"_acf_changed":false,"footnotes":""},"categories":[11,4,18],"tags":[],"class_list":["post-5590","post","type-post","status-publish","format-standard","has-post-thumbnail","hentry","category-actualite","category-education","category-region"],"acf":[],"_links":{"self":[{"href":"https:\/\/lereveil224.info\/index.php\/wp-json\/wp\/v2\/posts\/5590","targetHints":{"allow":["GET"]}}],"collection":[{"href":"https:\/\/lereveil224.info\/index.php\/wp-json\/wp\/v2\/posts"}],"about":[{"href":"https:\/\/lereveil224.info\/index.php\/wp-json\/wp\/v2\/types\/post"}],"author":[{"embeddable":true,"href":"https:\/\/lereveil224.info\/index.php\/wp-json\/wp\/v2\/users\/123457"}],"replies":[{"embeddable":true,"href":"https:\/\/lereveil224.info\/index.php\/wp-json\/wp\/v2\/comments?post=5590"}],"version-history":[{"count":4,"href":"https:\/\/lereveil224.info\/index.php\/wp-json\/wp\/v2\/posts\/5590\/revisions"}],"predecessor-version":[{"id":5598,"href":"https:\/\/lereveil224.info\/index.php\/wp-json\/wp\/v2\/posts\/5590\/revisions\/5598"}],"wp:featuredmedia":[{"embeddable":true,"href":"https:\/\/lereveil224.info\/index.php\/wp-json\/wp\/v2\/media\/5593"}],"wp:attachment":[{"href":"https:\/\/lereveil224.info\/index.php\/wp-json\/wp\/v2\/media?parent=5590"}],"wp:term":[{"taxonomy":"category","embeddable":true,"href":"https:\/\/lereveil224.info\/index.php\/wp-json\/wp\/v2\/categories?post=5590"},{"taxonomy":"post_tag","embeddable":true,"href":"https:\/\/lereveil224.info\/index.php\/wp-json\/wp\/v2\/tags?post=5590"}],"curies":[{"name":"wp","href":"https:\/\/api.w.org\/{rel}","templated":true}]}}