{"id":5495,"date":"2023-11-02T15:52:31","date_gmt":"2023-11-02T15:52:31","guid":{"rendered":"https:\/\/lereveil224.info\/?p=5495"},"modified":"2023-11-02T15:58:56","modified_gmt":"2023-11-02T15:58:56","slug":"nzerekore-a-loccasion-de-lan-65-de-la-creation-de-larmee-le-gouverneur-appel-au-sens-du-devoir","status":"publish","type":"post","link":"https:\/\/lereveil224.info\/index.php\/2023\/11\/02\/nzerekore-a-loccasion-de-lan-65-de-la-creation-de-larmee-le-gouverneur-appel-au-sens-du-devoir\/","title":{"rendered":"N&rsquo;Z\u00e9r\u00e9kor\u00e9 : A l&rsquo;occasion de l&rsquo;an 65 de la cr\u00e9ation de l&rsquo;arm\u00e9e, le Gouverneur appel au sens du devoir"},"content":{"rendered":"\t\t<div data-elementor-type=\"wp-post\" data-elementor-id=\"5495\" class=\"elementor elementor-5495\">\n\t\t\t\t\t\t<section class=\"elementor-section elementor-top-section elementor-element elementor-element-7eb05314 elementor-section-boxed elementor-section-height-default elementor-section-height-default\" data-id=\"7eb05314\" data-element_type=\"section\" data-e-type=\"section\">\n\t\t\t\t\t\t<div class=\"elementor-container elementor-column-gap-default\">\n\t\t\t\t\t<div class=\"elementor-column elementor-col-100 elementor-top-column elementor-element elementor-element-44a1811c\" data-id=\"44a1811c\" data-element_type=\"column\" data-e-type=\"column\">\n\t\t\t<div class=\"elementor-widget-wrap elementor-element-populated\">\n\t\t\t\t\t\t<div class=\"elementor-element elementor-element-454cde78 elementor-widget elementor-widget-text-editor\" data-id=\"454cde78\" data-element_type=\"widget\" data-e-type=\"widget\" data-widget_type=\"text-editor.default\">\n\t\t\t\t<div class=\"elementor-widget-container\">\n\t\t\t\t\t\t\t\t\t<p><\/p>\n<p>Ce mercredi, 1er novembre 2023, la plus grande garnison de la r\u00e9gion foresti\u00e8re a servi de cadre \u00e0 la c\u00e9l\u00e9bration de l&rsquo;an 65 de la cr\u00e9ation de l&rsquo;arm\u00e9e guin\u00e9enne.<\/p>\n<p><\/p>\n<p><\/p>\n<p>En effet, c&rsquo;est devant une forte mobilisation des officiers, sous-officiers, militaires de rang mais aussi des cadres et les repr\u00e9sentants des couches sociales de tout bord, que cette f\u00eate a \u00e9t\u00e9 c\u00e9l\u00e9br\u00e9e dans l&rsquo;enceinte du camp Behanzin de N&rsquo;Z\u00e9r\u00e9kor\u00e9.<\/p>\n<p><\/p>\t\t\t\t\t\t\t\t<\/div>\n\t\t\t\t<\/div>\n\t\t\t\t<div class=\"elementor-element elementor-element-62240d2 elementor-widget elementor-widget-image\" data-id=\"62240d2\" data-element_type=\"widget\" data-e-type=\"widget\" data-widget_type=\"image.default\">\n\t\t\t\t<div class=\"elementor-widget-container\">\n\t\t\t\t\t\t\t\t\t\t\t\t\t\t\t<img fetchpriority=\"high\" decoding=\"async\" width=\"486\" height=\"295\" src=\"https:\/\/lereveil224.info\/wp-content\/uploads\/2023\/11\/IMG-20231102-WA0002_1.jpg\" class=\"attachment-large size-large wp-image-5497\" alt=\"\" srcset=\"https:\/\/lereveil224.info\/wp-content\/uploads\/2023\/11\/IMG-20231102-WA0002_1.jpg 486w, https:\/\/lereveil224.info\/wp-content\/uploads\/2023\/11\/IMG-20231102-WA0002_1-300x182.jpg 300w\" sizes=\"(max-width: 486px) 100vw, 486px\" \/>\t\t\t\t\t\t\t\t\t\t\t\t\t\t\t<\/div>\n\t\t\t\t<\/div>\n\t\t\t\t<div class=\"elementor-element elementor-element-ac0bbc9 elementor-widget elementor-widget-text-editor\" data-id=\"ac0bbc9\" data-element_type=\"widget\" data-e-type=\"widget\" data-widget_type=\"text-editor.default\">\n\t\t\t\t<div class=\"elementor-widget-container\">\n\t\t\t\t\t\t\t\t\t<p>Dans son discours, le commandant de la 4\u00e8me r\u00e9gion militaire de N&rsquo;Z\u00e9r\u00e9kor\u00e9, Colonel Damaoulen DJOUMESSY, est revenu sur l&rsquo;historique de la cr\u00e9ation de cette arm\u00e9e, le 1er novembre 1958, sous la direction de feu Ahmed S\u00e9kou TOUR\u00c9.<em>\u00a0&lt;&lt; Nous devons \u00eatre fi\u00e8re de notre arm\u00e9e, car elle a particip\u00e9 aux diff\u00e9rentes lutte de lib\u00e9ration de certains pays de l&rsquo;Afrique mais aussi \u00e0 l&rsquo;instauration de la paix \u00e0 travers les missions de la sous r\u00e9gion. Ce qui \u00e0 ce jour forge le respect et l&rsquo;admiration de notre arm\u00e9e&gt;&gt;.<\/em><\/p>\n<p>Par la suite il a interpell\u00e9 les uns et les autres \u00e0 la discipline mais aussi l&rsquo;union sacr\u00e9e pour une arm\u00e9e r\u00e9publicaine au service de la Guin\u00e9e.<\/p>\t\t\t\t\t\t\t\t<\/div>\n\t\t\t\t<\/div>\n\t\t\t\t<div class=\"elementor-element elementor-element-9f118b3 elementor-widget elementor-widget-image\" data-id=\"9f118b3\" data-element_type=\"widget\" data-e-type=\"widget\" data-widget_type=\"image.default\">\n\t\t\t\t<div class=\"elementor-widget-container\">\n\t\t\t\t\t\t\t\t\t\t\t\t\t\t\t<img decoding=\"async\" width=\"1024\" height=\"461\" src=\"https:\/\/lereveil224.info\/wp-content\/uploads\/2023\/11\/IMG-20231102-WA0003-1024x461.jpg\" class=\"attachment-large size-large wp-image-5501\" alt=\"\" srcset=\"https:\/\/lereveil224.info\/wp-content\/uploads\/2023\/11\/IMG-20231102-WA0003-1024x461.jpg 1024w, https:\/\/lereveil224.info\/wp-content\/uploads\/2023\/11\/IMG-20231102-WA0003-300x135.jpg 300w, https:\/\/lereveil224.info\/wp-content\/uploads\/2023\/11\/IMG-20231102-WA0003-768x346.jpg 768w, https:\/\/lereveil224.info\/wp-content\/uploads\/2023\/11\/IMG-20231102-WA0003.jpg 1080w\" sizes=\"(max-width: 1024px) 100vw, 1024px\" \/>\t\t\t\t\t\t\t\t\t\t\t\t\t\t\t<\/div>\n\t\t\t\t<\/div>\n\t\t\t\t<div class=\"elementor-element elementor-element-4fc931a elementor-widget elementor-widget-text-editor\" data-id=\"4fc931a\" data-element_type=\"widget\" data-e-type=\"widget\" data-widget_type=\"text-editor.default\">\n\t\t\t\t<div class=\"elementor-widget-container\">\n\t\t\t\t\t\t\t\t\t<p>Pour sa part le Colonel Mamadi 2 TOUR\u00c9, repr\u00e9sentant du chef d&rsquo;\u00c9tat-major g\u00e9n\u00e9ral de l&rsquo;arm\u00e9e de terre en mission dans la r\u00e9gion, a tout d&rsquo;abord saluer la bravoure de l&rsquo;arm\u00e9e en ces termes<em>\u00a0&lt;&lt; depuis la prise de la responsabilit\u00e9 de l&rsquo;arm\u00e9e sous la clairvoyance du Colonel Mamadi DOUMBOUYA, la construction et l&rsquo;\u00e9quipement des infrastructures dans les casernes et centres d&rsquo;instruction sont des r\u00e9alit\u00e9s. Et cela contribuera \u00e0 travers les diff\u00e9rentes infrastructures r\u00e9alis\u00e9es dans les unit\u00e9s. Ce qui contribuera forc\u00e9ment \u00e0 l&rsquo;am\u00e9lioration des conditions de vie et travail des hommes en tenue&gt;&gt;.<\/em><\/p>\t\t\t\t\t\t\t\t<\/div>\n\t\t\t\t<\/div>\n\t\t\t\t<div class=\"elementor-element elementor-element-c1ce09a elementor-widget elementor-widget-image\" data-id=\"c1ce09a\" data-element_type=\"widget\" data-e-type=\"widget\" data-widget_type=\"image.default\">\n\t\t\t\t<div class=\"elementor-widget-container\">\n\t\t\t\t\t\t\t\t\t\t\t\t\t\t\t<img decoding=\"async\" width=\"622\" height=\"505\" src=\"https:\/\/lereveil224.info\/wp-content\/uploads\/2023\/11\/IMG-20231102-WA0004_1.jpg\" class=\"attachment-large size-large wp-image-5498\" alt=\"\" srcset=\"https:\/\/lereveil224.info\/wp-content\/uploads\/2023\/11\/IMG-20231102-WA0004_1.jpg 622w, https:\/\/lereveil224.info\/wp-content\/uploads\/2023\/11\/IMG-20231102-WA0004_1-300x244.jpg 300w\" sizes=\"(max-width: 622px) 100vw, 622px\" \/>\t\t\t\t\t\t\t\t\t\t\t\t\t\t\t<\/div>\n\t\t\t\t<\/div>\n\t\t\t\t<div class=\"elementor-element elementor-element-2ef769a elementor-widget elementor-widget-text-editor\" data-id=\"2ef769a\" data-element_type=\"widget\" data-e-type=\"widget\" data-widget_type=\"text-editor.default\">\n\t\t\t\t<div class=\"elementor-widget-container\">\n\t\t\t\t\t\t\t\t\t<p>Pour terminer, le contr\u00f4leur g\u00e9n\u00e9ral de police Lamine KEITA, gouverneur de la r\u00e9gion administrative de N&rsquo;Z\u00e9r\u00e9kor\u00e9 a exhort\u00e9 les populations \u00e0 l&rsquo;union et \u00e0 la coh\u00e9sion sociale. Car sans ces \u00e9l\u00e9ments aucun d\u00e9veloppement durable n&rsquo;est possible.<\/p>\t\t\t\t\t\t\t\t<\/div>\n\t\t\t\t<\/div>\n\t\t\t\t<div class=\"elementor-element elementor-element-ee40e03 elementor-widget elementor-widget-image\" data-id=\"ee40e03\" data-element_type=\"widget\" data-e-type=\"widget\" data-widget_type=\"image.default\">\n\t\t\t\t<div class=\"elementor-widget-container\">\n\t\t\t\t\t\t\t\t\t\t\t\t\t\t\t<img loading=\"lazy\" decoding=\"async\" width=\"1024\" height=\"461\" src=\"https:\/\/lereveil224.info\/wp-content\/uploads\/2023\/11\/IMG-20231102-WA0005-1024x461.jpg\" class=\"attachment-large size-large wp-image-5499\" alt=\"\" srcset=\"https:\/\/lereveil224.info\/wp-content\/uploads\/2023\/11\/IMG-20231102-WA0005-1024x461.jpg 1024w, https:\/\/lereveil224.info\/wp-content\/uploads\/2023\/11\/IMG-20231102-WA0005-300x135.jpg 300w, https:\/\/lereveil224.info\/wp-content\/uploads\/2023\/11\/IMG-20231102-WA0005-768x346.jpg 768w, https:\/\/lereveil224.info\/wp-content\/uploads\/2023\/11\/IMG-20231102-WA0005.jpg 1080w\" sizes=\"(max-width: 1024px) 100vw, 1024px\" \/>\t\t\t\t\t\t\t\t\t\t\t\t\t\t\t<\/div>\n\t\t\t\t<\/div>\n\t\t\t\t<div class=\"elementor-element elementor-element-5fb0bc9 elementor-widget elementor-widget-text-editor\" data-id=\"5fb0bc9\" data-element_type=\"widget\" data-e-type=\"widget\" data-widget_type=\"text-editor.default\">\n\t\t\t\t<div class=\"elementor-widget-container\">\n\t\t\t\t\t\t\t\t\t<p>A noter l&rsquo;un des faits marquants de cette f\u00eate est la d\u00e9monstration de la gendarmerie \u00e0 travers cette situation d\u00e9crite &lt;&lt; l&rsquo;escadron gendarmerie mobile N\u00b010 de N&rsquo;Z\u00e9r\u00e9kor\u00e9, en compagnie du Peloton de Surveillance et d&rsquo;intervention de la gendarmerie (PSIG), de la compagnie gendarmerie territoriale de N&rsquo;Z\u00e9r\u00e9kor\u00e9, dans leurs missions quotidienne de patrouille diurne et nocturne, ont re\u00e7u un appel t\u00e9l\u00e9phonique du centre d&rsquo;op\u00e9ration (CO) de la r\u00e9gion de gendarmerie Guin\u00e9e Foresti\u00e8re, relatif \u00e0 un v\u00e9hicule non immatricul\u00e9 de marque Toyota Corolla, de couleur grise qui aurait braqu\u00e9 une station dans la commune urbaine, au quartier Dorota, avec \u00e0 son bord deux individus arm\u00e9s et dangereux.<\/p>\n<p>Apr\u00e8s l&rsquo;identification du v\u00e9hicule, les \u00e9l\u00e9ments de patrouille de l&rsquo;escadron et du PSIG ont poursuivi le v\u00e9hicule formellement identifi\u00e9 et ont proc\u00e9d\u00e9 \u00e0 l&rsquo;interpellation des 2 individus \u00e0 bord. Au cours de la fouille du v\u00e9hicule, un PMAK, un pistolet de marque Makarov et un sac d&rsquo;argent ont \u00e9t\u00e9 saisis. Les \u00e9l\u00e9ments interpell\u00e9s sont mis \u00e0 la disposition de la brigade de recherche (BR), pour enqu\u00eate et proc\u00e8s verbal (PV).<\/p>\n<p>Cette f\u00eate qui a connue une forte mobilisation des anciens combattants et civiles a \u00e9t\u00e9 cl\u00f4tur\u00e9e par un match de Gala qui a oppos\u00e9 l&rsquo;\u00e9quipe de football de la 4\u00e8me r\u00e9gion militaire de N&rsquo;Z\u00e9r\u00e9kor\u00e9 et FC Comazone.<\/p>\t\t\t\t\t\t\t\t<\/div>\n\t\t\t\t<\/div>\n\t\t\t\t\t<\/div>\n\t\t<\/div>\n\t\t\t\t\t<\/div>\n\t\t<\/section>\n\t\t\t\t<\/div>\n\t\t","protected":false},"excerpt":{"rendered":"<p>Ce mercredi, 1er novembre 2023, la plus grande garnison de la r\u00e9gion foresti\u00e8re a servi de cadre \u00e0 la c\u00e9l\u00e9bration de l&rsquo;an 65 de la cr\u00e9ation de l&rsquo;arm\u00e9e guin\u00e9enne. En effet, c&rsquo;est devant une forte mobilisation des officiers, sous-officiers, militaires de rang mais aussi des cadres et les repr\u00e9sentants des couches sociales de tout bord, [&hellip;]<\/p>\n","protected":false},"author":123457,"featured_media":5500,"comment_status":"open","ping_status":"open","sticky":false,"template":"","format":"standard","meta":{"_acf_changed":false,"footnotes":""},"categories":[11,42,18,10],"tags":[],"class_list":["post-5495","post","type-post","status-publish","format-standard","has-post-thumbnail","hentry","category-actualite","category-militaire","category-region","category-societe"],"acf":[],"_links":{"self":[{"href":"https:\/\/lereveil224.info\/index.php\/wp-json\/wp\/v2\/posts\/5495","targetHints":{"allow":["GET"]}}],"collection":[{"href":"https:\/\/lereveil224.info\/index.php\/wp-json\/wp\/v2\/posts"}],"about":[{"href":"https:\/\/lereveil224.info\/index.php\/wp-json\/wp\/v2\/types\/post"}],"author":[{"embeddable":true,"href":"https:\/\/lereveil224.info\/index.php\/wp-json\/wp\/v2\/users\/123457"}],"replies":[{"embeddable":true,"href":"https:\/\/lereveil224.info\/index.php\/wp-json\/wp\/v2\/comments?post=5495"}],"version-history":[{"count":5,"href":"https:\/\/lereveil224.info\/index.php\/wp-json\/wp\/v2\/posts\/5495\/revisions"}],"predecessor-version":[{"id":5505,"href":"https:\/\/lereveil224.info\/index.php\/wp-json\/wp\/v2\/posts\/5495\/revisions\/5505"}],"wp:featuredmedia":[{"embeddable":true,"href":"https:\/\/lereveil224.info\/index.php\/wp-json\/wp\/v2\/media\/5500"}],"wp:attachment":[{"href":"https:\/\/lereveil224.info\/index.php\/wp-json\/wp\/v2\/media?parent=5495"}],"wp:term":[{"taxonomy":"category","embeddable":true,"href":"https:\/\/lereveil224.info\/index.php\/wp-json\/wp\/v2\/categories?post=5495"},{"taxonomy":"post_tag","embeddable":true,"href":"https:\/\/lereveil224.info\/index.php\/wp-json\/wp\/v2\/tags?post=5495"}],"curies":[{"name":"wp","href":"https:\/\/api.w.org\/{rel}","templated":true}]}}