{"id":3081,"date":"2023-08-07T17:41:19","date_gmt":"2023-08-07T17:41:19","guid":{"rendered":"https:\/\/lereveil224.info\/?p=3081"},"modified":"2023-08-07T17:41:20","modified_gmt":"2023-08-07T17:41:20","slug":"niger-le-mali-et-le-burkina-prouvent-leur-solidarite-par-lenvoie-dune-delegation-militaire","status":"publish","type":"post","link":"https:\/\/lereveil224.info\/index.php\/2023\/08\/07\/niger-le-mali-et-le-burkina-prouvent-leur-solidarite-par-lenvoie-dune-delegation-militaire\/","title":{"rendered":"Niger : le Mali et le Burkina  prouvent leur solidarit\u00e9 par l&rsquo;envoie d&rsquo;une d\u00e9l\u00e9gation militaire"},"content":{"rendered":"\n<p>Face au dernier ultimatum de la <strong>CEDEAO<\/strong>, la junte malienne passe \u00e0 la vitesse sup\u00e9rieure par l&rsquo;envoie d&rsquo;une d\u00e9l\u00e9gation \u00e0 <strong>Niamey<\/strong>. Une d\u00e9l\u00e9gation plac\u00e9e sous la conduite du premier ministre <strong>Malien<\/strong>,  Lieutenant-colonel <strong>Abdoulaye MAIGA<\/strong>.<\/p>\n\n\n\n<p>Suite \u00e0 une annonce faite par l&rsquo;arm\u00e9e malienne, une d\u00e9l\u00e9gation du pays des hommes int\u00e8gres et du <strong>Mali<\/strong> est attendue dans la journ\u00e9e de ce <strong>lundi 07 Ao\u00fbt 2023 \u00e0 Niamey<\/strong>.  <\/p>\n\n\n\n<p><em>&lt;&lt;Le Burkina Faso et le Mali envoient une d\u00e9l\u00e9gation \u00e0 Niamey, conduite par le ministre malien Abdoulaye Ma\u00efga >>,<\/em> a d\u00e9voil\u00e9 la junte malienne sur les r\u00e9seaux sociaux.<\/p>\n\n\n\n<p>A travers la m\u00eame source, l&rsquo;envoie de cette d\u00e9l\u00e9gation a pour but  de t\u00e9moigner la  solidarit\u00e9 qui existe entre les deux pays fr\u00e8re( <strong>Mali-Niger<\/strong>).<\/p>\n\n\n\n<p>Depuis la chute du r\u00e9gime de <strong>Mohamed BAZOUM<\/strong> par un coup d&rsquo;\u00c9tat. La Communaut\u00e9 \u00c9conomique des \u00c9tats de l&rsquo;Afrique de l&rsquo;Ouest (<strong>CEDEAO<\/strong>) demande le retour \u00e0 l&rsquo;ordre constitutionnel et la r\u00e9installation des institutions d\u00e9mocratiques. Sans quoi, une intervention militaire ouest-africaine est possible. Suite \u00e0 cette menace, la junte r\u00e9plique en ces termes. <em>&lt;&lt;Face \u00e0 la menace d\u2019intervention militaire qui se pr\u00e9cise \u00e0 travers la pr\u00e9paration \u00e0 partir d\u2019un pays voisin, l\u2019espace a\u00e9rien nig\u00e9rien est ferm\u00e9 \u00e0 compter de ce jour dimanche 06 ao\u00fbt jusqu\u2019\u00e0 nouvel ordre pour tous les a\u00e9ronefs. Toute tentative de violation nationale fera l\u2019objet d\u2019une riposte \u00e9nergique et instantan\u00e9e >> <\/em>d\u00e9clare la junte nig\u00e9rienne.<\/p>\n\n\n\n<p>\u00c0 rappeler que plus de <strong>30.000<\/strong> citoyens Nig\u00e9riens \u00e9taient pr\u00e9sent au stade dans la nuit du <strong>dimanche 06<\/strong> <strong>ao\u00fbt 2023<\/strong> pour la \u00ab\u00a0Veill\u00e9e  Citoyenne\u00a0\u00bb. Une mobilisation faite pour emp\u00eacher \u00ab\u00a0les infiltr\u00e9s\u00a0\u00bb dont leur pr\u00e9sence fait \u00e9cho dans la cit\u00e9 depuis quelques jours.<\/p>\n\n\n\n<p class=\"has-text-align-center\"><strong>Abdoulaye CAMARA notre correspondant \u00e0 Conakry<\/strong><\/p>\n\n\n\n<p class=\"has-text-align-center\"><strong>T\u00e9l : 628 62 36 54<\/strong><\/p>\n","protected":false},"excerpt":{"rendered":"<p>Face au dernier ultimatum de la CEDEAO, la junte malienne passe \u00e0 la vitesse sup\u00e9rieure par l&rsquo;envoie d&rsquo;une d\u00e9l\u00e9gation \u00e0 Niamey. Une d\u00e9l\u00e9gation plac\u00e9e sous la conduite du premier ministre Malien, Lieutenant-colonel Abdoulaye MAIGA. Suite \u00e0 une annonce faite par l&rsquo;arm\u00e9e malienne, une d\u00e9l\u00e9gation du pays des hommes int\u00e8gres et du Mali est attendue dans [&hellip;]<\/p>\n","protected":false},"author":123457,"featured_media":3082,"comment_status":"open","ping_status":"open","sticky":false,"template":"","format":"standard","meta":{"_acf_changed":false,"footnotes":""},"categories":[11,18],"tags":[],"class_list":["post-3081","post","type-post","status-publish","format-standard","has-post-thumbnail","hentry","category-actualite","category-region"],"acf":[],"_links":{"self":[{"href":"https:\/\/lereveil224.info\/index.php\/wp-json\/wp\/v2\/posts\/3081","targetHints":{"allow":["GET"]}}],"collection":[{"href":"https:\/\/lereveil224.info\/index.php\/wp-json\/wp\/v2\/posts"}],"about":[{"href":"https:\/\/lereveil224.info\/index.php\/wp-json\/wp\/v2\/types\/post"}],"author":[{"embeddable":true,"href":"https:\/\/lereveil224.info\/index.php\/wp-json\/wp\/v2\/users\/123457"}],"replies":[{"embeddable":true,"href":"https:\/\/lereveil224.info\/index.php\/wp-json\/wp\/v2\/comments?post=3081"}],"version-history":[{"count":1,"href":"https:\/\/lereveil224.info\/index.php\/wp-json\/wp\/v2\/posts\/3081\/revisions"}],"predecessor-version":[{"id":3083,"href":"https:\/\/lereveil224.info\/index.php\/wp-json\/wp\/v2\/posts\/3081\/revisions\/3083"}],"wp:featuredmedia":[{"embeddable":true,"href":"https:\/\/lereveil224.info\/index.php\/wp-json\/wp\/v2\/media\/3082"}],"wp:attachment":[{"href":"https:\/\/lereveil224.info\/index.php\/wp-json\/wp\/v2\/media?parent=3081"}],"wp:term":[{"taxonomy":"category","embeddable":true,"href":"https:\/\/lereveil224.info\/index.php\/wp-json\/wp\/v2\/categories?post=3081"},{"taxonomy":"post_tag","embeddable":true,"href":"https:\/\/lereveil224.info\/index.php\/wp-json\/wp\/v2\/tags?post=3081"}],"curies":[{"name":"wp","href":"https:\/\/api.w.org\/{rel}","templated":true}]}}