{"id":2988,"date":"2023-08-02T17:17:44","date_gmt":"2023-08-02T17:17:44","guid":{"rendered":"https:\/\/lereveil224.info\/?p=2988"},"modified":"2023-08-02T17:17:44","modified_gmt":"2023-08-02T17:17:44","slug":"cote-divoire-lancien-president-henri-konan-bedie-parti-a-jamais","status":"publish","type":"post","link":"https:\/\/lereveil224.info\/index.php\/2023\/08\/02\/cote-divoire-lancien-president-henri-konan-bedie-parti-a-jamais\/","title":{"rendered":"C\u00f4te d\u2019Ivoire : l\u2019ancien pr\u00e9sident, Henri Konan B\u00c9DI\u00c9 parti \u00e0 jamais"},"content":{"rendered":"\n<p>Ce <strong>mardi, 1er ao\u00fbt 2023<\/strong>, les archives de la <strong>C\u00f4te d&rsquo;Ivoire<\/strong> ont enregistr\u00e9es le d\u00e9c\u00e8s  de l&rsquo;ancien pr\u00e9sident <strong>Henri Konan B\u00c9DI\u00c9<\/strong> par la suite d&rsquo;un malaise \u00e0 l&rsquo;\u00e2ge de <strong>89 ans<\/strong>.<\/p>\n\n\n\n<p><strong>Henri<\/strong> \u00e9tait respect\u00e9 dans la politique et il avait un grand engagement pour la d\u00e9mocratie et le d\u00e9veloppement de son pays ( <strong>C\u00f4te d&rsquo;Ivoire<\/strong>).<\/p>\n\n\n\n<p>Avant de devenir pr\u00e9sident de la <strong>R\u00e9publique de C\u00f4te d\u2019Ivoire<\/strong> entre <strong>1993 et 1999<\/strong>, le d\u00e9funt a \u00e9t\u00e9 ambassadeur de la <strong>C\u00f4te d\u2019Ivoire aux \u00c9tats-Unis<\/strong> dans les ann\u00e9es \u2018\u2018<strong>60<\/strong>\u2019\u2019, ministre de l\u2019\u00c9conomie et des Finances de <strong>F\u00e9lix Houphou\u00ebt-BOIGNY<\/strong> et pr\u00e9sident de l\u2019Assembl\u00e9e nationale.<\/p>\n\n\n\n<p>Il part en laissant derri\u00e8re lui, un riche h\u00e9ritage, notamment dans le domaine politique.<\/p>\n\n\n\n<p>Que son \u00e2me repose en Paix !<\/p>\n\n\n\n<p class=\"has-text-align-center\"><strong>Mamadouba CAMARA pour lereveil224.info<\/strong><\/p>\n","protected":false},"excerpt":{"rendered":"<p>Ce mardi, 1er ao\u00fbt 2023, les archives de la C\u00f4te d&rsquo;Ivoire ont enregistr\u00e9es le d\u00e9c\u00e8s de l&rsquo;ancien pr\u00e9sident Henri Konan B\u00c9DI\u00c9 par la suite d&rsquo;un malaise \u00e0 l&rsquo;\u00e2ge de 89 ans. Henri \u00e9tait respect\u00e9 dans la politique et il avait un grand engagement pour la d\u00e9mocratie et le d\u00e9veloppement de son pays ( C\u00f4te d&rsquo;Ivoire). [&hellip;]<\/p>\n","protected":false},"author":123457,"featured_media":2989,"comment_status":"open","ping_status":"open","sticky":false,"template":"","format":"standard","meta":{"_acf_changed":false,"footnotes":""},"categories":[11,30],"tags":[],"class_list":["post-2988","post","type-post","status-publish","format-standard","has-post-thumbnail","hentry","category-actualite","category-international"],"acf":[],"_links":{"self":[{"href":"https:\/\/lereveil224.info\/index.php\/wp-json\/wp\/v2\/posts\/2988","targetHints":{"allow":["GET"]}}],"collection":[{"href":"https:\/\/lereveil224.info\/index.php\/wp-json\/wp\/v2\/posts"}],"about":[{"href":"https:\/\/lereveil224.info\/index.php\/wp-json\/wp\/v2\/types\/post"}],"author":[{"embeddable":true,"href":"https:\/\/lereveil224.info\/index.php\/wp-json\/wp\/v2\/users\/123457"}],"replies":[{"embeddable":true,"href":"https:\/\/lereveil224.info\/index.php\/wp-json\/wp\/v2\/comments?post=2988"}],"version-history":[{"count":1,"href":"https:\/\/lereveil224.info\/index.php\/wp-json\/wp\/v2\/posts\/2988\/revisions"}],"predecessor-version":[{"id":2990,"href":"https:\/\/lereveil224.info\/index.php\/wp-json\/wp\/v2\/posts\/2988\/revisions\/2990"}],"wp:featuredmedia":[{"embeddable":true,"href":"https:\/\/lereveil224.info\/index.php\/wp-json\/wp\/v2\/media\/2989"}],"wp:attachment":[{"href":"https:\/\/lereveil224.info\/index.php\/wp-json\/wp\/v2\/media?parent=2988"}],"wp:term":[{"taxonomy":"category","embeddable":true,"href":"https:\/\/lereveil224.info\/index.php\/wp-json\/wp\/v2\/categories?post=2988"},{"taxonomy":"post_tag","embeddable":true,"href":"https:\/\/lereveil224.info\/index.php\/wp-json\/wp\/v2\/tags?post=2988"}],"curies":[{"name":"wp","href":"https:\/\/api.w.org\/{rel}","templated":true}]}}