{"id":2977,"date":"2023-08-01T11:04:59","date_gmt":"2023-08-01T11:04:59","guid":{"rendered":"https:\/\/lereveil224.info\/?p=2977"},"modified":"2023-08-01T11:04:59","modified_gmt":"2023-08-01T11:04:59","slug":"coup-de-force-au-niger-le-cnrd-rend-hommage-au-peuple-a-travers-un-communique","status":"publish","type":"post","link":"https:\/\/lereveil224.info\/index.php\/2023\/08\/01\/coup-de-force-au-niger-le-cnrd-rend-hommage-au-peuple-a-travers-un-communique\/","title":{"rendered":"Coup de force au  Niger: le CNRD  rend hommage au peuple \u00e0 travers un communiqu\u00e9"},"content":{"rendered":"\n<p>Au lendemain de l&rsquo;annonce de la prise du pouvoir du groupe r\u00e9unis au sein du Conseil National de la Sauvegarde de la Patrie (<strong>CNSP<\/strong>), le Comit\u00e9 National pour le Rassemblement pour le d\u00e9veloppement (<strong>CRND<\/strong>) vient de rendre hommage \u00e0 la population du Niger pour leur sens de maturit\u00e9 \u00e9lev\u00e9 et de patriotisme.<\/p>\n\n\n\n<p>C&rsquo;est \u00e0 travers un communiqu\u00e9 diffus\u00e9 et lu ce soir dans le Journal T\u00e9l\u00e9vis\u00e9 de <strong>20h30mn  de la RTG<\/strong>, que les autorit\u00e9s guin\u00e9ennes ont salu\u00e9 l&rsquo;attitude des forces de d\u00e9fense et de s\u00e9curit\u00e9 du <strong>Niger<\/strong> pour la sauvegarde de l&rsquo;int\u00e9r\u00eat sup\u00e9rieur de leur nation.<\/p>\n\n\n\n<p>En outre, la junte militaire guin\u00e9enne  a aussi fait mention du sommet <strong>Russie-Afrique<\/strong> tenu le<strong> 30 juillet<\/strong> <strong>2023<\/strong>. <\/p>\n\n\n\n<p>&lt;<em>&lt; Les sanctions prises et les menaces prof\u00e9r\u00e9es lors du sommet du 30 juillet n&rsquo;engagent nullement la R\u00e9publique de Guin\u00e9e>>  <\/em>d\u00e9clare le <strong>CNRD<\/strong>. <\/p>\n\n\n\n<p>Plus loin, le m\u00eame communiqu\u00e9 souligne :<em> &lt;&lt;Au moment o\u00f9 les jeunes populations de l&rsquo;espace CEDEAO vivent un drame humain en Tunisie et dans la M\u00e9diterran\u00e9e, la pr\u00e9occupation des dirigeants africains de la sous-r\u00e9gion devrait \u00eatre plut\u00f4t orient\u00e9e vers les enjeux strat\u00e9giques, socio-\u00e9conomiques pour l&rsquo;atteinte de leurs aspirations que de se pencher sur le sort des pr\u00e9sidents d\u00e9\u00e7us>><\/em> rench\u00e9rit-il.<\/p>\n\n\n\n<p>L&rsquo;int\u00e9gralit\u00e9 du communiqu\u00e9 ci-dessous !<\/p>\n\n\n\n<figure class=\"wp-block-gallery has-nested-images columns-default is-cropped\">\n<figure class=\"wp-block-image size-large\"><img fetchpriority=\"high\" decoding=\"async\" width=\"506\" height=\"720\" data-id=\"2978\" src=\"https:\/\/lereveil224.info\/wp-content\/uploads\/2023\/08\/IMG-20230801-WA0002.jpg\" alt=\"\" class=\"wp-image-2978\" srcset=\"https:\/\/lereveil224.info\/wp-content\/uploads\/2023\/08\/IMG-20230801-WA0002.jpg 506w, https:\/\/lereveil224.info\/wp-content\/uploads\/2023\/08\/IMG-20230801-WA0002-211x300.jpg 211w\" sizes=\"(max-width: 506px) 100vw, 506px\" \/><\/figure>\n\n\n\n<figure class=\"wp-block-image size-large\"><img decoding=\"async\" width=\"504\" height=\"720\" data-id=\"2979\" src=\"https:\/\/lereveil224.info\/wp-content\/uploads\/2023\/08\/IMG-20230801-WA0003.jpg\" alt=\"\" class=\"wp-image-2979\" srcset=\"https:\/\/lereveil224.info\/wp-content\/uploads\/2023\/08\/IMG-20230801-WA0003.jpg 504w, https:\/\/lereveil224.info\/wp-content\/uploads\/2023\/08\/IMG-20230801-WA0003-210x300.jpg 210w\" sizes=\"(max-width: 504px) 100vw, 504px\" \/><\/figure>\n<\/figure>\n\n\n\n<p class=\"has-text-align-center\"><strong>Abdoulaye CAMARA notre correspondant \u00e0 Conakry <\/strong><\/p>\n\n\n\n<p class=\"has-text-align-center\"><strong>T\u00e9l: 628 62 36 54<\/strong><\/p>\n","protected":false},"excerpt":{"rendered":"<p>Au lendemain de l&rsquo;annonce de la prise du pouvoir du groupe r\u00e9unis au sein du Conseil National de la Sauvegarde de la Patrie (CNSP), le Comit\u00e9 National pour le Rassemblement pour le d\u00e9veloppement (CRND) vient de rendre hommage \u00e0 la population du Niger pour leur sens de maturit\u00e9 \u00e9lev\u00e9 et de patriotisme. C&rsquo;est \u00e0 travers [&hellip;]<\/p>\n","protected":false},"author":123457,"featured_media":2980,"comment_status":"open","ping_status":"open","sticky":false,"template":"","format":"standard","meta":{"_acf_changed":false,"footnotes":""},"categories":[11,2,18],"tags":[],"class_list":["post-2977","post","type-post","status-publish","format-standard","has-post-thumbnail","hentry","category-actualite","category-politique","category-region"],"acf":[],"_links":{"self":[{"href":"https:\/\/lereveil224.info\/index.php\/wp-json\/wp\/v2\/posts\/2977","targetHints":{"allow":["GET"]}}],"collection":[{"href":"https:\/\/lereveil224.info\/index.php\/wp-json\/wp\/v2\/posts"}],"about":[{"href":"https:\/\/lereveil224.info\/index.php\/wp-json\/wp\/v2\/types\/post"}],"author":[{"embeddable":true,"href":"https:\/\/lereveil224.info\/index.php\/wp-json\/wp\/v2\/users\/123457"}],"replies":[{"embeddable":true,"href":"https:\/\/lereveil224.info\/index.php\/wp-json\/wp\/v2\/comments?post=2977"}],"version-history":[{"count":1,"href":"https:\/\/lereveil224.info\/index.php\/wp-json\/wp\/v2\/posts\/2977\/revisions"}],"predecessor-version":[{"id":2981,"href":"https:\/\/lereveil224.info\/index.php\/wp-json\/wp\/v2\/posts\/2977\/revisions\/2981"}],"wp:featuredmedia":[{"embeddable":true,"href":"https:\/\/lereveil224.info\/index.php\/wp-json\/wp\/v2\/media\/2980"}],"wp:attachment":[{"href":"https:\/\/lereveil224.info\/index.php\/wp-json\/wp\/v2\/media?parent=2977"}],"wp:term":[{"taxonomy":"category","embeddable":true,"href":"https:\/\/lereveil224.info\/index.php\/wp-json\/wp\/v2\/categories?post=2977"},{"taxonomy":"post_tag","embeddable":true,"href":"https:\/\/lereveil224.info\/index.php\/wp-json\/wp\/v2\/tags?post=2977"}],"curies":[{"name":"wp","href":"https:\/\/api.w.org\/{rel}","templated":true}]}}