{"id":2967,"date":"2023-08-01T10:11:51","date_gmt":"2023-08-01T10:11:51","guid":{"rendered":"https:\/\/lereveil224.info\/?p=2967"},"modified":"2023-08-01T10:24:30","modified_gmt":"2023-08-01T10:24:30","slug":"decret-colonel-karamoko-camara-a-la-tete-du-bata","status":"publish","type":"post","link":"https:\/\/lereveil224.info\/index.php\/2023\/08\/01\/decret-colonel-karamoko-camara-a-la-tete-du-bata\/","title":{"rendered":"D\u00e9cret : Colonel Karamoko CAMARA \u00e0 la t\u00eate du BATA"},"content":{"rendered":"\n<p>Dans un d\u00e9cret lu sur le petit \u00e9cran de la t\u00e9l\u00e9vision nationale le <strong>lundi 31 ao\u00fbt 2023<\/strong>, le Colonel <strong>Mamadi<\/strong> <strong>DOUMBOUYA<\/strong>, pr\u00e9sident de la transition, chef de l&rsquo;\u00e9tat, a port\u00e9 la confiance \u00e0 plusieurs officiers de l&rsquo;arm\u00e9e guin\u00e9enne en les nommant \u00e0 des niveaux de responsabilit\u00e9.<\/p>\n\n\n\n<p>Parmi lesquels l&rsquo;officier adjoint de la <strong>4\u00e8me<\/strong> r\u00e9gion militaire de <strong>N&rsquo;Z\u00e9r\u00e9kor\u00e9<\/strong>, Colonel <strong>Kamaroko CAMARA<\/strong>, matricule <strong>18064 G<\/strong>, nomm\u00e9 Commandant du Bataillon Autonome des Troupes A\u00e9roport\u00e9 (<strong>BATA<\/strong>).<\/p>\n\n\n<div class=\"wp-block-image\">\n<figure class=\"aligncenter size-full\"><img fetchpriority=\"high\" decoding=\"async\" width=\"809\" height=\"488\" src=\"https:\/\/lereveil224.info\/wp-content\/uploads\/2023\/08\/IMG-20230801-WA0001_1.jpg\" alt=\"\" class=\"wp-image-2969\" srcset=\"https:\/\/lereveil224.info\/wp-content\/uploads\/2023\/08\/IMG-20230801-WA0001_1.jpg 809w, https:\/\/lereveil224.info\/wp-content\/uploads\/2023\/08\/IMG-20230801-WA0001_1-300x181.jpg 300w, https:\/\/lereveil224.info\/wp-content\/uploads\/2023\/08\/IMG-20230801-WA0001_1-768x463.jpg 768w\" sizes=\"(max-width: 809px) 100vw, 809px\" \/><\/figure>\n<\/div>\n\n\n<p>Connu pour le travail, son courage, son humilit\u00e9 mais aussi son sens de diriger la troupe, Colonel <strong>Karamoko CAMARA<\/strong> est l&rsquo;un des rares officiers qui fait l&rsquo;unanimit\u00e9 au sein des populations de la capitale de la <strong>Guin\u00e9e Foresti\u00e8re.<\/strong><\/p>\n\n\n\n<p>Sur le m\u00eame d\u00e9cret, il y a :<\/p>\n\n\n\n<p>1- Commandant du Bataillon Sp\u00e9cial de <strong>Conakry, <\/strong>Colonel<strong> Moro DIAKIT\u00c9<\/strong>, matricule <strong>194 94 G<\/strong>, pr\u00e9c\u00e9demment Commandant du Bataillon autonome de <strong>Gu\u00e9ck\u00e9dou<\/strong> ;<\/p>\n\n\n\n<p>2- Commandant du Bataillon autonome de <strong>Gu\u00e9ck\u00e9dou<\/strong> : Colonel <strong>Fama KOUROUMA<\/strong>, matricule <strong>174 52 G<\/strong>, pr\u00e9c\u00e9demment Directeur adjoint des \u00c9tudes strat\u00e9giques et perspectives au minist\u00e8re de la D\u00e9fense Nationale ;<\/p>\n\n\n\n<p>3- Commandant adjoint de la premi\u00e8re R\u00e9gion militaire de <strong>Kindia<\/strong> : Colonel <strong>Aly Badara SANGAR\u00c9<\/strong>, matricule <strong>195 21 G<\/strong>, pr\u00e9c\u00e9demment Commandant du Bataillon autonome des troupes a\u00e9roport\u00e9es ;<\/p>\n\n\n\n<p>4- Commandant adjoint de la quatri\u00e8me R\u00e9gion militaire de <strong>N&rsquo;Z\u00e9r\u00e9kor\u00e9<\/strong> : Lieutenant-Colonel <strong>Ibrahima Kalil<\/strong> <strong>KEITA<\/strong>, matricule <strong>173 74 G<\/strong>, pr\u00e9c\u00e9demment officier adjoint de la premi\u00e8re R\u00e9gion militaire de <strong>Kindia<\/strong> ;<\/p>\n\n\n\n<p>5- Directeur g\u00e9n\u00e9ral du Service de sant\u00e9 des arm\u00e9es : Colonel <strong>Moriba DIONE<\/strong>, matricule <strong>180 87 G<\/strong>, pr\u00e9c\u00e9demment Directeur adjoint dudit service;<\/p>\n\n\n\n<p>6- Directeur g\u00e9n\u00e9ral adjoint du Service de sant\u00e9 des arm\u00e9es : Colonel <strong>Abdel Kemoko DIALLO<\/strong>, matricule <strong>190 21 G,<\/strong> pr\u00e9c\u00e9demment M\u00e9decin-chef du Bataillon sp\u00e9cial de <strong>Conakry<\/strong>.<\/p>\n\n\n\n<p>A noter que le Colonel <strong>Karamoko CAMARA (Moko)<\/strong> b\u00e9n\u00e9ficie ce d\u00e9cret apr\u00e8s plusieurs ann\u00e9es pass\u00e9es comme officiers adjoint de la <strong>4\u00e8me<\/strong> r\u00e9gion militaire de <strong>N&rsquo;Z\u00e9r\u00e9kor\u00e9 ( Camp Bahanzin)<\/strong>.<\/p>\n\n\n\n<p class=\"has-text-align-center\"><strong>Mamadouba CAMARA pour lereveil224.info<\/strong><\/p>\n","protected":false},"excerpt":{"rendered":"<p>Dans un d\u00e9cret lu sur le petit \u00e9cran de la t\u00e9l\u00e9vision nationale le lundi 31 ao\u00fbt 2023, le Colonel Mamadi DOUMBOUYA, pr\u00e9sident de la transition, chef de l&rsquo;\u00e9tat, a port\u00e9 la confiance \u00e0 plusieurs officiers de l&rsquo;arm\u00e9e guin\u00e9enne en les nommant \u00e0 des niveaux de responsabilit\u00e9. Parmi lesquels l&rsquo;officier adjoint de la 4\u00e8me r\u00e9gion militaire [&hellip;]<\/p>\n","protected":false},"author":123457,"featured_media":2968,"comment_status":"open","ping_status":"open","sticky":false,"template":"","format":"standard","meta":{"_acf_changed":false,"footnotes":""},"categories":[11,2,18],"tags":[],"class_list":["post-2967","post","type-post","status-publish","format-standard","has-post-thumbnail","hentry","category-actualite","category-politique","category-region"],"acf":[],"_links":{"self":[{"href":"https:\/\/lereveil224.info\/index.php\/wp-json\/wp\/v2\/posts\/2967","targetHints":{"allow":["GET"]}}],"collection":[{"href":"https:\/\/lereveil224.info\/index.php\/wp-json\/wp\/v2\/posts"}],"about":[{"href":"https:\/\/lereveil224.info\/index.php\/wp-json\/wp\/v2\/types\/post"}],"author":[{"embeddable":true,"href":"https:\/\/lereveil224.info\/index.php\/wp-json\/wp\/v2\/users\/123457"}],"replies":[{"embeddable":true,"href":"https:\/\/lereveil224.info\/index.php\/wp-json\/wp\/v2\/comments?post=2967"}],"version-history":[{"count":4,"href":"https:\/\/lereveil224.info\/index.php\/wp-json\/wp\/v2\/posts\/2967\/revisions"}],"predecessor-version":[{"id":2976,"href":"https:\/\/lereveil224.info\/index.php\/wp-json\/wp\/v2\/posts\/2967\/revisions\/2976"}],"wp:featuredmedia":[{"embeddable":true,"href":"https:\/\/lereveil224.info\/index.php\/wp-json\/wp\/v2\/media\/2968"}],"wp:attachment":[{"href":"https:\/\/lereveil224.info\/index.php\/wp-json\/wp\/v2\/media?parent=2967"}],"wp:term":[{"taxonomy":"category","embeddable":true,"href":"https:\/\/lereveil224.info\/index.php\/wp-json\/wp\/v2\/categories?post=2967"},{"taxonomy":"post_tag","embeddable":true,"href":"https:\/\/lereveil224.info\/index.php\/wp-json\/wp\/v2\/tags?post=2967"}],"curies":[{"name":"wp","href":"https:\/\/api.w.org\/{rel}","templated":true}]}}