{"id":1910,"date":"2023-05-30T16:46:08","date_gmt":"2023-05-30T16:46:08","guid":{"rendered":"https:\/\/lereveil224.info\/?p=1910"},"modified":"2023-05-30T17:15:48","modified_gmt":"2023-05-30T17:15:48","slug":"massacres-du-28-septembre-les-raisons-du-boycotte-de-ce-proces","status":"publish","type":"post","link":"https:\/\/lereveil224.info\/index.php\/2023\/05\/30\/massacres-du-28-septembre-les-raisons-du-boycotte-de-ce-proces\/","title":{"rendered":"Massacres du 28 septembre : Les raisons du boycotte de ce proc\u00e8s"},"content":{"rendered":"\n<p>Depuis quelques jours, l&rsquo;association des avocats permanents continuent de bouder le proc\u00e8s du 28 septembre. Suite \u00e0 l&rsquo;am\u00e9lioration d&rsquo;ordre p\u00e9cuniaire et un meilleur cadre de vie.Conform\u00e9ment aux dispositions de <strong>l\u2019article 12 alin\u00e9as 1 et 2 de la Loi ordinaire 1\/2022\/012\/CNT du 23 septembre 2022<\/strong> portant aide juridictionnelle.<\/p>\n\n\n\n<p>\u00c0 <strong>8 <\/strong>mois du proc\u00e8s de <strong>28 septembre<\/strong>, les avocats ont d\u00e9cid\u00e9 de boycotter l&rsquo;\u00e9volution du proc\u00e8s de <strong>28 septembre<\/strong> tant que leur revendication sur l&rsquo;am\u00e9lioration de leur condition de vie n&rsquo;est pas r\u00e9solue. \u00c0 cela s&rsquo;ajoute l&rsquo;entretien confortable de la salle d&rsquo;audience o\u00f9 se tient actuellement le proc\u00e8s.<\/p>\n\n\n<div class=\"wp-block-image\">\n<figure class=\"aligncenter size-full\"><img fetchpriority=\"high\" decoding=\"async\" width=\"708\" height=\"405\" src=\"https:\/\/lereveil224.info\/wp-content\/uploads\/2023\/05\/IMG-20230530-WA0058_1.jpg\" alt=\"\" class=\"wp-image-1914\" srcset=\"https:\/\/lereveil224.info\/wp-content\/uploads\/2023\/05\/IMG-20230530-WA0058_1.jpg 708w, https:\/\/lereveil224.info\/wp-content\/uploads\/2023\/05\/IMG-20230530-WA0058_1-300x172.jpg 300w\" sizes=\"(max-width: 708px) 100vw, 708px\" \/><\/figure>\n<\/div>\n\n\n<p>Au nom du collectif des avocats de ce proc\u00e8s, M. <strong>Paul Yomba KOUROUMA<\/strong> s&rsquo;est adress\u00e9 au ministre de la justice: &lt;&lt;<em>Nous sommes au regret de vous informer de la suspension de notre participation au d\u00e9roulement du proc\u00e9s des \u00e9v\u00e8nements du <strong>28 septembre 2009.<\/strong> Cette d\u00e9cision est cons\u00e9cutive \u00e0 l\u2019insatisfaction de nos revendications consign\u00e9es dans la lettre en date du <strong>17 mai 2023,<\/strong> adress\u00e9e au Ministre de la Justice, Garde des Sceaux et des Droits de l\u2019Homme, en sa qualit\u00e9 de Pr\u00e9sident du Comit\u00e9 de Pilotage de l\u2019organisation du proc\u00e8s des \u00e9v\u00e8nements du <strong>28 septembre 2009<\/strong><\/em>>>, a d\u00e9clar\u00e9 l&rsquo;avocat de <strong>Aboubacar Sidiki DIAKIT\u00c9 alias Toumba.<\/strong><\/p>\n\n\n<div class=\"wp-block-image\">\n<figure class=\"aligncenter size-full is-resized\"><img decoding=\"async\" src=\"https:\/\/lereveil224.info\/wp-content\/uploads\/2023\/05\/IMG-20230530-WA0056_1.jpg\" alt=\"\" class=\"wp-image-1915\" width=\"514\" height=\"366\"\/><\/figure>\n<\/div>\n\n\n<p>Le ministre de la justice, des droits de l&rsquo;homme et garde des sceaux, <strong>Alphonse Charles WRITE<\/strong> a apport\u00e9 des d\u00e9tails lors de son passage dans l&rsquo;\u00e9mission les Grandes Gueules (G.G), sur Espace TV. &lt;&lt;<em>Avant mon voyage de visite m\u00e9dicale, j&rsquo;ai re\u00e7u une demande de l&rsquo;association des avocats permanents. Ils ont fait la proposition que chaque avocat doit avoir  <strong>vingt-cinq millions, 25.000.000fg.<\/strong> Quand ils m&rsquo;ont envoy\u00e9 cette proposition, on s&rsquo;est clairement pos\u00e9 le probl\u00e8me. On a \u00e9crit au minist\u00e8re du budget, j&rsquo;ai demand\u00e9 est-ce qu&rsquo;\u00e0 l&rsquo;\u00e9tape actuelle on peut trouver une subvention pour aider ces avocats l\u00e0 ? Tant m\u00eame bien qu&rsquo;ils sont pay\u00e9s par leurs clients. La r\u00e9ponse r\u00e9glementaire est la suivante : Monsieur le ministre de la justice, \u00eatre avocat  est une profession lib\u00e9rale. L&rsquo;Etat ne peut pas trouver une ligne budg\u00e9taire. Il n&rsquo;y a aucun acte r\u00e9glementaire qui le dit. Lorsqu&rsquo;ils m&rsquo;ont rapport\u00e9 cette r\u00e9ponse, j&rsquo;ai eu \u00e0 r\u00e9pondre le courrier qui m&rsquo;a \u00e9t\u00e9 adress\u00e9. Ma\u00eetre vous avez formul\u00e9 votre proposition, mais il se trouve que l&rsquo;Etat ne peut pas pour l&rsquo;instant s&rsquo;engager au payement de \u00e7a. Pour la simple raison, sur le plan r\u00e9glementaire ce n&rsquo;est pas possible. Mais ce que je vous propose est la suivante : vue qu&rsquo;il n&rsquo;y a pas d&rsquo;acte r\u00e9glementaire pour \u00e7a, accepter que je puisse \u00e9crire aujourd&rsquo;hui aux institutions pour leurs demander est ce qu&rsquo;ils peuvent vous venir en aide ? Le <strong>PNUD<\/strong> (Programme des Nations Unis pour le D\u00e9veloppement) et l&rsquo;ambassade des Etats-Unis ont  \u00e9t\u00e9  saisis \u00e9galement  pour \u00e7a (&#8230;..)<\/em>&gt;&gt;, \u00e0 en croire  le ministre de la justice.<\/p>\n\n\n\n<p>En attendant une satisfaction aux requ\u00eates de ces avocats, le proc\u00e8s a \u00e9t\u00e9 report\u00e9 pour le <strong>05 juin<\/strong> prochain. <\/p>\n\n\n\n<p class=\"has-text-align-center\"><strong>Abdoulaye Camara, correspondant bas\u00e9 \u00e0 Conakry.<\/strong><\/p>\n\n\n\n<p class=\"has-text-align-center\"><strong>T\u00e9l: 628 62 36 54.<\/strong><\/p>\n","protected":false},"excerpt":{"rendered":"<p>Depuis quelques jours, l&rsquo;association des avocats permanents continuent de bouder le proc\u00e8s du 28 septembre. Suite \u00e0 l&rsquo;am\u00e9lioration d&rsquo;ordre p\u00e9cuniaire et un meilleur cadre de vie.Conform\u00e9ment aux dispositions de l\u2019article 12 alin\u00e9as 1 et 2 de la Loi ordinaire 1\/2022\/012\/CNT du 23 septembre 2022 portant aide juridictionnelle. \u00c0 8 mois du proc\u00e8s de 28 septembre, [&hellip;]<\/p>\n","protected":false},"author":123457,"featured_media":1913,"comment_status":"open","ping_status":"open","sticky":false,"template":"","format":"standard","meta":{"_acf_changed":false,"footnotes":""},"categories":[11,18],"tags":[],"class_list":["post-1910","post","type-post","status-publish","format-standard","has-post-thumbnail","hentry","category-actualite","category-region"],"acf":[],"_links":{"self":[{"href":"https:\/\/lereveil224.info\/index.php\/wp-json\/wp\/v2\/posts\/1910","targetHints":{"allow":["GET"]}}],"collection":[{"href":"https:\/\/lereveil224.info\/index.php\/wp-json\/wp\/v2\/posts"}],"about":[{"href":"https:\/\/lereveil224.info\/index.php\/wp-json\/wp\/v2\/types\/post"}],"author":[{"embeddable":true,"href":"https:\/\/lereveil224.info\/index.php\/wp-json\/wp\/v2\/users\/123457"}],"replies":[{"embeddable":true,"href":"https:\/\/lereveil224.info\/index.php\/wp-json\/wp\/v2\/comments?post=1910"}],"version-history":[{"count":2,"href":"https:\/\/lereveil224.info\/index.php\/wp-json\/wp\/v2\/posts\/1910\/revisions"}],"predecessor-version":[{"id":1916,"href":"https:\/\/lereveil224.info\/index.php\/wp-json\/wp\/v2\/posts\/1910\/revisions\/1916"}],"wp:featuredmedia":[{"embeddable":true,"href":"https:\/\/lereveil224.info\/index.php\/wp-json\/wp\/v2\/media\/1913"}],"wp:attachment":[{"href":"https:\/\/lereveil224.info\/index.php\/wp-json\/wp\/v2\/media?parent=1910"}],"wp:term":[{"taxonomy":"category","embeddable":true,"href":"https:\/\/lereveil224.info\/index.php\/wp-json\/wp\/v2\/categories?post=1910"},{"taxonomy":"post_tag","embeddable":true,"href":"https:\/\/lereveil224.info\/index.php\/wp-json\/wp\/v2\/tags?post=1910"}],"curies":[{"name":"wp","href":"https:\/\/api.w.org\/{rel}","templated":true}]}}