{"id":1448,"date":"2023-05-14T15:05:43","date_gmt":"2023-05-14T15:05:43","guid":{"rendered":"https:\/\/lereveil224.info\/?p=1448"},"modified":"2023-05-14T15:35:28","modified_gmt":"2023-05-14T15:35:28","slug":"1448","status":"publish","type":"post","link":"https:\/\/lereveil224.info\/index.php\/2023\/05\/14\/1448\/","title":{"rendered":"N&rsquo;Z\u00e9r\u00e9kor\u00e9 : L&rsquo;Association Chamsou D\u00eene islam, pr\u00f4ne la Paix et le Pardon"},"content":{"rendered":"\n<p>Ce<strong> dimanche 14 mai 2023<\/strong>, la maison des jeunes de la capitale de la <strong>Guin\u00e9e Foresti\u00e8re<\/strong> a servie de cadre \u00e0 cette campagne de sensibilisation pour la paix et le pardon entre les diff\u00e9rentes communaut\u00e9s, \u00e0 l&rsquo;initiative de l&rsquo;association <strong>Chamsou D\u00eene Islam de N&rsquo;Z\u00e9r\u00e9kor\u00e9.<\/strong><\/p>\n\n\n<div class=\"wp-block-image\">\n<figure class=\"aligncenter size-full\"><img fetchpriority=\"high\" decoding=\"async\" width=\"720\" height=\"316\" src=\"https:\/\/lereveil224.info\/wp-content\/uploads\/2023\/05\/IMG_1684076892147_1.jpg\" alt=\"\" class=\"wp-image-1454\" srcset=\"https:\/\/lereveil224.info\/wp-content\/uploads\/2023\/05\/IMG_1684076892147_1.jpg 720w, https:\/\/lereveil224.info\/wp-content\/uploads\/2023\/05\/IMG_1684076892147_1-300x132.jpg 300w\" sizes=\"(max-width: 720px) 100vw, 720px\" \/><\/figure>\n<\/div>\n\n\n<p>Prenant la parole le Pr\u00e9sident de L&rsquo;Association <strong>Chamsou D\u00eene Islam Cheick Abdoulaye SANOH,<\/strong> pr\u00e9cise <em>&lt;&lt; cette initiative s&rsquo;inscrit dans un vaste programme de sensibilisation pour la paix, la coh\u00e9sion et le pardon dans cette r\u00e9gion de <strong>N&rsquo;Z\u00e9r\u00e9kor\u00e9 <\/strong>qui a \u00e9t\u00e9 souvent le th\u00e9\u00e2tre des violences. C&rsquo;est pourquoi, en revisitant l&rsquo;histoire de notre Pr\u00e9fecture, la paix reste et demeure la chose la plus pr\u00e9cieuse pour les habitants de la for\u00eat. Donc notre association va toujours pr\u00f4ner cette paix partout. Car notre d\u00e9nominateur commun est belle et bien la <strong>Guin\u00e9e.<\/strong> Nous sommes condamn\u00e9s \u00e0 vivre ensemble ! Le manque d&rsquo;information, de concertation et de sensibilisation sont souvent \u00e0 la base des violences que nous avons enregistr\u00e9es dans notre pr\u00e9fecture >><\/em>, conclura le pr\u00e9sident.<\/p>\n\n\n\n<p>Venant de Siguiri pour apporter sa contribution pour la r\u00e9ussite de cette sensibilisation <strong>Liman Kabinet MANTY<\/strong>, s&rsquo;est exprim\u00e9 en ces termes <em>&lt;&lt; je suis tr\u00e8s fi\u00e8re de cette forte mobilisation des femmes et jeunes, car pour une v\u00e9ritable paix, il faut leur implication. Ils sont les promoteurs de cette paix. On ne peut pas pratiquer la religion si la paix est menac\u00e9e. Donc aucun d\u00e9veloppement n&rsquo;est possible sans la paix et la coh\u00e9sion sociale >><\/em> dira t-il.<\/p>\n\n\n\n<p>Le repr\u00e9sentant du gouverneur de la R\u00e9gion Administrative de <strong>N&rsquo;Z\u00e9r\u00e9kor\u00e9 Elhadji Ibrahima FOFANA<\/strong>, conseiller charg\u00e9 de mission dit \u00eatre tr\u00e8s satisfait de cette initiative de l&rsquo;association <strong>Chamsou D\u00eene Islam<\/strong>, pour la consolidation de la paix et de la coh\u00e9sion sociale.<\/p>\n\n\n\n<p>A rappeler que la c\u00e9r\u00e9monie de sensibilisation a connue la pr\u00e9sence du Directeur Pr\u00e9fectoral de l&rsquo;\u00e9ducation de <strong>N&rsquo;Z\u00e9r\u00e9kor\u00e9<\/strong>, du Vice-Recteur charg\u00e9 de la Recherche de <strong>l&rsquo;Universit\u00e9 <\/strong>de <strong>N&rsquo;Z\u00e9r\u00e9kor\u00e9<\/strong>, des repr\u00e9sentants du Pr\u00e9fet, des<strong> 9<\/strong> communaut\u00e9s, de l&rsquo;association des femmes, des jeunes, des confessions religieuses, des notables ainsi que de plusieurs autres personnes.<\/p>\n\n\n\n<p class=\"has-text-align-center\"><strong>Thierno Amadou DIALLO correspondant de N&rsquo;Z\u00e9r\u00e9kor\u00e9<\/strong><\/p>\n","protected":false},"excerpt":{"rendered":"<p>Ce dimanche 14 mai 2023, la maison des jeunes de la capitale de la Guin\u00e9e Foresti\u00e8re a servie de cadre \u00e0 cette campagne de sensibilisation pour la paix et le pardon entre les diff\u00e9rentes communaut\u00e9s, \u00e0 l&rsquo;initiative de l&rsquo;association Chamsou D\u00eene Islam de N&rsquo;Z\u00e9r\u00e9kor\u00e9. Prenant la parole le Pr\u00e9sident de L&rsquo;Association Chamsou D\u00eene Islam Cheick [&hellip;]<\/p>\n","protected":false},"author":123457,"featured_media":1455,"comment_status":"open","ping_status":"open","sticky":false,"template":"","format":"standard","meta":{"_acf_changed":false,"footnotes":""},"categories":[11,18],"tags":[],"class_list":["post-1448","post","type-post","status-publish","format-standard","has-post-thumbnail","hentry","category-actualite","category-region"],"acf":[],"_links":{"self":[{"href":"https:\/\/lereveil224.info\/index.php\/wp-json\/wp\/v2\/posts\/1448","targetHints":{"allow":["GET"]}}],"collection":[{"href":"https:\/\/lereveil224.info\/index.php\/wp-json\/wp\/v2\/posts"}],"about":[{"href":"https:\/\/lereveil224.info\/index.php\/wp-json\/wp\/v2\/types\/post"}],"author":[{"embeddable":true,"href":"https:\/\/lereveil224.info\/index.php\/wp-json\/wp\/v2\/users\/123457"}],"replies":[{"embeddable":true,"href":"https:\/\/lereveil224.info\/index.php\/wp-json\/wp\/v2\/comments?post=1448"}],"version-history":[{"count":3,"href":"https:\/\/lereveil224.info\/index.php\/wp-json\/wp\/v2\/posts\/1448\/revisions"}],"predecessor-version":[{"id":1458,"href":"https:\/\/lereveil224.info\/index.php\/wp-json\/wp\/v2\/posts\/1448\/revisions\/1458"}],"wp:featuredmedia":[{"embeddable":true,"href":"https:\/\/lereveil224.info\/index.php\/wp-json\/wp\/v2\/media\/1455"}],"wp:attachment":[{"href":"https:\/\/lereveil224.info\/index.php\/wp-json\/wp\/v2\/media?parent=1448"}],"wp:term":[{"taxonomy":"category","embeddable":true,"href":"https:\/\/lereveil224.info\/index.php\/wp-json\/wp\/v2\/categories?post=1448"},{"taxonomy":"post_tag","embeddable":true,"href":"https:\/\/lereveil224.info\/index.php\/wp-json\/wp\/v2\/tags?post=1448"}],"curies":[{"name":"wp","href":"https:\/\/api.w.org\/{rel}","templated":true}]}}