{"id":1422,"date":"2023-05-11T16:03:53","date_gmt":"2023-05-11T16:03:53","guid":{"rendered":"https:\/\/lereveil224.info\/?p=1422"},"modified":"2023-05-11T18:22:10","modified_gmt":"2023-05-11T18:22:10","slug":"1422","status":"publish","type":"post","link":"https:\/\/lereveil224.info\/index.php\/2023\/05\/11\/1422\/","title":{"rendered":"Conakry: Les gouverneurs de r\u00e9gions au forum de l&rsquo;eau et de l&rsquo;assainissement"},"content":{"rendered":"\n<p>Sous la pr\u00e9sidence d&rsquo;honneur du Premier Ministre, chef du Gouvernement Dr <strong>Bernard GOUMOU<\/strong>, un r\u00e9ceptif h\u00f4telier de <strong>Conakry<\/strong>, a servi des cadres de l&rsquo;ouverture du forum sur l&rsquo;eau et de l&rsquo;assainissement le <strong>mercredi, 10 mai 2023.<\/strong><\/p>\n\n\n\n<p>Ce forum s&rsquo;inscrit dans le cadre d&rsquo;un vaste programme du gouvernement de la transition conduit par le Premier Ministre, chef du Gouvernement, gr\u00e2ce \u00e0 la volont\u00e9 politique du Pr\u00e9sident de la Transition Colonel <strong>Mamadi DOUMBOUYA<\/strong>, sous l&rsquo;appui financier de la Banque Mondiale.<\/p>\n\n\n\n<p>Pr\u00e9sent \u00e0 ce forum, le Gouverneur de la R\u00e9gion Administrative de <strong>N&rsquo;Z\u00e9r\u00e9kor\u00e9<\/strong>, le Contr\u00f4leur G\u00e9n\u00e9ral de Police <strong>Lamine Keita<\/strong>, dit \u00eatre tr\u00e8s satisfait de cette belle initiative du gouvernement et compte se d\u00e9ployer d\u00e8s son retour, non seulement pour la restitution mais aussi \u00e0 l&rsquo;application stricte des diff\u00e9rentes recommandations issues de ce forum.<\/p>\n\n\n\n<p>Ce forum \u00e0 l&rsquo;initiative du minist\u00e8re de l&rsquo;\u00e9nergie, de l&rsquo;hydraulique et des hydrocarbures en collaboration avec le Minist\u00e8re de l&rsquo;Economie et des Finances, regroupe plusieurs gouverneurs de r\u00e9gion et autres cadres des d\u00e9partements qui se poursuivra jusqu&rsquo;au <strong>12 mai.<\/strong><\/p>\n\n\n\n<p>Les participants mettront l&rsquo;occasion \u00e0 profit pour se pencher sur les v\u00e9ritables probl\u00e9matiques li\u00e9es \u00e0 l&rsquo;eau et \u00e0 l&rsquo;assainissement. Mais aussi proposer des pistes de solution afin que les populations puissent avoir acc\u00e8s \u00e0 l&rsquo;eau potable mais aussi cr\u00e9er un environnement sain \u00e0 travers un assainissement de qualit\u00e9 pour atteindre<strong> l&rsquo;ODD6.<\/strong><\/p>\n\n\n\n<p>A noter que pour le lancement, le Premier Ministre \u00e9tait entour\u00e9 du Ministre de l&rsquo;Administration du Territoire et de la D\u00e9centralisation ainsi que de plusieurs autres membres du gouvernement.<\/p>\n\n\n\n<p class=\"has-text-align-center\"><strong>Mamadouba CAMARA pour <a href=\"http:\/\/www.lereveil224.info\" title=\"\">lereveil224.com<\/a><\/strong><\/p>\n\n\n\n<p class=\"has-text-align-center\"><strong>T\u00e9l : 628518785<\/strong><\/p>\n","protected":false},"excerpt":{"rendered":"<p>Sous la pr\u00e9sidence d&rsquo;honneur du Premier Ministre, chef du Gouvernement Dr Bernard GOUMOU, un r\u00e9ceptif h\u00f4telier de Conakry, a servi des cadres de l&rsquo;ouverture du forum sur l&rsquo;eau et de l&rsquo;assainissement le mercredi, 10 mai 2023. Ce forum s&rsquo;inscrit dans le cadre d&rsquo;un vaste programme du gouvernement de la transition conduit par le Premier Ministre, [&hellip;]<\/p>\n","protected":false},"author":123457,"featured_media":1425,"comment_status":"open","ping_status":"open","sticky":false,"template":"","format":"standard","meta":{"_acf_changed":false,"footnotes":""},"categories":[11,18],"tags":[],"class_list":["post-1422","post","type-post","status-publish","format-standard","has-post-thumbnail","hentry","category-actualite","category-region"],"acf":[],"_links":{"self":[{"href":"https:\/\/lereveil224.info\/index.php\/wp-json\/wp\/v2\/posts\/1422","targetHints":{"allow":["GET"]}}],"collection":[{"href":"https:\/\/lereveil224.info\/index.php\/wp-json\/wp\/v2\/posts"}],"about":[{"href":"https:\/\/lereveil224.info\/index.php\/wp-json\/wp\/v2\/types\/post"}],"author":[{"embeddable":true,"href":"https:\/\/lereveil224.info\/index.php\/wp-json\/wp\/v2\/users\/123457"}],"replies":[{"embeddable":true,"href":"https:\/\/lereveil224.info\/index.php\/wp-json\/wp\/v2\/comments?post=1422"}],"version-history":[{"count":3,"href":"https:\/\/lereveil224.info\/index.php\/wp-json\/wp\/v2\/posts\/1422\/revisions"}],"predecessor-version":[{"id":1428,"href":"https:\/\/lereveil224.info\/index.php\/wp-json\/wp\/v2\/posts\/1422\/revisions\/1428"}],"wp:featuredmedia":[{"embeddable":true,"href":"https:\/\/lereveil224.info\/index.php\/wp-json\/wp\/v2\/media\/1425"}],"wp:attachment":[{"href":"https:\/\/lereveil224.info\/index.php\/wp-json\/wp\/v2\/media?parent=1422"}],"wp:term":[{"taxonomy":"category","embeddable":true,"href":"https:\/\/lereveil224.info\/index.php\/wp-json\/wp\/v2\/categories?post=1422"},{"taxonomy":"post_tag","embeddable":true,"href":"https:\/\/lereveil224.info\/index.php\/wp-json\/wp\/v2\/tags?post=1422"}],"curies":[{"name":"wp","href":"https:\/\/api.w.org\/{rel}","templated":true}]}}