{"id":1414,"date":"2023-05-11T12:08:39","date_gmt":"2023-05-11T12:08:39","guid":{"rendered":"https:\/\/lereveil224.info\/?p=1414"},"modified":"2023-05-11T12:59:43","modified_gmt":"2023-05-11T12:59:43","slug":"1414","status":"publish","type":"post","link":"https:\/\/lereveil224.info\/index.php\/2023\/05\/11\/1414\/","title":{"rendered":"N&rsquo;Z\u00e9r\u00e9kor\u00e9 : Pose de la Premi\u00e8re Pierre de l&rsquo;h\u00f4tel des Finances"},"content":{"rendered":"\n<p>Ce <strong>jeudi, 11 mai 2023,<\/strong> les autorit\u00e9s r\u00e9gionales ont proc\u00e9d\u00e9 \u00e0 la pose de la premi\u00e8re pierre de l&rsquo;h\u00f4tel des Finances de <strong>N&rsquo;Z\u00e9r\u00e9kor\u00e9.<\/strong><\/p>\n\n\n\n<p>En effet, c&rsquo;est sous la pr\u00e9sidence du Gouverneur de R\u00e9gion, repr\u00e9sent\u00e9 par le Directeur de Cabinet <strong>Siba KONE,<\/strong> que la pose de la premi\u00e8re pierre de ce b\u00e2timent de R+2 a \u00e9t\u00e9 faite.<\/p>\n\n\n\n<p>Prenant la parole au nom de l&rsquo;entreprise <strong>EGUICOM <\/strong>en charge des travaux Monsieur <strong>N&rsquo;fansoumane Kaba<\/strong>, pr\u00e9cise : <em>&lt;&lt; cette infrastructure de R+2, qui sera compos\u00e9 de <strong>24<\/strong> bureaux, <strong>6 <\/strong>salles de r\u00e9union, une villa de <strong>3 <\/strong>chambres, <strong>3 <\/strong>salles de bain et un salon va \u00eatre r\u00e9alis\u00e9 conform\u00e9ment au cahier de charge. Et que le d\u00e9lais contractuel est de 8 mois. Je tiens \u00e0 m&rsquo;engager devant ces autorit\u00e9s sur le respect du d\u00e9lais contractuel&gt;&gt;<\/em> dira t&rsquo;il.<\/p>\n\n\n\n<p>Pour <strong>Elhadji S\u00e9kou KABA<\/strong>, porte parole des <strong>9 <\/strong>communaut\u00e9s, la volont\u00e9 du pr\u00e9sident Colonel <strong>Mamadi DOUMBOUYA<\/strong>, pour am\u00e9liorer les conditions de travail n&rsquo;est plus \u00e0 d\u00e9montrer. C&rsquo;est pourquoi toutes les communaut\u00e9s disent mercis au Pr\u00e9sident et au gouverneur de la r\u00e9gion, pour leur apport inestimable.<\/p>\n\n\n\n<p><em>&lt;&lt; C&rsquo;est une fiert\u00e9 que nous soyons tous r\u00e9unis pour un b\u00e2timent aussi important que l&rsquo;h\u00f4tel des Finances. C&rsquo;est pour cette raison nous implorons la gr\u00e2ce de <strong>Dieu<\/strong>, pour faciliter la t\u00e2che \u00e0 l&rsquo;entreprise pour la r\u00e9alisation de cette infrastructure &gt;&gt;<\/em> dira Elhadji <strong>Amadou SOUMAORO<\/strong>, secr\u00e9taire g\u00e9n\u00e9ral de la ligue islamique pr\u00e9fectoral de <strong>N&rsquo;Z\u00e9r\u00e9kor\u00e9.<\/strong><\/p>\n\n\n\n<p>Au nom du patriarche Colonel <strong>Lambert ZOGBELEMOU<\/strong>, Monsieur <strong>David Massa <strong>ZOGBELEMOU<\/strong><\/strong>, en langue du territoire \u00e0 remercier les autorit\u00e9s pour leur implication \u00e0 maintenir la paix et l&rsquo;unit\u00e9 \u00e0 <strong>N&rsquo;Z\u00e9r\u00e9kor\u00e9<\/strong>, avant de proc\u00e9der \u00e0 des b\u00e9n\u00e9dictions pour bon march\u00e9 de la construction et de l&rsquo;ach\u00e8vement de cette infrastructure conform\u00e9ment au cahier de charge.<\/p>\n\n\n<div class=\"wp-block-image\">\n<figure class=\"aligncenter size-full\"><img fetchpriority=\"high\" decoding=\"async\" width=\"720\" height=\"593\" src=\"https:\/\/lereveil224.info\/wp-content\/uploads\/2023\/05\/IMG_1683807092947_1.jpg\" alt=\"\" class=\"wp-image-1417\" srcset=\"https:\/\/lereveil224.info\/wp-content\/uploads\/2023\/05\/IMG_1683807092947_1.jpg 720w, https:\/\/lereveil224.info\/wp-content\/uploads\/2023\/05\/IMG_1683807092947_1-300x247.jpg 300w\" sizes=\"(max-width: 720px) 100vw, 720px\" \/><\/figure>\n<\/div>\n\n\n<p>Tr\u00e8s satisfait de l&rsquo;organisation et de la mobilisation, le Directeur de Cabinet <strong>Siba KONE<\/strong>, s&rsquo;est exprim\u00e9 en ces termes : <em>&lt;&lt; c&rsquo;est sur cette note d&rsquo;espoir que je d\u00e9clare, lanc\u00e9 des travaux de construction de l&rsquo;h\u00f4tel des Finances de <strong>N&rsquo;Z\u00e9r\u00e9kor\u00e9<\/strong> &gt;&gt;<\/em>, conclura t-il.<\/p>\n\n\n\n<p>A noter que cette c\u00e9r\u00e9monie a \u00e9t\u00e9 rehauss\u00e9e de la pr\u00e9sence du Colonel <strong>Karamoko CAMARA<\/strong>, commandant adjoint de la <strong>4\u00e8me<\/strong> r\u00e9gion militaire, du secr\u00e9taire g\u00e9n\u00e9ral charg\u00e9 des collectivit\u00e9s d\u00e9centralis\u00e9es, des responsables de la gendarmerie, de la police et de la base a\u00e9rienne. Ainsi que les repr\u00e9sentants des <strong>9 <\/strong>communaut\u00e9s, la pr\u00e9sidente des femmes et de plusieurs autres cadres.<\/p>\n\n\n\n<p class=\"has-text-align-center\"><strong>Sanasa SINAYO pour <a href=\"http:\/\/www.lereveil224.info\" title=\"\">lereveil224.info<\/a><\/strong><\/p>\n","protected":false},"excerpt":{"rendered":"<p>Ce jeudi, 11 mai 2023, les autorit\u00e9s r\u00e9gionales ont proc\u00e9d\u00e9 \u00e0 la pose de la premi\u00e8re pierre de l&rsquo;h\u00f4tel des Finances de N&rsquo;Z\u00e9r\u00e9kor\u00e9. En effet, c&rsquo;est sous la pr\u00e9sidence du Gouverneur de R\u00e9gion, repr\u00e9sent\u00e9 par le Directeur de Cabinet Siba KONE, que la pose de la premi\u00e8re pierre de ce b\u00e2timent de R+2 a \u00e9t\u00e9 [&hellip;]<\/p>\n","protected":false},"author":123457,"featured_media":1418,"comment_status":"open","ping_status":"open","sticky":false,"template":"","format":"standard","meta":{"_acf_changed":false,"footnotes":""},"categories":[11,18],"tags":[],"class_list":["post-1414","post","type-post","status-publish","format-standard","has-post-thumbnail","hentry","category-actualite","category-region"],"acf":[],"_links":{"self":[{"href":"https:\/\/lereveil224.info\/index.php\/wp-json\/wp\/v2\/posts\/1414","targetHints":{"allow":["GET"]}}],"collection":[{"href":"https:\/\/lereveil224.info\/index.php\/wp-json\/wp\/v2\/posts"}],"about":[{"href":"https:\/\/lereveil224.info\/index.php\/wp-json\/wp\/v2\/types\/post"}],"author":[{"embeddable":true,"href":"https:\/\/lereveil224.info\/index.php\/wp-json\/wp\/v2\/users\/123457"}],"replies":[{"embeddable":true,"href":"https:\/\/lereveil224.info\/index.php\/wp-json\/wp\/v2\/comments?post=1414"}],"version-history":[{"count":3,"href":"https:\/\/lereveil224.info\/index.php\/wp-json\/wp\/v2\/posts\/1414\/revisions"}],"predecessor-version":[{"id":1420,"href":"https:\/\/lereveil224.info\/index.php\/wp-json\/wp\/v2\/posts\/1414\/revisions\/1420"}],"wp:featuredmedia":[{"embeddable":true,"href":"https:\/\/lereveil224.info\/index.php\/wp-json\/wp\/v2\/media\/1418"}],"wp:attachment":[{"href":"https:\/\/lereveil224.info\/index.php\/wp-json\/wp\/v2\/media?parent=1414"}],"wp:term":[{"taxonomy":"category","embeddable":true,"href":"https:\/\/lereveil224.info\/index.php\/wp-json\/wp\/v2\/categories?post=1414"},{"taxonomy":"post_tag","embeddable":true,"href":"https:\/\/lereveil224.info\/index.php\/wp-json\/wp\/v2\/tags?post=1414"}],"curies":[{"name":"wp","href":"https:\/\/api.w.org\/{rel}","templated":true}]}}