{"id":1408,"date":"2023-05-11T08:24:13","date_gmt":"2023-05-11T08:24:13","guid":{"rendered":"https:\/\/lereveil224.info\/?p=1408"},"modified":"2023-05-11T08:39:22","modified_gmt":"2023-05-11T08:39:22","slug":"1408","status":"publish","type":"post","link":"https:\/\/lereveil224.info\/index.php\/2023\/05\/11\/1408\/","title":{"rendered":"Conakry : Pourquoi la lib\u00e9ration de Fonik\u00e9 Mengu\u00e8 et Cie,\u2026?"},"content":{"rendered":"\n<p>\u00c7a faisait pr\u00e8s de 10 mois qu&rsquo;ils \u00e9taient d\u00e9tenus sans proc\u00e8s \u00e0 la maison Centrale de <strong>Conakry.<\/strong><\/p>\n\n\n\n<p>Apr\u00e8s plus de <strong>7 morts<\/strong>, plusieurs <strong>bless\u00e9s <\/strong>et assez de <strong>d\u00e9g\u00e2ts <\/strong>selon le bal des forces vives lors de la premi\u00e8re journ\u00e9e de manifestation, <strong>Oumar SYLLA alias Fonik\u00e9 Mengu\u00e8, Ibrahima DIALLO et Billo BAH<\/strong> ont \u00e9t\u00e9 lib\u00e9r\u00e9s hier nuit dans les environs de <strong>22h.<\/strong><\/p>\n\n\n\n<p>Sur les raisons de cette lib\u00e9ration, notre source affirme <em>&lt;&lt; cette lib\u00e9ration est due \u00e0 l&rsquo;intervention de certains Leaders religieux pour la paix sociale aupr\u00e8s des autorit\u00e9s. >><\/em><\/p>\n\n\n\n<p>Pour l&rsquo;heure il est difficile de pr\u00e9dire avec certitude les avantages et les inconv\u00e9nients de cette lib\u00e9ration.<\/p>\n\n\n\n<p>Restez toujours connect\u00e9 sur votre site d&rsquo;information pour vos informations aux pluriels <strong><a href=\"http:\/\/www.lereveil224.info\" title=\"\">lereveil224.info<\/a><\/strong><\/p>\n\n\n\n<p class=\"has-text-align-center\"><strong>Mamadouba CAMARA pour <a href=\"http:\/\/www.lereveil224.info\" title=\"\">lereveil224.info<\/a><\/strong><\/p>\n\n\n\n<p class=\"has-text-align-center\"><strong>T\u00e9l : 628518785<\/strong><\/p>\n","protected":false},"excerpt":{"rendered":"<p>\u00c7a faisait pr\u00e8s de 10 mois qu&rsquo;ils \u00e9taient d\u00e9tenus sans proc\u00e8s \u00e0 la maison Centrale de Conakry. Apr\u00e8s plus de 7 morts, plusieurs bless\u00e9s et assez de d\u00e9g\u00e2ts selon le bal des forces vives lors de la premi\u00e8re journ\u00e9e de manifestation, Oumar SYLLA alias Fonik\u00e9 Mengu\u00e8, Ibrahima DIALLO et Billo BAH ont \u00e9t\u00e9 lib\u00e9r\u00e9s hier [&hellip;]<\/p>\n","protected":false},"author":123457,"featured_media":1352,"comment_status":"open","ping_status":"open","sticky":false,"template":"","format":"standard","meta":{"_acf_changed":false,"footnotes":""},"categories":[11,2,18],"tags":[],"class_list":["post-1408","post","type-post","status-publish","format-standard","has-post-thumbnail","hentry","category-actualite","category-politique","category-region"],"acf":[],"_links":{"self":[{"href":"https:\/\/lereveil224.info\/index.php\/wp-json\/wp\/v2\/posts\/1408","targetHints":{"allow":["GET"]}}],"collection":[{"href":"https:\/\/lereveil224.info\/index.php\/wp-json\/wp\/v2\/posts"}],"about":[{"href":"https:\/\/lereveil224.info\/index.php\/wp-json\/wp\/v2\/types\/post"}],"author":[{"embeddable":true,"href":"https:\/\/lereveil224.info\/index.php\/wp-json\/wp\/v2\/users\/123457"}],"replies":[{"embeddable":true,"href":"https:\/\/lereveil224.info\/index.php\/wp-json\/wp\/v2\/comments?post=1408"}],"version-history":[{"count":2,"href":"https:\/\/lereveil224.info\/index.php\/wp-json\/wp\/v2\/posts\/1408\/revisions"}],"predecessor-version":[{"id":1412,"href":"https:\/\/lereveil224.info\/index.php\/wp-json\/wp\/v2\/posts\/1408\/revisions\/1412"}],"wp:featuredmedia":[{"embeddable":true,"href":"https:\/\/lereveil224.info\/index.php\/wp-json\/wp\/v2\/media\/1352"}],"wp:attachment":[{"href":"https:\/\/lereveil224.info\/index.php\/wp-json\/wp\/v2\/media?parent=1408"}],"wp:term":[{"taxonomy":"category","embeddable":true,"href":"https:\/\/lereveil224.info\/index.php\/wp-json\/wp\/v2\/categories?post=1408"},{"taxonomy":"post_tag","embeddable":true,"href":"https:\/\/lereveil224.info\/index.php\/wp-json\/wp\/v2\/tags?post=1408"}],"curies":[{"name":"wp","href":"https:\/\/api.w.org\/{rel}","templated":true}]}}