{"id":12136,"date":"2026-09-06T09:52:14","date_gmt":"2026-09-06T09:52:14","guid":{"rendered":"https:\/\/lereveil224.info\/?p=12136"},"modified":"2026-09-06T09:52:15","modified_gmt":"2026-09-06T09:52:15","slug":"rentree-scolaire-2026-2027-le-gouvernement-fixe-enfin-la-date-officielle","status":"publish","type":"post","link":"https:\/\/lereveil224.info\/index.php\/2026\/09\/06\/rentree-scolaire-2026-2027-le-gouvernement-fixe-enfin-la-date-officielle\/","title":{"rendered":"Rentr\u00e9e scolaire 2026-2027 : le gouvernement fixe enfin la date officielle"},"content":{"rendered":"\n<p class=\"wp-block-paragraph\"><strong>La rentr\u00e9e scolaire 2026-2027 est d\u00e9sormais fix\u00e9e.<\/strong> Apr\u00e8s les \u00e9changes consacr\u00e9s aux pr\u00e9paratifs de la nouvelle ann\u00e9e acad\u00e9mique, le gouvernement guin\u00e9en a retenu la date du <strong>5 octobre 2026<\/strong> pour l\u2019ouverture officielle des classes.<\/p>\n\n\n\n<p class=\"wp-block-paragraph\">La d\u00e9cision a \u00e9t\u00e9 annonc\u00e9e \u00e0 l\u2019issue du dernier <strong>Conseil des ministres<\/strong>, au cours duquel la question de la prochaine rentr\u00e9e scolaire figurait parmi les principaux sujets examin\u00e9s.<\/p>\n\n\n\n<p class=\"wp-block-paragraph\">Les discussions ont notamment port\u00e9 sur les dispositions \u00e0 prendre afin de permettre un d\u00e9marrage des activit\u00e9s scolaires dans les meilleures conditions, aussi bien sur le plan administratif que p\u00e9dagogique.<\/p>\n\n\n\n<h3 class=\"wp-block-heading\"><strong>Cap sur le 5 octobre<\/strong><\/h3>\n\n\n\n<p class=\"wp-block-paragraph\">Les discussions se sont ensuite concentr\u00e9es sur l\u2019organisation de la prochaine rentr\u00e9e, avec un accent particulier sur la <strong>rentr\u00e9e administrative<\/strong> ainsi que sur la date effective de reprise des cours.<\/p>\n\n\n\n<p class=\"wp-block-paragraph\">\u00c0 l\u2019issue des \u00e9changes, le gouvernement a finalement retenu le <strong>5 octobre 2026<\/strong> comme date officielle de la rentr\u00e9e scolaire au compte de l\u2019ann\u00e9e acad\u00e9mique <strong>2026-2027<\/strong>.<\/p>\n\n\n\n<p class=\"wp-block-paragraph\">L\u2019annonce a \u00e9t\u00e9 faite par le <strong>porte-parole du gouvernement, Faya Fran\u00e7ois Bourouno<\/strong>.<\/p>\n\n\n\n<p class=\"wp-block-paragraph\">Cette d\u00e9cision marque ainsi le d\u00e9but de la derni\u00e8re phase des pr\u00e9paratifs pour les \u00e9tablissements scolaires, les enseignants, les \u00e9l\u00e8ves et leurs familles, qui disposent d\u00e9sormais d\u2019une date officielle pour se pr\u00e9parer \u00e0 la nouvelle ann\u00e9e scolaire.<\/p>\n\n\n\n<p class=\"wp-block-paragraph\"><strong>Rendez-vous donc le 5 octobre 2026 pour la reprise officielle des classes en Guin\u00e9e.<\/strong><\/p>\n\n\n\n<p class=\"wp-block-paragraph\"><strong>Mamadouba CAMARA <\/strong><\/p>\n","protected":false},"excerpt":{"rendered":"<p>La rentr\u00e9e scolaire 2026-2027 est d\u00e9sormais fix\u00e9e. Apr\u00e8s les \u00e9changes consacr\u00e9s aux pr\u00e9paratifs de la nouvelle ann\u00e9e acad\u00e9mique, le gouvernement guin\u00e9en a retenu la date du 5 octobre 2026 pour l\u2019ouverture officielle des classes. La d\u00e9cision a \u00e9t\u00e9 annonc\u00e9e \u00e0 l\u2019issue du dernier Conseil des ministres, au cours duquel la question de la prochaine rentr\u00e9e [&hellip;]<\/p>\n","protected":false},"author":123458,"featured_media":5673,"comment_status":"open","ping_status":"open","sticky":false,"template":"","format":"standard","meta":{"_acf_changed":false,"footnotes":""},"categories":[11,4,59],"tags":[],"class_list":["post-12136","post","type-post","status-publish","format-standard","has-post-thumbnail","hentry","category-actualite","category-education","category-nationale"],"acf":[],"_links":{"self":[{"href":"https:\/\/lereveil224.info\/index.php\/wp-json\/wp\/v2\/posts\/12136","targetHints":{"allow":["GET"]}}],"collection":[{"href":"https:\/\/lereveil224.info\/index.php\/wp-json\/wp\/v2\/posts"}],"about":[{"href":"https:\/\/lereveil224.info\/index.php\/wp-json\/wp\/v2\/types\/post"}],"author":[{"embeddable":true,"href":"https:\/\/lereveil224.info\/index.php\/wp-json\/wp\/v2\/users\/123458"}],"replies":[{"embeddable":true,"href":"https:\/\/lereveil224.info\/index.php\/wp-json\/wp\/v2\/comments?post=12136"}],"version-history":[{"count":1,"href":"https:\/\/lereveil224.info\/index.php\/wp-json\/wp\/v2\/posts\/12136\/revisions"}],"predecessor-version":[{"id":12137,"href":"https:\/\/lereveil224.info\/index.php\/wp-json\/wp\/v2\/posts\/12136\/revisions\/12137"}],"wp:featuredmedia":[{"embeddable":true,"href":"https:\/\/lereveil224.info\/index.php\/wp-json\/wp\/v2\/media\/5673"}],"wp:attachment":[{"href":"https:\/\/lereveil224.info\/index.php\/wp-json\/wp\/v2\/media?parent=12136"}],"wp:term":[{"taxonomy":"category","embeddable":true,"href":"https:\/\/lereveil224.info\/index.php\/wp-json\/wp\/v2\/categories?post=12136"},{"taxonomy":"post_tag","embeddable":true,"href":"https:\/\/lereveil224.info\/index.php\/wp-json\/wp\/v2\/tags?post=12136"}],"curies":[{"name":"wp","href":"https:\/\/api.w.org\/{rel}","templated":true}]}}