{"id":12132,"date":"2026-09-05T08:50:52","date_gmt":"2026-09-05T08:50:52","guid":{"rendered":"https:\/\/lereveil224.info\/?p=12132"},"modified":"2026-09-05T08:50:54","modified_gmt":"2026-09-05T08:50:54","slug":"tribune-de-lhonneur-des-armes-a-la-noblesse-de-la-diplomatie-litineraire-dun-serviteur-de-letat-et-lecon-de-fidelite-a-la-nation-idamine","status":"publish","type":"post","link":"https:\/\/lereveil224.info\/index.php\/2026\/09\/05\/tribune-de-lhonneur-des-armes-a-la-noblesse-de-la-diplomatie-litineraire-dun-serviteur-de-letat-et-lecon-de-fidelite-a-la-nation-idamine\/","title":{"rendered":"Tribune : De l\u2019honneur des armes \u00e0 la noblesse de la diplomatie, l\u2019itin\u00e9raire d\u2019un serviteur de l\u2019\u00c9tat et le\u00e7on de fid\u00e9lit\u00e9 \u00e0 la Nation \u00ab IDAMINE \u00bb"},"content":{"rendered":"\n<p class=\"wp-block-paragraph\">Il est des hommes dont l\u2019existence professionnelle ne saurait se r\u00e9sumer \u00e0 l\u2019\u00e9num\u00e9ration des titres, des grades et des fonctions exerc\u00e9es. Leur parcours, parce qu\u2019il \u00e9pouse les exigences du devoir, de la constance et du service public, finit par se confondre avec une certaine id\u00e9e de l\u2019\u00c9tat et de la Nation.<\/p>\n\n\n\n<p class=\"wp-block-paragraph\">Son Excellence le G\u00e9n\u00e9ral Aboubacar Sidiki CAMARA, affectueusement et respectueusement appel\u00e9 \u00ab Idamine \u00bb, appartient incontestablement \u00e0 cette cat\u00e9gorie de serviteurs de la R\u00e9publique dont la trajectoire commande \u00e0 la fois respect, consid\u00e9ration et reconnaissance.<\/p>\n\n\n\n<p class=\"wp-block-paragraph\">Officier g\u00e9n\u00e9ral, diplomate et homme d\u2019\u00c9tat, il incarne une synth\u00e8se remarquable entre l\u2019honneur des armes, la rigueur du commandement, la fid\u00e9lit\u00e9 aux institutions et la noblesse de la repr\u00e9sentation diplomatique.<\/p>\n\n\n\n<p class=\"wp-block-paragraph\">\u00c0 travers cette tribune, et en ma qualit\u00e9 d\u2019universitaire, ma d\u00e9marche ne consiste pas simplement \u00e0 rendre hommage \u00e0 une personnalit\u00e9 ayant exerc\u00e9, ou exer\u00e7ant encore, d\u2019\u00e9minentes responsabilit\u00e9s au service de l\u2019\u00c9tat. Elle vise surtout \u00e0 mettre en lumi\u00e8re un parcours exemplaire de d\u00e9vouement \u00e0 la Nation, dont la constance, la discipline et le sens \u00e9lev\u00e9 du devoir peuvent constituer une source d\u2019inspiration pour la jeunesse guin\u00e9enne. Il s\u2019agit \u00e9galement de rappeler cette v\u00e9rit\u00e9 fondamentale : la grandeur d\u2019une fonction publique ne se mesure ni au prestige du titre ni aux privil\u00e8ges qui peuvent l\u2019accompagner, mais \u00e0 l\u2019ampleur des responsabilit\u00e9s qu\u2019elle impose, \u00e0 la qualit\u00e9 du service rendu et \u00e0 l\u2019empreinte laiss\u00e9e au b\u00e9n\u00e9fice de la collectivit\u00e9.<\/p>\n\n\n\n<p class=\"wp-block-paragraph\">Cette conception du devoir rejoint admirablement cette parole du Saint Coran : \u00ab Certes, Allah vous commande de rendre les d\u00e9p\u00f4ts \u00e0 leurs ayants droit et, lorsque vous jugez entre des gens, de juger avec \u00e9quit\u00e9. \u00bb Saint Coran, Sourate An-Nis\u00e2\u2019 (Les Femmes), 4:58.<\/p>\n\n\n\n<p class=\"wp-block-paragraph\">La Bible enseigne, dans le m\u00eame esprit : \u00ab Tout ce que vous faites, faites-le de bon c\u0153ur, comme pour le Seigneur et non pour des hommes. \u00bb Colossiens 3:23.<\/p>\n\n\n\n<p class=\"wp-block-paragraph\">Ces deux enseignements issus des grandes traditions religieuses expriment une m\u00eame philosophie : toute responsabilit\u00e9 est un d\u00e9p\u00f4t, toute autorit\u00e9 est une charge et tout pouvoir trouve sa noblesse dans le service rendu \u00e0 autrui.<\/p>\n\n\n\n<h2 class=\"wp-block-heading\">L\u2019\u00e9cole des armes, discipline, commandement et responsabilit\u00e9<\/h2>\n\n\n\n<p class=\"wp-block-paragraph\">L\u2019officier militaire moderne ne saurait \u00eatre seulement un homme de terrain. Il doit \u00e9galement \u00eatre strat\u00e8ge, administrateur, analyste, p\u00e9dagogue et homme de d\u00e9cision. Le commandement exige autant la ma\u00eetrise des op\u00e9rations que la connaissance des hommes.<\/p>\n\n\n\n<p class=\"wp-block-paragraph\">C\u2019est dans cette perspective que le G\u00e9n\u00e9ral Idamine a approfondi sa formation militaire, notamment \u00e0 travers des parcours de perfectionnement \u00e0 l\u2019\u00e9tranger. Ces exp\u00e9riences ont permis d\u2019\u00e9largir sa compr\u00e9hension des doctrines de d\u00e9fense, du commandement op\u00e9rationnel, de la coop\u00e9ration militaire et des enjeux contemporains de s\u00e9curit\u00e9.<\/p>\n\n\n\n<p class=\"wp-block-paragraph\">Au fil des ann\u00e9es, les responsabilit\u00e9s qui lui sont confi\u00e9es t\u00e9moignent de la confiance plac\u00e9e en son exp\u00e9rience et en ses capacit\u00e9s. Il acc\u00e8de notamment \u00e0 d\u2019importantes fonctions au sein de la hi\u00e9rarchie militaire, parmi lesquelles celle de Ministre de la D\u00e9fense Nationale.<\/p>\n\n\n\n<p class=\"wp-block-paragraph\">\u00c0 ces niveaux de responsabilit\u00e9, le commandement d\u00e9passe largement la seule administration des hommes et des moyens. Il implique une vision strat\u00e9gique de la d\u00e9fense nationale, la pr\u00e9paration des forces, le renforcement des capacit\u00e9s humaines et institutionnelles ainsi que l\u2019adaptation permanente de l\u2019outil militaire aux exigences de l\u2019\u00c9tat.<\/p>\n\n\n\n<p class=\"wp-block-paragraph\">Sous le leadership de Son Excellence Monsieur Mamadi DOUMBOUYA, Pr\u00e9sident de la R\u00e9publique de Guin\u00e9e, le G\u00e9n\u00e9ral Aboubacar Sidiki CAMARA \u00ab Idamine \u00bb appara\u00eet ainsi comme un officier g\u00e9n\u00e9ral profond\u00e9ment attach\u00e9 \u00e0 une conception exigeante et moderne de l\u2019institution militaire. Qu\u2019une arm\u00e9e v\u00e9ritablement forte ne se d\u00e9finit pas seulement par l\u2019importance de ses moyens, mais avant tout par la discipline de ses hommes, la qualit\u00e9 de leur formation, leur professionnalisme, leur attachement aux valeurs r\u00e9publicaines et leur pleine conscience de la responsabilit\u00e9 qui leur incombe dans la d\u00e9fense de la Nation, de sa souverainet\u00e9 et de ses institutions.<\/p>\n\n\n\n<h2 class=\"wp-block-heading\">Du commandement militaire \u00e0 la diplomatie, servir autrement la R\u00e9publique<\/h2>\n\n\n\n<p class=\"wp-block-paragraph\">Il existe, \u00e0 premi\u00e8re vue, une diff\u00e9rence consid\u00e9rable entre le militaire et le diplomate. Le premier est associ\u00e9 au commandement, \u00e0 la d\u00e9fense et \u00e0 la protection de la souverainet\u00e9 ; le second \u00e0 la n\u00e9gociation, au dialogue et \u00e0 la repr\u00e9sentation internationale.<\/p>\n\n\n\n<p class=\"wp-block-paragraph\">Pourtant, ces deux fonctions partagent plusieurs vertus fondamentales : la discipline, la ma\u00eetrise de soi, la discr\u00e9tion, le sens de l\u2019\u00c9tat, la loyaut\u00e9 et l\u2019intelligence des rapports humains.<\/p>\n\n\n\n<p class=\"wp-block-paragraph\">C\u2019est donc dans la continuit\u00e9 du service de la R\u00e9publique que le G\u00e9n\u00e9ral Aboubacar Sidiki CAMARA est appel\u00e9 \u00e0 exercer les fonctions d\u2019Ambassadeur Extraordinaire et Pl\u00e9nipotentiaire de la R\u00e9publique de Guin\u00e9e aupr\u00e8s de la R\u00e9publique de France.<\/p>\n\n\n\n<p class=\"wp-block-paragraph\">Cette mission diplomatique ouvre une nouvelle dimension dans son parcours. Apr\u00e8s avoir servi la Guin\u00e9e sous l\u2019uniforme, il lui revient d\u00e9sormais de la repr\u00e9senter par la parole, la n\u00e9gociation et la diplomatie.<\/p>\n\n\n\n<p class=\"wp-block-paragraph\">En France, il va s\u2019inscrire dans la longue histoire des relations d\u2019amiti\u00e9 et de coop\u00e9ration entre la Guin\u00e9e et la France, notamment dans des domaines d\u2019int\u00e9r\u00eat mutuel tels que la formation, la sant\u00e9 et la coop\u00e9ration institutionnelle.<\/p>\n\n\n\n<p class=\"wp-block-paragraph\">Cette capacit\u00e9 \u00e0 passer de la culture du commandement \u00e0 celle du dialogue d\u00e9montre une qualit\u00e9 fondamentale du grand serviteur de l\u2019\u00c9tat : savoir adapter ses comp\u00e9tences aux missions que la R\u00e9publique lui confie sans jamais perdre de vue la finalit\u00e9 sup\u00e9rieure du service national.<\/p>\n\n\n\n<h2 class=\"wp-block-heading\">L\u2019autorit\u00e9 v\u00e9ritable, servir avant de commander<\/h2>\n\n\n\n<p class=\"wp-block-paragraph\">Au-del\u00e0 de l\u2019officier g\u00e9n\u00e9ral, du ministre et du diplomate, c\u2019est \u00e9galement l\u2019homme, dans la profondeur de ses valeurs et la constance de son engagement, qui m\u00e9rite de retenir l\u2019attention, particuli\u00e8rement dans une perspective de transmission aux g\u00e9n\u00e9rations montantes. Telle est, en ma qualit\u00e9 d\u2019universitaire et d\u2019homme de droit, la vocation qui anime cette r\u00e9daction : contribuer, \u00e0 mon modeste niveau, \u00e0 un devoir de m\u00e9moire, de reconnaissance et de transmission, en mettant en lumi\u00e8re les parcours susceptibles de servir de rep\u00e8res \u00e0 la jeunesse guin\u00e9enne.<\/p>\n\n\n\n<p class=\"wp-block-paragraph\">En effet, l\u2019exercice des responsabilit\u00e9s publiques constitue l\u2019une des \u00e9preuves les plus exigeantes du caract\u00e8re humain. Le pouvoir, le prestige et les honneurs qui accompagnent certaines fonctions r\u00e9v\u00e8lent la capacit\u00e9 d\u2019un responsable \u00e0 demeurer fid\u00e8le \u00e0 ses principes, \u00e0 pr\u00e9server le sens de la mesure et, surtout, \u00e0 ne jamais perdre de vue la finalit\u00e9 premi\u00e8re de toute autorit\u00e9 publique : servir l\u2019int\u00e9r\u00eat g\u00e9n\u00e9ral.<\/p>\n\n\n\n<p class=\"wp-block-paragraph\">Le parcours du G\u00e9n\u00e9ral Aboubacar Sidiki CAMARA \u00ab Idamine \u00bb rappelle, \u00e0 cet \u00e9gard, que l\u2019autorit\u00e9 v\u00e9ritable ne se confond ni avec l\u2019arrogance, ni avec l\u2019ostentation, encore moins avec la seule d\u00e9tention du pouvoir. Elle se construit et se l\u00e9gitime dans la comp\u00e9tence, la ma\u00eetrise de soi, la constance dans l\u2019effort, le respect des institutions, le sens du devoir et, par-dessus tout, l\u2019exemplarit\u00e9. Car commander v\u00e9ritablement, c\u2019est d\u2019abord savoir servir ; et servir l\u2019\u00c9tat, c\u2019est accepter que l\u2019int\u00e9r\u00eat de la Nation demeure sup\u00e9rieur aux consid\u00e9rations personnelles.<\/p>\n\n\n\n<p class=\"wp-block-paragraph\">Cette conception de l\u2019autorit\u00e9 trouve une r\u00e9sonance profonde dans les enseignements religieux. Le Saint Coran nous enseigne : \u00ab Les serviteurs du Tout Mis\u00e9ricordieux sont ceux qui marchent humblement sur terre. \u00bb Saint Coran, Sourate Al-Furq\u00e2n (Le Discernement), 25:63.<\/p>\n\n\n\n<p class=\"wp-block-paragraph\">La Bible proclame \u00e9galement : \u00ab Quiconque s\u2019\u00e9l\u00e8vera sera abaiss\u00e9, et quiconque s\u2019abaissera sera \u00e9lev\u00e9. \u00bb Matthieu 23:12.<\/p>\n\n\n\n<p class=\"wp-block-paragraph\">Ces deux enseignements, issus de traditions religieuses diff\u00e9rentes mais convergeant vers une m\u00eame exigence morale, nous rappellent une v\u00e9rit\u00e9 universelle : l\u2019humilit\u00e9 ne diminue nullement la grandeur d\u2019un homme ; elle en constitue, bien souvent, l\u2019expression la plus noble et la plus accomplie.<\/p>\n\n\n\n<p class=\"wp-block-paragraph\">Pour les g\u00e9n\u00e9rations montantes, notamment les \u00e9l\u00e8ves, les \u00e9tudiants, les jeunes cadres, les futurs responsables publics et les jeunes officiers, l\u2019enseignement est essentiel : la v\u00e9ritable autorit\u00e9 ne r\u00e9side pas seulement dans le pouvoir de commander, mais dans la capacit\u00e9 de servir, de rassembler, d\u2019inspirer et de laisser derri\u00e8re soi des institutions plus fortes et des hommes mieux pr\u00e9par\u00e9s \u00e0 servir la Nation.<\/p>\n\n\n\n<h2 class=\"wp-block-heading\">Une trajectoire porteuse d\u2019enseignements pour la jeunesse guin\u00e9enne<\/h2>\n\n\n\n<p class=\"wp-block-paragraph\">La jeunesse guin\u00e9enne a besoin de r\u00e9f\u00e9rences. Non pas seulement de personnalit\u00e9s ayant connu la r\u00e9ussite, mais de trajectoires capables de d\u00e9montrer que la r\u00e9ussite durable se construit par l\u2019\u00e9ducation, la discipline, le travail, la patience et le sens de l\u2019int\u00e9r\u00eat g\u00e9n\u00e9ral.<\/p>\n\n\n\n<p class=\"wp-block-paragraph\">\u00c0 cet \u00e9gard, le parcours du G\u00e9n\u00e9ral Aboubacar Sidiki CAMARA constitue une v\u00e9ritable mati\u00e8re p\u00e9dagogique.<\/p>\n\n\n\n<p class=\"wp-block-paragraph\">Aux jeunes officiers, il enseigne que le galon ne dispense jamais de l\u2019apprentissage.<\/p>\n\n\n\n<p class=\"wp-block-paragraph\">Aux \u00e9l\u00e8ves et \u00e9tudiants, il rappelle que la connaissance demeure l\u2019une des plus grandes forces de transformation individuelle et collective.<\/p>\n\n\n\n<p class=\"wp-block-paragraph\">Aux fonctionnaires, il enseigne que servir l\u2019\u00c9tat exige loyaut\u00e9, comp\u00e9tence et continuit\u00e9.<\/p>\n\n\n\n<p class=\"wp-block-paragraph\">Aux responsables publics, il rappelle que l\u2019autorit\u00e9 n\u2019est l\u00e9gitime que lorsqu\u2019elle demeure orient\u00e9e vers l\u2019int\u00e9r\u00eat g\u00e9n\u00e9ral.<\/p>\n\n\n\n<p class=\"wp-block-paragraph\">Et \u00e0 tous les citoyens, son itin\u00e9raire rappelle qu\u2019une Nation se construit lorsque chacun, \u00e0 son niveau, accepte d\u2019accomplir consciencieusement la part de responsabilit\u00e9 qui lui revient.<\/p>\n\n\n\n<p class=\"wp-block-paragraph\">Nelson Mandela rappelait avec justesse que \u00ab l\u2019\u00e9ducation est l\u2019une des armes les plus puissantes pour transformer le monde. \u00bb Cette conviction trouve une r\u00e9sonance particuli\u00e8re dans toute trajectoire fond\u00e9e sur l\u2019apprentissage permanent et la transmission.<\/p>\n\n\n\n<h2 class=\"wp-block-heading\">Reconnaissance, respect et transmission<\/h2>\n\n\n\n<p class=\"wp-block-paragraph\">Au terme de cette tribune, une conviction demeure en moi : les Nations grandissent lorsqu\u2019elles savent reconna\u00eetre celles et ceux qui les ont servies et lorsqu\u2019elles transmettent aux g\u00e9n\u00e9rations nouvelles la m\u00e9moire des parcours exemplaires.<\/p>\n\n\n\n<p class=\"wp-block-paragraph\">La reconnaissance au G\u00e9n\u00e9ral Aboubacar Sidiki CAMARA n\u2019est pas une flatterie. Elle est un devoir de m\u00e9moire. L\u2019hommage n\u2019est pas une complaisance. Il est une mani\u00e8re de rappeler les valeurs que la soci\u00e9t\u00e9 souhaite transmettre.<\/p>\n\n\n\n<p class=\"wp-block-paragraph\">C\u2019est dans cet esprit que cette tribune est d\u00e9di\u00e9e \u00e0 Son Excellence le G\u00e9n\u00e9ral Aboubacar Sidiki CAMARA \u00ab Idamine \u00bb, en t\u00e9moignage de respect pour son parcours militaire, institutionnel et diplomatique, ainsi que pour les services rendus \u00e0 la R\u00e9publique de Guin\u00e9e.<\/p>\n\n\n\n<p class=\"wp-block-paragraph\">Que les g\u00e9n\u00e9rations pr\u00e9sentes et futures puissent retenir de cette trajectoire que servir son pays est un honneur, mais que bien le servir est une responsabilit\u00e9.<\/p>\n\n\n\n<p class=\"wp-block-paragraph\">Que la jeunesse guin\u00e9enne y puise la conviction que la discipline pr\u00e9c\u00e8de l\u2019excellence, que la connaissance fortifie le leadership, que l\u2019humilit\u00e9 grandit l\u2019homme et que le patriotisme authentique se manifeste davantage par les actes que par les discours.<\/p>\n\n\n\n<p class=\"wp-block-paragraph\">Et que demeure, au-dessus des grades, des fonctions et des distinctions, cette exigence fondamentale :<\/p>\n\n\n\n<p class=\"wp-block-paragraph\"><strong>Servir la R\u00e9publique avec comp\u00e9tence ;<br>Servir la Nation avec loyaut\u00e9 ;<br>Servir le peuple avec dignit\u00e9 ;<br>Et laisser \u00e0 l\u2019Histoire le soin de t\u00e9moigner.<\/strong><\/p>\n\n\n\n<p class=\"wp-block-paragraph\">Puisse Dieu, dans Son infinie sagesse, accorder au G\u00e9n\u00e9ral Aboubacar Sidiki CAMARA, \u00ab Idamine \u00bb, sant\u00e9, long\u00e9vit\u00e9, sagesse et force, afin qu\u2019il continue de mettre son exp\u00e9rience au service de la R\u00e9publique, de contribuer \u00e0 la consolidation de la paix, de l\u2019unit\u00e9 et de transmettre aux g\u00e9n\u00e9rations futures les valeurs de discipline, de patriotisme et de fid\u00e9lit\u00e9 \u00e0 la Nation et \u00e0 Son Excellence Mamadi DOUMBOUYA.<\/p>\n\n\n\n<p class=\"wp-block-paragraph\">\u00c0 l\u2019homme des armes, mon respect. Au diplomate, ma consid\u00e9ration. Au serviteur de l\u2019\u00c9tat, ma reconnaissance. Et au patriote, l\u2019hommage de la Nation reconnaissante.<\/p>\n\n\n\n<p class=\"wp-block-paragraph\"><strong>Par Alpha Oumar BALDE (AOB), Enseignant Chercheur \u00e0 l\u2019Universit\u00e9 de N\u2019Z\u00e9r\u00e9kor\u00e9, Journaliste et Juriste.<\/strong><\/p>\n","protected":false},"excerpt":{"rendered":"<p>Il est des hommes dont l\u2019existence professionnelle ne saurait se r\u00e9sumer \u00e0 l\u2019\u00e9num\u00e9ration des titres, des grades et des fonctions exerc\u00e9es. Leur parcours, parce qu\u2019il \u00e9pouse les exigences du devoir, de la constance et du service public, finit par se confondre avec une certaine id\u00e9e de l\u2019\u00c9tat et de la Nation. Son Excellence le G\u00e9n\u00e9ral [&hellip;]<\/p>\n","protected":false},"author":123458,"featured_media":12134,"comment_status":"open","ping_status":"open","sticky":false,"template":"","format":"standard","meta":{"_acf_changed":false,"footnotes":""},"categories":[57,59],"tags":[],"class_list":["post-12132","post","type-post","status-publish","format-standard","has-post-thumbnail","hentry","category-chronique","category-nationale"],"acf":[],"_links":{"self":[{"href":"https:\/\/lereveil224.info\/index.php\/wp-json\/wp\/v2\/posts\/12132","targetHints":{"allow":["GET"]}}],"collection":[{"href":"https:\/\/lereveil224.info\/index.php\/wp-json\/wp\/v2\/posts"}],"about":[{"href":"https:\/\/lereveil224.info\/index.php\/wp-json\/wp\/v2\/types\/post"}],"author":[{"embeddable":true,"href":"https:\/\/lereveil224.info\/index.php\/wp-json\/wp\/v2\/users\/123458"}],"replies":[{"embeddable":true,"href":"https:\/\/lereveil224.info\/index.php\/wp-json\/wp\/v2\/comments?post=12132"}],"version-history":[{"count":1,"href":"https:\/\/lereveil224.info\/index.php\/wp-json\/wp\/v2\/posts\/12132\/revisions"}],"predecessor-version":[{"id":12133,"href":"https:\/\/lereveil224.info\/index.php\/wp-json\/wp\/v2\/posts\/12132\/revisions\/12133"}],"wp:featuredmedia":[{"embeddable":true,"href":"https:\/\/lereveil224.info\/index.php\/wp-json\/wp\/v2\/media\/12134"}],"wp:attachment":[{"href":"https:\/\/lereveil224.info\/index.php\/wp-json\/wp\/v2\/media?parent=12132"}],"wp:term":[{"taxonomy":"category","embeddable":true,"href":"https:\/\/lereveil224.info\/index.php\/wp-json\/wp\/v2\/categories?post=12132"},{"taxonomy":"post_tag","embeddable":true,"href":"https:\/\/lereveil224.info\/index.php\/wp-json\/wp\/v2\/tags?post=12132"}],"curies":[{"name":"wp","href":"https:\/\/api.w.org\/{rel}","templated":true}]}}