{"id":12128,"date":"2026-09-03T16:04:55","date_gmt":"2026-09-03T16:04:55","guid":{"rendered":"https:\/\/lereveil224.info\/?p=12128"},"modified":"2026-09-03T16:04:57","modified_gmt":"2026-09-03T16:04:57","slug":"tragedie-a-dar-es-salam-les-35-victimes-seront-inhumees-ce-vendredi-a-bambeto","status":"publish","type":"post","link":"https:\/\/lereveil224.info\/index.php\/2026\/09\/03\/tragedie-a-dar-es-salam-les-35-victimes-seront-inhumees-ce-vendredi-a-bambeto\/","title":{"rendered":"Trag\u00e9die \u00e0 Dar-es-Salam : les 35 victimes seront inhum\u00e9es ce vendredi \u00e0 Bamb\u00e9to"},"content":{"rendered":"\n<p class=\"wp-block-paragraph\">Les 35 personnes d\u00e9c\u00e9d\u00e9es dans l\u2019\u00e9boulement meurtrier survenu \u00e0 la d\u00e9charge de Dar-es-Salam seront inhum\u00e9es ce vendredi 4 septembre 2026 au cimeti\u00e8re de Bamb\u00e9to, \u00e0 Conakry.<\/p>\n\n\n\n<p class=\"wp-block-paragraph\">L\u2019annonce a \u00e9t\u00e9 faite ce jeudi par le gouvernement guin\u00e9en \u00e0 travers un communiqu\u00e9 officiel, pr\u00e9cisant les dispositions pr\u00e9vues pour rendre un dernier hommage aux victimes de cette trag\u00e9die.<\/p>\n\n\n\n<p class=\"wp-block-paragraph\">Selon le programme communiqu\u00e9 par les autorit\u00e9s, une <strong>pri\u00e8re mortuaire est pr\u00e9vue \u00e0 14 heures \u00e0 la Mosqu\u00e9e Turque de Bamb\u00e9to<\/strong>. \u00c0 l\u2019issue de cette c\u00e9r\u00e9monie religieuse, les d\u00e9pouilles seront conduites au cimeti\u00e8re de Bamb\u00e9to o\u00f9 aura lieu leur inhumation.<\/p>\n\n\n\n<p class=\"wp-block-paragraph\">En signe de deuil et de solidarit\u00e9 avec les familles endeuill\u00e9es, le gouvernement a \u00e9galement annonc\u00e9 que <strong>le drapeau national sera mis en berne ce vendredi sur l\u2019ensemble du territoire guin\u00e9en<\/strong>.<\/p>\n\n\n\n<p class=\"wp-block-paragraph\">Cette mesure sera \u00e9galement appliqu\u00e9e dans les repr\u00e9sentations diplomatiques et consulaires de la Guin\u00e9e \u00e0 l\u2019\u00e9tranger, en hommage aux victimes de l\u2019\u00e9boulement.<\/p>\n\n\n\n<p class=\"wp-block-paragraph\">Dans son communiqu\u00e9, le gouvernement guin\u00e9en a renouvel\u00e9 ses condol\u00e9ances aux familles touch\u00e9es par cette douloureuse \u00e9preuve et appel\u00e9 la population \u00e0 se mobiliser autour de la c\u00e9r\u00e9monie d\u2019hommage.<\/p>\n\n\n\n<p class=\"wp-block-paragraph\">Les autorit\u00e9s invitent notamment les familles des victimes ainsi que l\u2019ensemble de la population \u00e0 prendre part \u00e0 cette c\u00e9r\u00e9monie <strong>dans la dignit\u00e9, le recueillement et le respect d\u00fb aux victimes et \u00e0 leurs proches<\/strong>.<\/p>\n\n\n\n<p class=\"wp-block-paragraph\">L\u2019inhumation intervient apr\u00e8s l\u2019\u00e9boulement survenu \u00e0 la d\u00e9charge de Dar-es-Salam, un drame qui a co\u00fbt\u00e9 la vie \u00e0 <strong>35 personnes<\/strong>, selon le bilan communiqu\u00e9 par les autorit\u00e9s guin\u00e9ennes.<\/p>\n\n\n\n<p class=\"wp-block-paragraph\">Ce vendredi 4 septembre sera ainsi une journ\u00e9e de deuil et de recueillement en Guin\u00e9e, alors que les familles et les proches des victimes s\u2019appr\u00eatent \u00e0 leur adresser un dernier adieu.<\/p>\n\n\n\n<p class=\"wp-block-paragraph\"><strong>Mamadouba CAMARA <\/strong><\/p>\n","protected":false},"excerpt":{"rendered":"<p>Les 35 personnes d\u00e9c\u00e9d\u00e9es dans l\u2019\u00e9boulement meurtrier survenu \u00e0 la d\u00e9charge de Dar-es-Salam seront inhum\u00e9es ce vendredi 4 septembre 2026 au cimeti\u00e8re de Bamb\u00e9to, \u00e0 Conakry. L\u2019annonce a \u00e9t\u00e9 faite ce jeudi par le gouvernement guin\u00e9en \u00e0 travers un communiqu\u00e9 officiel, pr\u00e9cisant les dispositions pr\u00e9vues pour rendre un dernier hommage aux victimes de cette trag\u00e9die. [&hellip;]<\/p>\n","protected":false},"author":123458,"featured_media":12130,"comment_status":"open","ping_status":"open","sticky":false,"template":"","format":"standard","meta":{"_acf_changed":false,"footnotes":""},"categories":[11,18],"tags":[],"class_list":["post-12128","post","type-post","status-publish","format-standard","has-post-thumbnail","hentry","category-actualite","category-region"],"acf":[],"_links":{"self":[{"href":"https:\/\/lereveil224.info\/index.php\/wp-json\/wp\/v2\/posts\/12128","targetHints":{"allow":["GET"]}}],"collection":[{"href":"https:\/\/lereveil224.info\/index.php\/wp-json\/wp\/v2\/posts"}],"about":[{"href":"https:\/\/lereveil224.info\/index.php\/wp-json\/wp\/v2\/types\/post"}],"author":[{"embeddable":true,"href":"https:\/\/lereveil224.info\/index.php\/wp-json\/wp\/v2\/users\/123458"}],"replies":[{"embeddable":true,"href":"https:\/\/lereveil224.info\/index.php\/wp-json\/wp\/v2\/comments?post=12128"}],"version-history":[{"count":1,"href":"https:\/\/lereveil224.info\/index.php\/wp-json\/wp\/v2\/posts\/12128\/revisions"}],"predecessor-version":[{"id":12129,"href":"https:\/\/lereveil224.info\/index.php\/wp-json\/wp\/v2\/posts\/12128\/revisions\/12129"}],"wp:featuredmedia":[{"embeddable":true,"href":"https:\/\/lereveil224.info\/index.php\/wp-json\/wp\/v2\/media\/12130"}],"wp:attachment":[{"href":"https:\/\/lereveil224.info\/index.php\/wp-json\/wp\/v2\/media?parent=12128"}],"wp:term":[{"taxonomy":"category","embeddable":true,"href":"https:\/\/lereveil224.info\/index.php\/wp-json\/wp\/v2\/categories?post=12128"},{"taxonomy":"post_tag","embeddable":true,"href":"https:\/\/lereveil224.info\/index.php\/wp-json\/wp\/v2\/tags?post=12128"}],"curies":[{"name":"wp","href":"https:\/\/api.w.org\/{rel}","templated":true}]}}