{"id":12125,"date":"2026-09-02T14:23:10","date_gmt":"2026-09-02T14:23:10","guid":{"rendered":"https:\/\/lereveil224.info\/?p=12125"},"modified":"2026-09-02T14:23:12","modified_gmt":"2026-09-02T14:23:12","slug":"joie-au-palais-presidentiel-mamadi-doumbouya-annonce-la-naissance-dune-petite-fille","status":"publish","type":"post","link":"https:\/\/lereveil224.info\/index.php\/2026\/09\/02\/joie-au-palais-presidentiel-mamadi-doumbouya-annonce-la-naissance-dune-petite-fille\/","title":{"rendered":"Joie au Palais pr\u00e9sidentiel : Mamadi Doumbouya annonce la naissance d\u2019une petite fille"},"content":{"rendered":"\n<p class=\"wp-block-paragraph\">Le Palais pr\u00e9sidentiel est en f\u00eate. Le Pr\u00e9sident de la R\u00e9publique de Guin\u00e9e, Mamadi Doumbouya, a annonc\u00e9 ce mercredi 2 septembre 2026 la naissance d\u2019une petite fille au sein de son foyer.<\/p>\n\n\n\n<p class=\"wp-block-paragraph\">L\u2019accouchement a eu lieu \u00e0 2 heures du matin. Selon le chef de l\u2019\u00c9tat, la Premi\u00e8re Dame, Laurianne Doumbouya, et le nouveau-n\u00e9 se portent bien.<\/p>\n\n\n\n<p class=\"wp-block-paragraph\">Dans un message empreint d\u2019\u00e9motion, le Pr\u00e9sident a rendu gr\u00e2ce \u00e0 Dieu pour cette nouvelle naissance et exprim\u00e9 sa gratitude au personnel m\u00e9dical ainsi qu\u2019au peuple guin\u00e9en pour ses pri\u00e8res et son soutien.<\/p>\n\n\n\n<p class=\"wp-block-paragraph\">\u00ab Notre foyer s\u2019est de nouveau rempli d\u2019une joie que les mots peinent encore \u00e0 contenir \u00bb, a-t-il d\u00e9clar\u00e9, avant de souhaiter que Dieu b\u00e9nisse \u00e0 son tour les foyers de tous les Guin\u00e9ens.<\/p>\n\n\n\n<p class=\"wp-block-paragraph\"><strong>Mamadouba CAMARA <\/strong><\/p>\n","protected":false},"excerpt":{"rendered":"<p>Le Palais pr\u00e9sidentiel est en f\u00eate. Le Pr\u00e9sident de la R\u00e9publique de Guin\u00e9e, Mamadi Doumbouya, a annonc\u00e9 ce mercredi 2 septembre 2026 la naissance d\u2019une petite fille au sein de son foyer. L\u2019accouchement a eu lieu \u00e0 2 heures du matin. Selon le chef de l\u2019\u00c9tat, la Premi\u00e8re Dame, Laurianne Doumbouya, et le nouveau-n\u00e9 se [&hellip;]<\/p>\n","protected":false},"author":123458,"featured_media":12127,"comment_status":"open","ping_status":"open","sticky":false,"template":"","format":"standard","meta":{"_acf_changed":false,"footnotes":""},"categories":[11,59],"tags":[],"class_list":["post-12125","post","type-post","status-publish","format-standard","has-post-thumbnail","hentry","category-actualite","category-nationale"],"acf":[],"_links":{"self":[{"href":"https:\/\/lereveil224.info\/index.php\/wp-json\/wp\/v2\/posts\/12125","targetHints":{"allow":["GET"]}}],"collection":[{"href":"https:\/\/lereveil224.info\/index.php\/wp-json\/wp\/v2\/posts"}],"about":[{"href":"https:\/\/lereveil224.info\/index.php\/wp-json\/wp\/v2\/types\/post"}],"author":[{"embeddable":true,"href":"https:\/\/lereveil224.info\/index.php\/wp-json\/wp\/v2\/users\/123458"}],"replies":[{"embeddable":true,"href":"https:\/\/lereveil224.info\/index.php\/wp-json\/wp\/v2\/comments?post=12125"}],"version-history":[{"count":1,"href":"https:\/\/lereveil224.info\/index.php\/wp-json\/wp\/v2\/posts\/12125\/revisions"}],"predecessor-version":[{"id":12126,"href":"https:\/\/lereveil224.info\/index.php\/wp-json\/wp\/v2\/posts\/12125\/revisions\/12126"}],"wp:featuredmedia":[{"embeddable":true,"href":"https:\/\/lereveil224.info\/index.php\/wp-json\/wp\/v2\/media\/12127"}],"wp:attachment":[{"href":"https:\/\/lereveil224.info\/index.php\/wp-json\/wp\/v2\/media?parent=12125"}],"wp:term":[{"taxonomy":"category","embeddable":true,"href":"https:\/\/lereveil224.info\/index.php\/wp-json\/wp\/v2\/categories?post=12125"},{"taxonomy":"post_tag","embeddable":true,"href":"https:\/\/lereveil224.info\/index.php\/wp-json\/wp\/v2\/tags?post=12125"}],"curies":[{"name":"wp","href":"https:\/\/api.w.org\/{rel}","templated":true}]}}