{"id":12110,"date":"2026-08-31T18:11:21","date_gmt":"2026-08-31T18:11:21","guid":{"rendered":"https:\/\/lereveil224.info\/?p=12110"},"modified":"2026-08-31T18:11:22","modified_gmt":"2026-08-31T18:11:22","slug":"conakry-luemoa-et-la-guinee-sunissent-pour-mieux-combattre-les-derives-des-reseaux-sociaux","status":"publish","type":"post","link":"https:\/\/lereveil224.info\/index.php\/2026\/08\/31\/conakry-luemoa-et-la-guinee-sunissent-pour-mieux-combattre-les-derives-des-reseaux-sociaux\/","title":{"rendered":"Conakry : l\u2019UEMOA et la Guin\u00e9e s\u2019unissent pour mieux combattre les d\u00e9rives des r\u00e9seaux sociaux"},"content":{"rendered":"\n<p class=\"wp-block-paragraph\">La capitale guin\u00e9enne est au c\u0153ur des r\u00e9flexions sur l\u2019avenir de la r\u00e9gulation de l\u2019espace num\u00e9rique. Les travaux de la <strong>12e Assembl\u00e9e g\u00e9n\u00e9rale de la Plateforme des R\u00e9gulateurs de l\u2019Audiovisuel des pays membres de l\u2019UEMOA et de la Guin\u00e9e (PRA-UEMOA-Guin\u00e9e)<\/strong> ont officiellement d\u00e9marr\u00e9 ce lundi 31 ao\u00fbt \u00e0 Conakry.<\/p>\n\n\n\n<p class=\"wp-block-paragraph\">Durant deux jours, des repr\u00e9sentants des huit pays de l\u2019<strong>Union \u00e9conomique et mon\u00e9taire ouest-africaine (UEMOA)<\/strong> et de la Guin\u00e9e se penchent sur les d\u00e9fis grandissants li\u00e9s aux r\u00e9seaux sociaux, \u00e0 la cybers\u00e9curit\u00e9, \u00e0 la d\u00e9sinformation et \u00e0 la pr\u00e9servation de la coh\u00e9sion sociale.<\/p>\n\n\n\n<figure class=\"wp-block-image size-large\"><img fetchpriority=\"high\" decoding=\"async\" width=\"1024\" height=\"576\" src=\"https:\/\/lereveil224.info\/wp-content\/uploads\/2026\/08\/HRENXgdW8AAh3ZW-1024x576.jpg\" alt=\"\" class=\"wp-image-12115\" srcset=\"https:\/\/lereveil224.info\/wp-content\/uploads\/2026\/08\/HRENXgdW8AAh3ZW-1024x576.jpg 1024w, https:\/\/lereveil224.info\/wp-content\/uploads\/2026\/08\/HRENXgdW8AAh3ZW-300x169.jpg 300w, https:\/\/lereveil224.info\/wp-content\/uploads\/2026\/08\/HRENXgdW8AAh3ZW-768x432.jpg 768w, https:\/\/lereveil224.info\/wp-content\/uploads\/2026\/08\/HRENXgdW8AAh3ZW.jpg 1080w\" sizes=\"(max-width: 1024px) 100vw, 1024px\" \/><\/figure>\n\n\n\n<h3 class=\"wp-block-heading\"><strong>Face aux fake news et aux deepfakes, les r\u00e9gulateurs veulent harmoniser leur r\u00e9ponse<\/strong><\/h3>\n\n\n\n<p class=\"wp-block-paragraph\">Plac\u00e9e sous le th\u00e8me <strong>\u00ab La r\u00e9gulation des r\u00e9seaux sociaux face aux d\u00e9fis de la cybers\u00e9curit\u00e9 et de la pr\u00e9vention de la coh\u00e9sion sociale : quels m\u00e9canismes harmonis\u00e9s pour les pays de l\u2019UEMOA et de la Guin\u00e9e ? \u00bb<\/strong>, cette rencontre intervient dans un contexte de transformation rapide du paysage num\u00e9rique.<\/p>\n\n\n\n<p class=\"wp-block-paragraph\">L\u2019explosion de l\u2019utilisation des r\u00e9seaux sociaux a profond\u00e9ment modifi\u00e9 les modes de circulation de l\u2019information. Mais elle s\u2019accompagne \u00e9galement de nouveaux risques : propagation de fausses informations, discours de haine, manipulation de l\u2019opinion et contenus fabriqu\u00e9s gr\u00e2ce \u00e0 l\u2019intelligence artificielle.<\/p>\n\n\n\n<p class=\"wp-block-paragraph\">L\u2019apparition des <strong>deepfakes<\/strong>, capables de reproduire de mani\u00e8re tr\u00e8s r\u00e9aliste le visage ou la voix d\u2019une personne, constitue notamment un nouveau d\u00e9fi pour les professionnels des m\u00e9dias et les autorit\u00e9s de r\u00e9gulation.<\/p>\n\n\n\n<p class=\"wp-block-paragraph\">Face \u00e0 ces menaces, les participants entendent r\u00e9fl\u00e9chir \u00e0 des m\u00e9canismes communs permettant aux diff\u00e9rents pays de mieux pr\u00e9venir et combattre les d\u00e9rives de l\u2019espace num\u00e9rique.<\/p>\n\n\n\n<p class=\"wp-block-paragraph\">Au cours des travaux, les \u00e9changes portent notamment sur l\u2019harmonisation des outils <strong>juridiques, techniques et institutionnels<\/strong> destin\u00e9s \u00e0 mieux encadrer les plateformes num\u00e9riques.<\/p>\n\n\n\n<p class=\"wp-block-paragraph\">L\u2019objectif est \u00e9galement de renforcer la l\u00e9gitimit\u00e9 et les capacit\u00e9s des instances de r\u00e9gulation afin qu\u2019elles puissent mieux r\u00e9pondre aux transformations rapides de l\u2019environnement num\u00e9rique.<\/p>\n\n\n\n<p class=\"wp-block-paragraph\">La rencontre constitue aussi une occasion de partager les exp\u00e9riences nationales et d\u2019identifier les bonnes pratiques susceptibles d\u2019\u00eatre adapt\u00e9es \u00e0 l\u2019ensemble des pays membres de la plateforme.<\/p>\n\n\n\n<p class=\"wp-block-paragraph\">La lutte contre la d\u00e9sinformation ne repose toutefois pas uniquement sur les textes et les institutions. Le renforcement des comp\u00e9tences des professionnels des m\u00e9dias figure \u00e9galement parmi les priorit\u00e9s de cette Assembl\u00e9e g\u00e9n\u00e9rale.<\/p>\n\n\n\n<p class=\"wp-block-paragraph\">Des programmes d\u2019accompagnement et de formation adapt\u00e9s aux nouveaux enjeux de l\u2019information doivent ainsi permettre aux journalistes et autres acteurs des m\u00e9dias de mieux faire face aux nouvelles formes de manipulation de l\u2019information.<\/p>\n\n\n\n<p class=\"wp-block-paragraph\">Cette 12e Assembl\u00e9e g\u00e9n\u00e9rale est \u00e9galement marqu\u00e9e par un changement \u00e0 la t\u00eate de la PRA-UEMOA-Guin\u00e9e.<\/p>\n\n\n\n<figure class=\"wp-block-image size-large\"><img decoding=\"async\" width=\"1024\" height=\"953\" src=\"https:\/\/lereveil224.info\/wp-content\/uploads\/2026\/08\/HRENXgbXUAA2tH_-1024x953.jpg\" alt=\"\" class=\"wp-image-12113\" srcset=\"https:\/\/lereveil224.info\/wp-content\/uploads\/2026\/08\/HRENXgbXUAA2tH_-1024x953.jpg 1024w, https:\/\/lereveil224.info\/wp-content\/uploads\/2026\/08\/HRENXgbXUAA2tH_-300x279.jpg 300w, https:\/\/lereveil224.info\/wp-content\/uploads\/2026\/08\/HRENXgbXUAA2tH_-768x715.jpg 768w, https:\/\/lereveil224.info\/wp-content\/uploads\/2026\/08\/HRENXgbXUAA2tH_.jpg 1080w\" sizes=\"(max-width: 1024px) 100vw, 1024px\" \/><\/figure>\n\n\n\n<figure class=\"wp-block-image size-large\"><img decoding=\"async\" width=\"1024\" height=\"953\" src=\"https:\/\/lereveil224.info\/wp-content\/uploads\/2026\/08\/HRENXgbXUAA2tH_-1024x953.jpg\" alt=\"\" class=\"wp-image-12113\" srcset=\"https:\/\/lereveil224.info\/wp-content\/uploads\/2026\/08\/HRENXgbXUAA2tH_-1024x953.jpg 1024w, https:\/\/lereveil224.info\/wp-content\/uploads\/2026\/08\/HRENXgbXUAA2tH_-300x279.jpg 300w, https:\/\/lereveil224.info\/wp-content\/uploads\/2026\/08\/HRENXgbXUAA2tH_-768x715.jpg 768w, https:\/\/lereveil224.info\/wp-content\/uploads\/2026\/08\/HRENXgbXUAA2tH_.jpg 1080w\" sizes=\"(max-width: 1024px) 100vw, 1024px\" \/><\/figure>\n\n\n\n<p class=\"wp-block-paragraph\">La pr\u00e9sidence de la plateforme est transf\u00e9r\u00e9e \u00e0 la <strong>Guin\u00e9e<\/strong>, avec l\u2019accession de <strong>Boubacar Yacine Diallo<\/strong>, pr\u00e9sident de la <strong>Haute Autorit\u00e9 de la Communication (HAC)<\/strong>, \u00e0 la t\u00eate de l\u2019institution.<\/p>\n\n\n\n<p class=\"wp-block-paragraph\">\u00c0 cette occasion, le responsable guin\u00e9en a insist\u00e9 sur le caract\u00e8re incontournable des r\u00e9seaux sociaux, tout en mettant en garde contre leurs usages susceptibles de fragiliser la soci\u00e9t\u00e9.<\/p>\n\n\n\n<blockquote class=\"wp-block-quote is-layout-flow wp-block-quote-is-layout-flow\">\n<p class=\"wp-block-paragraph\">\u00ab Les r\u00e9seaux sociaux sont devenus incontournables, ils sont malheureusement aussi le vecteur de fausses informations, de discours de haine et de propos susceptibles de troubler l\u2019ordre public \u00bb, a d\u00e9clar\u00e9 Boubacar Yacine Diallo.<\/p>\n<\/blockquote>\n\n\n\n<p class=\"wp-block-paragraph\">Selon lui, l\u2019enjeu consiste d\u00e9sormais \u00e0 trouver un \u00e9quilibre entre les opportunit\u00e9s offertes par ces plateformes et la n\u00e9cessit\u00e9 de pr\u00e9venir leurs d\u00e9rives.<\/p>\n\n\n\n<blockquote class=\"wp-block-quote is-layout-flow wp-block-quote-is-layout-flow\">\n<p class=\"wp-block-paragraph\">\u00ab Autant ils sont utiles, autant ils peuvent s\u2019av\u00e9rer nuisibles lorsque leur usage est illicite, qu\u2019il soit volontaire ou na\u00eff. Nous devons donc harmoniser nos positions pour lutter contre la d\u00e9sinformation et promouvoir les bons usages de ces outils \u00bb, a-t-il ajout\u00e9.<\/p>\n<\/blockquote>\n\n\n\n<p class=\"wp-block-paragraph\">Au-del\u00e0 des discussions consacr\u00e9es au num\u00e9rique et \u00e0 la r\u00e9gulation, les d\u00e9l\u00e9gations pr\u00e9sentes \u00e0 Conakry auront \u00e9galement l\u2019occasion de d\u00e9couvrir certains projets structurants r\u00e9alis\u00e9s ou en cours de d\u00e9veloppement en Guin\u00e9e.<\/p>\n\n\n\n<p class=\"wp-block-paragraph\">Une visite au <strong>port min\u00e9ralier de Moribayah<\/strong> est notamment pr\u00e9vue ce mardi 1er septembre 2026.<\/p>\n\n\n\n<p class=\"wp-block-paragraph\">Boubacar Yacine Diallo a pr\u00e9sent\u00e9 cette visite comme une occasion de permettre aux participants de d\u00e9couvrir concr\u00e8tement certaines r\u00e9alisations du pays.<\/p>\n\n\n\n<p class=\"wp-block-paragraph\">\u00ab Vous d\u00e9couvrirez demain comment une vision ambitieuse peut se mat\u00e9rialiser \u00bb, a-t-il d\u00e9clar\u00e9, avant d\u2019\u00e9voquer le r\u00f4le des infrastructures et des ressources nationales dans le d\u00e9veloppement du pays.<\/p>\n\n\n\n<p class=\"wp-block-paragraph\">Cette visite devrait ainsi constituer un autre temps fort de la rencontre, qui combine \u00e9changes institutionnels, partage d\u2019exp\u00e9riences et d\u00e9couverte des initiatives guin\u00e9ennes.<\/p>\n\n\n\n<p class=\"wp-block-paragraph\">\u00c0 travers cette Assembl\u00e9e g\u00e9n\u00e9rale, la Guin\u00e9e et les pays de l\u2019UEMOA cherchent \u00e0 renforcer leur coop\u00e9ration face \u00e0 un ph\u00e9nom\u00e8ne qui ne conna\u00eet pratiquement aucune fronti\u00e8re.<\/p>\n\n\n\n<p class=\"wp-block-paragraph\">La circulation instantan\u00e9e des contenus num\u00e9riques rend en effet difficile une r\u00e9ponse strictement nationale \u00e0 la d\u00e9sinformation, aux cybermenaces et aux manipulations de l\u2019information.<\/p>\n\n\n\n<p class=\"wp-block-paragraph\">L\u2019ambition affich\u00e9e \u00e0 Conakry est donc de parvenir progressivement \u00e0 des <strong>m\u00e9canismes harmonis\u00e9s de r\u00e9gulation<\/strong>, tout en favorisant un usage responsable des r\u00e9seaux sociaux et en prot\u00e9geant la coh\u00e9sion sociale.<\/p>\n\n\n\n<p class=\"wp-block-paragraph\">Pendant deux jours, les \u00e9changes devront ainsi permettre aux neuf pays participants de poser les bases d\u2019une r\u00e9ponse r\u00e9gionale plus coordonn\u00e9e face aux nouveaux d\u00e9fis de l\u2019\u00e8re num\u00e9rique.<\/p>\n\n\n\n<p class=\"wp-block-paragraph\"><strong>Mamadouba CAMARA <\/strong><\/p>\n","protected":false},"excerpt":{"rendered":"<p>La capitale guin\u00e9enne est au c\u0153ur des r\u00e9flexions sur l\u2019avenir de la r\u00e9gulation de l\u2019espace num\u00e9rique. Les travaux de la 12e Assembl\u00e9e g\u00e9n\u00e9rale de la Plateforme des R\u00e9gulateurs de l\u2019Audiovisuel des pays membres de l\u2019UEMOA et de la Guin\u00e9e (PRA-UEMOA-Guin\u00e9e) ont officiellement d\u00e9marr\u00e9 ce lundi 31 ao\u00fbt \u00e0 Conakry. Durant deux jours, des repr\u00e9sentants des [&hellip;]<\/p>\n","protected":false},"author":123458,"featured_media":12112,"comment_status":"open","ping_status":"open","sticky":false,"template":"","format":"standard","meta":{"_acf_changed":false,"footnotes":""},"categories":[11,59,2,56],"tags":[],"class_list":["post-12110","post","type-post","status-publish","format-standard","has-post-thumbnail","hentry","category-actualite","category-nationale","category-politique","category-technologie"],"acf":[],"_links":{"self":[{"href":"https:\/\/lereveil224.info\/index.php\/wp-json\/wp\/v2\/posts\/12110","targetHints":{"allow":["GET"]}}],"collection":[{"href":"https:\/\/lereveil224.info\/index.php\/wp-json\/wp\/v2\/posts"}],"about":[{"href":"https:\/\/lereveil224.info\/index.php\/wp-json\/wp\/v2\/types\/post"}],"author":[{"embeddable":true,"href":"https:\/\/lereveil224.info\/index.php\/wp-json\/wp\/v2\/users\/123458"}],"replies":[{"embeddable":true,"href":"https:\/\/lereveil224.info\/index.php\/wp-json\/wp\/v2\/comments?post=12110"}],"version-history":[{"count":4,"href":"https:\/\/lereveil224.info\/index.php\/wp-json\/wp\/v2\/posts\/12110\/revisions"}],"predecessor-version":[{"id":12117,"href":"https:\/\/lereveil224.info\/index.php\/wp-json\/wp\/v2\/posts\/12110\/revisions\/12117"}],"wp:featuredmedia":[{"embeddable":true,"href":"https:\/\/lereveil224.info\/index.php\/wp-json\/wp\/v2\/media\/12112"}],"wp:attachment":[{"href":"https:\/\/lereveil224.info\/index.php\/wp-json\/wp\/v2\/media?parent=12110"}],"wp:term":[{"taxonomy":"category","embeddable":true,"href":"https:\/\/lereveil224.info\/index.php\/wp-json\/wp\/v2\/categories?post=12110"},{"taxonomy":"post_tag","embeddable":true,"href":"https:\/\/lereveil224.info\/index.php\/wp-json\/wp\/v2\/tags?post=12110"}],"curies":[{"name":"wp","href":"https:\/\/api.w.org\/{rel}","templated":true}]}}