{"id":11298,"date":"2026-04-29T22:12:42","date_gmt":"2026-04-29T22:12:42","guid":{"rendered":"https:\/\/lereveil224.info\/?p=11298"},"modified":"2026-04-29T22:12:43","modified_gmt":"2026-04-29T22:12:43","slug":"nzerekore-patricia-lamah-lance-la-formation-de-500-championnes","status":"publish","type":"post","link":"https:\/\/lereveil224.info\/index.php\/2026\/04\/29\/nzerekore-patricia-lamah-lance-la-formation-de-500-championnes\/","title":{"rendered":"N\u2019Z\u00c9R\u00c9KOR\u00c9 : Patricia Lamah lance la formation de 500 championnes"},"content":{"rendered":"\n<p>Ce mercredi 29 avril 2026, la salle de la Maison des jeunes de N\u2019Z\u00e9r\u00e9kor\u00e9 a servi de cadre au lancement d\u2019un ambitieux programme du projet de formation de 500 championnes \u00e9conomiques nationales du minist\u00e8re de la Femme, de la Famille et de la Solidarit\u00e9, d\u00e9di\u00e9 \u00e0 la promotion \u00e9conomique et professionnelle des femmes. Une initiative qui vise \u00e0 renforcer leurs capacit\u00e9s, favoriser leur insertion durable dans le tissu \u00e9conomique national et soutenir des projets porteurs de croissance.<\/p>\n\n\n\n<figure class=\"wp-block-image size-large\"><img fetchpriority=\"high\" decoding=\"async\" width=\"1024\" height=\"576\" src=\"https:\/\/lereveil224.info\/wp-content\/uploads\/2026\/04\/IMG-20260429-WA0004-1024x576.jpg\" alt=\"\" class=\"wp-image-11301\" srcset=\"https:\/\/lereveil224.info\/wp-content\/uploads\/2026\/04\/IMG-20260429-WA0004-1024x576.jpg 1024w, https:\/\/lereveil224.info\/wp-content\/uploads\/2026\/04\/IMG-20260429-WA0004-300x169.jpg 300w, https:\/\/lereveil224.info\/wp-content\/uploads\/2026\/04\/IMG-20260429-WA0004-768x432.jpg 768w, https:\/\/lereveil224.info\/wp-content\/uploads\/2026\/04\/IMG-20260429-WA0004.jpg 1280w\" sizes=\"(max-width: 1024px) 100vw, 1024px\" \/><\/figure>\n\n\n\n<p>La ministre de la Femme, de la Famille et de la Solidarit\u00e9, Madame Patricia Lamah, devant ses pairs, les autorit\u00e9s r\u00e9gionales, la couche f\u00e9minine, les partenaires et les b\u00e9n\u00e9ficiaires, a donn\u00e9 le coup d\u2019envoi de ce programme structurant en faveur des femmes de la Guin\u00e9e.<\/p>\n\n\n\n<p>D\u00e8s cette premi\u00e8re phase, elle annonce un processus rigoureux, transparent et \u00e9quitable. Les \u00e9tapes de s\u00e9lection, de formation et de financement interviendront progressivement, avec une attention particuli\u00e8re port\u00e9e \u00e0 la cr\u00e9dibilit\u00e9 des projets et \u00e0 l\u2019engagement des b\u00e9n\u00e9ficiaires. Selon la ministre, un dispositif de s\u00e9lection exigeant est ainsi mis en place. Des femmes d\u00e9j\u00e0 actives dans des activit\u00e9s \u00e9conomiques \u00e9thiques seront identifi\u00e9es. Leurs initiatives seront minutieusement analys\u00e9es, tandis que leur potentiel de croissance fera l\u2019objet d\u2019une \u00e9valuation objective.<\/p>\n\n\n\n<p>\u00c0 en croire Patricia Lamah, le programme sera d\u00e9ploy\u00e9 de mani\u00e8re progressive \u00e0 travers des cohortes r\u00e9gionales. La Guin\u00e9e foresti\u00e8re ouvre cette premi\u00e8re phase pilote, avant une extension annonc\u00e9e \u00e0 l\u2019ensemble du territoire national. Au c\u0153ur de cette initiative, la formation occupe une place strat\u00e9gique. Con\u00e7ues avec pragmatisme et ambition, les sessions pr\u00e9vues r\u00e9pondent aux besoins r\u00e9els de l\u2019\u00e9conomie guin\u00e9enne et aux opportunit\u00e9s offertes par les mutations en cours.<br>Les b\u00e9n\u00e9ficiaires seront form\u00e9es dans des domaines vari\u00e9s et porteurs, notamment les m\u00e9tiers li\u00e9s aux secteurs minier et industriel, la conduite et la maintenance d\u2019engins, les m\u00e9tiers techniques des infrastructures, ainsi que les services aux entreprises, en particulier dans les bases-vie.<\/p>\n\n\n\n<p>D\u2019autres fili\u00e8res cl\u00e9s sont \u00e9galement concern\u00e9es, telles que la recherche, la restauration, l\u2019entretien, les fonctions de gestion administrative et organisationnelle, sans oublier l\u2019\u00e9levage, l\u2019agro-business, l\u2019entrepreneuriat et le num\u00e9rique.<\/p>\n\n\n\n<p>\u00c0 travers ce programme, l\u2019objectif est clair : former des femmes comp\u00e9tentes, op\u00e9rationnelles et capables de s\u2019ins\u00e9rer durablement dans le tissu \u00e9conomique national. Une approche qui va au-del\u00e0 de la simple formation.<\/p>\n\n\n\n<p>Ici, il ne s\u2019agit pas seulement d\u2019occuper ou d\u2019autonomiser, mais bien de positionner les femmes comme des actrices majeures du d\u00e9veloppement \u00e9conomique.<\/p>\n\n\n\n<p><strong>Thierno Amadou DIALLO pour lereveil224.info<\/strong><\/p>\n","protected":false},"excerpt":{"rendered":"<p>Ce mercredi 29 avril 2026, la salle de la Maison des jeunes de N\u2019Z\u00e9r\u00e9kor\u00e9 a servi de cadre au lancement d\u2019un ambitieux programme du projet de formation de 500 championnes \u00e9conomiques nationales du minist\u00e8re de la Femme, de la Famille et de la Solidarit\u00e9, d\u00e9di\u00e9 \u00e0 la promotion \u00e9conomique et professionnelle des femmes. Une initiative [&hellip;]<\/p>\n","protected":false},"author":123458,"featured_media":11302,"comment_status":"open","ping_status":"open","sticky":false,"template":"","format":"standard","meta":{"_acf_changed":false,"footnotes":""},"categories":[11,18],"tags":[],"class_list":["post-11298","post","type-post","status-publish","format-standard","has-post-thumbnail","hentry","category-actualite","category-region"],"acf":[],"_links":{"self":[{"href":"https:\/\/lereveil224.info\/index.php\/wp-json\/wp\/v2\/posts\/11298","targetHints":{"allow":["GET"]}}],"collection":[{"href":"https:\/\/lereveil224.info\/index.php\/wp-json\/wp\/v2\/posts"}],"about":[{"href":"https:\/\/lereveil224.info\/index.php\/wp-json\/wp\/v2\/types\/post"}],"author":[{"embeddable":true,"href":"https:\/\/lereveil224.info\/index.php\/wp-json\/wp\/v2\/users\/123458"}],"replies":[{"embeddable":true,"href":"https:\/\/lereveil224.info\/index.php\/wp-json\/wp\/v2\/comments?post=11298"}],"version-history":[{"count":3,"href":"https:\/\/lereveil224.info\/index.php\/wp-json\/wp\/v2\/posts\/11298\/revisions"}],"predecessor-version":[{"id":11303,"href":"https:\/\/lereveil224.info\/index.php\/wp-json\/wp\/v2\/posts\/11298\/revisions\/11303"}],"wp:featuredmedia":[{"embeddable":true,"href":"https:\/\/lereveil224.info\/index.php\/wp-json\/wp\/v2\/media\/11302"}],"wp:attachment":[{"href":"https:\/\/lereveil224.info\/index.php\/wp-json\/wp\/v2\/media?parent=11298"}],"wp:term":[{"taxonomy":"category","embeddable":true,"href":"https:\/\/lereveil224.info\/index.php\/wp-json\/wp\/v2\/categories?post=11298"},{"taxonomy":"post_tag","embeddable":true,"href":"https:\/\/lereveil224.info\/index.php\/wp-json\/wp\/v2\/tags?post=11298"}],"curies":[{"name":"wp","href":"https:\/\/api.w.org\/{rel}","templated":true}]}}