{"id":11295,"date":"2026-04-28T13:44:45","date_gmt":"2026-04-28T13:44:45","guid":{"rendered":"https:\/\/lereveil224.info\/?p=11295"},"modified":"2026-04-28T13:44:47","modified_gmt":"2026-04-28T13:44:47","slug":"tribune-mali-face-au-terrorisme-lafrique-ne-peut-plus-hesiter","status":"publish","type":"post","link":"https:\/\/lereveil224.info\/index.php\/2026\/04\/28\/tribune-mali-face-au-terrorisme-lafrique-ne-peut-plus-hesiter\/","title":{"rendered":"TRIBUNE \u2013 Mali : face au terrorisme, l\u2019Afrique ne peut plus h\u00e9siter"},"content":{"rendered":"\n<p>Le Mali est aujourd\u2019hui meurtri. Les attaques terroristes qui frappent son territoire ne sont pas de simples faits divers s\u00e9curitaires. Elles constituent une offensive m\u00e9thodique contre la stabilit\u00e9 d\u2019un \u00c9tat et, au-del\u00e0, contre l\u2019\u00e9quilibre fragile de tout le Sahel. L\u2019\u00e9motion est vive, la douleur profonde, mais elle doit d\u00e9sormais laisser place \u00e0 une lucidit\u00e9 strat\u00e9gique.<\/p>\n\n\n\n<p>La disparition tragique de personnalit\u00e9s majeures, dont le g\u00e9n\u00e9ral Sadio Camara, rappelle brutalement que nul n\u2019est \u00e0 l\u2019abri. Ces actes ne visent pas uniquement des cibles militaires ou institutionnelles. Ils cherchent \u00e0 semer la peur, \u00e0 briser la confiance des citoyens envers leurs dirigeants et \u00e0 installer le doute dans les esprits. C\u2019est une guerre psychologique autant que s\u00e9curitaire.<\/p>\n\n\n\n<p>Soyons clairs : aucune nation sah\u00e9lienne ne peut affronter seule cette menace. Les r\u00e9ponses fragment\u00e9es ont montr\u00e9 leurs limites. Les groupes terroristes ignorent les fronti\u00e8res, exploitent les failles de coordination et prosp\u00e8rent sur les divisions. Continuer \u00e0 agir en ordre dispers\u00e9 serait une erreur strat\u00e9gique lourde de cons\u00e9quences.<\/p>\n\n\n\n<p>Il est temps de franchir un cap d\u00e9cisif. L\u2019id\u00e9e d\u2019une Force africaine de lutte contre le terrorisme ne doit plus rester un projet th\u00e9orique. Elle doit devenir une r\u00e9alit\u00e9 op\u00e9rationnelle. Une telle initiative exigerait des engagements concrets : mutualisation des renseignements, harmonisation des strat\u00e9gies, mobilisation de ressources financi\u00e8res cons\u00e9quentes et mise \u00e0 disposition de moyens logistiques modernes.<\/p>\n\n\n\n<p>L\u2019Afrique doit d\u00e9montrer qu\u2019elle est capable d\u2019assurer elle-m\u00eame sa s\u00e9curit\u00e9.<br>La s\u00e9curit\u00e9 du Mali n\u2019est pas une affaire strictement nationale. Elle concerne l\u2019ensemble de l\u2019Afrique de l\u2019Ouest et, par ricochet, tout le continent. L\u2019instabilit\u00e9 dans une r\u00e9gion se propage in\u00e9vitablement ailleurs. La paix durable ne se construit pas sur des r\u00e9ponses isol\u00e9es, mais sur une solidarit\u00e9 assum\u00e9e.<\/p>\n\n\n\n<p>Prot\u00e9ger les populations civiles doit rester la priorit\u00e9 absolue. Sans s\u00e9curit\u00e9, aucun d\u00e9veloppement durable n\u2019est possible. Sans perspectives \u00e9conomiques, la jeunesse reste vuln\u00e9rable aux discours extr\u00e9mistes. La lutte contre le terrorisme doit donc s\u2019accompagner d\u2019un effort massif en faveur de l\u2019\u00e9ducation, de l\u2019emploi et de la justice sociale.<\/p>\n\n\n\n<p>L\u2019heure est venue pour les dirigeants africains de transformer les discours en actes. L\u2019histoire jugera notre capacit\u00e9 \u00e0 agir collectivement face \u00e0 cette menace. Le Mali souffre aujourd\u2019hui, mais c\u2019est l\u2019avenir du Sahel qui se joue. L\u2019unit\u00e9 africaine n\u2019est plus une option. Elle est une n\u00e9cessit\u00e9 strat\u00e9gique et morale.<\/p>\n\n\n\n<p><strong>Mamadouba CAMARA pour lereveil224.info<\/strong><\/p>\n","protected":false},"excerpt":{"rendered":"<p>Le Mali est aujourd\u2019hui meurtri. Les attaques terroristes qui frappent son territoire ne sont pas de simples faits divers s\u00e9curitaires. Elles constituent une offensive m\u00e9thodique contre la stabilit\u00e9 d\u2019un \u00c9tat et, au-del\u00e0, contre l\u2019\u00e9quilibre fragile de tout le Sahel. L\u2019\u00e9motion est vive, la douleur profonde, mais elle doit d\u00e9sormais laisser place \u00e0 une lucidit\u00e9 strat\u00e9gique. [&hellip;]<\/p>\n","protected":false},"author":123458,"featured_media":11297,"comment_status":"open","ping_status":"open","sticky":false,"template":"","format":"standard","meta":{"_acf_changed":false,"footnotes":""},"categories":[11,57],"tags":[],"class_list":["post-11295","post","type-post","status-publish","format-standard","has-post-thumbnail","hentry","category-actualite","category-chronique"],"acf":[],"_links":{"self":[{"href":"https:\/\/lereveil224.info\/index.php\/wp-json\/wp\/v2\/posts\/11295","targetHints":{"allow":["GET"]}}],"collection":[{"href":"https:\/\/lereveil224.info\/index.php\/wp-json\/wp\/v2\/posts"}],"about":[{"href":"https:\/\/lereveil224.info\/index.php\/wp-json\/wp\/v2\/types\/post"}],"author":[{"embeddable":true,"href":"https:\/\/lereveil224.info\/index.php\/wp-json\/wp\/v2\/users\/123458"}],"replies":[{"embeddable":true,"href":"https:\/\/lereveil224.info\/index.php\/wp-json\/wp\/v2\/comments?post=11295"}],"version-history":[{"count":1,"href":"https:\/\/lereveil224.info\/index.php\/wp-json\/wp\/v2\/posts\/11295\/revisions"}],"predecessor-version":[{"id":11296,"href":"https:\/\/lereveil224.info\/index.php\/wp-json\/wp\/v2\/posts\/11295\/revisions\/11296"}],"wp:featuredmedia":[{"embeddable":true,"href":"https:\/\/lereveil224.info\/index.php\/wp-json\/wp\/v2\/media\/11297"}],"wp:attachment":[{"href":"https:\/\/lereveil224.info\/index.php\/wp-json\/wp\/v2\/media?parent=11295"}],"wp:term":[{"taxonomy":"category","embeddable":true,"href":"https:\/\/lereveil224.info\/index.php\/wp-json\/wp\/v2\/categories?post=11295"},{"taxonomy":"post_tag","embeddable":true,"href":"https:\/\/lereveil224.info\/index.php\/wp-json\/wp\/v2\/tags?post=11295"}],"curies":[{"name":"wp","href":"https:\/\/api.w.org\/{rel}","templated":true}]}}