{"id":11289,"date":"2026-04-28T08:23:24","date_gmt":"2026-04-28T08:23:24","guid":{"rendered":"https:\/\/lereveil224.info\/?p=11289"},"modified":"2026-04-28T08:57:43","modified_gmt":"2026-04-28T08:57:43","slug":"nzerekore-une-mission-presidentielle-debarque-pour-controler-les-equipements-medico-techniques-dans-la-region","status":"publish","type":"post","link":"https:\/\/lereveil224.info\/index.php\/2026\/04\/28\/nzerekore-une-mission-presidentielle-debarque-pour-controler-les-equipements-medico-techniques-dans-la-region\/","title":{"rendered":"N&rsquo;Z\u00e9r\u00e9kor\u00e9 : une mission pr\u00e9sidentielle d\u00e9barque pour contr\u00f4ler les \u00e9quipements m\u00e9dico-techniques dans la r\u00e9gion"},"content":{"rendered":"\n<p>Ce lundi 27 avril 2026 \u00e0 9h30, le Gouverneur de r\u00e9gion a re\u00e7u en audience une importante mission conjointe d\u00e9p\u00each\u00e9e par la Pr\u00e9sidence de la R\u00e9publique, le Minist\u00e8re des Finances et le Minist\u00e8re de la Sant\u00e9. Une rencontre qui s\u2019inscrit dans une dynamique de contr\u00f4le et de transparence autour des \u00e9quipements m\u00e9dico-techniques r\u00e9cemment livr\u00e9s dans les structures sanitaires de la r\u00e9gion.<\/p>\n\n\n\n<p>Cette mission officielle intervient dans le cadre du Projet d\u2019Appui au Secteur de la Sant\u00e9 et de la Protection Sociale (PASSP), un programme destin\u00e9 \u00e0 renforcer les capacit\u00e9s du syst\u00e8me sanitaire et \u00e0 am\u00e9liorer l\u2019acc\u00e8s aux soins pour les populations. L\u2019objectif est clair : r\u00e9ceptionner, v\u00e9rifier et contr\u00f4ler la conformit\u00e9 des \u00e9quipements fournis aux centres de sant\u00e9 et h\u00f4pitaux b\u00e9n\u00e9ficiaires.<\/p>\n\n\n\n<p>Au cours des \u00e9changes, le Gouverneur a salu\u00e9 l\u2019initiative, soulignant qu\u2019elle traduit une volont\u00e9 affirm\u00e9e des autorit\u00e9s nationales de mettre fin aux anciennes pratiques souvent d\u00e9cri\u00e9es dans la gestion des biens publics. Pour lui, ce contr\u00f4le rigoureux constitue un signal fort en faveur de la transparence et de la bonne gouvernance.<\/p>\n\n\n\n<p>Il a rappel\u00e9 que cette d\u00e9marche r\u00e9pond aux orientations du Pr\u00e9sident de la R\u00e9publique, le G\u00e9n\u00e9ral Mamadi Doumbouya, qui pr\u00f4ne une rupture avec les m\u00e9thodes du pass\u00e9 et un suivi strict des investissements publics. Dans un contexte o\u00f9 les attentes des populations en mati\u00e8re de sant\u00e9 sont \u00e9lev\u00e9es, la tra\u00e7abilit\u00e9 et l\u2019utilisation effective des \u00e9quipements livr\u00e9s deviennent des priorit\u00e9s absolues.<\/p>\n\n\n\n<p>La mission conjointe a, de son c\u00f4t\u00e9, r\u00e9affirm\u00e9 son engagement \u00e0 veiller \u00e0 ce que chaque mat\u00e9riel livr\u00e9 soit fonctionnel, conforme aux normes et effectivement mis au service des patients. L\u2019accent est mis sur la responsabilit\u00e9, l\u2019efficacit\u00e9 et la redevabilit\u00e9 dans la gestion des infrastructures sanitaires.<\/p>\n\n\n\n<p>L\u2019audience s\u2019est tenue dans un climat de collaboration et d\u2019engagement commun. Elle marque une \u00e9tape suppl\u00e9mentaire dans les efforts entrepris pour moderniser le syst\u00e8me de sant\u00e9 r\u00e9gional et garantir aux citoyens des services plus performants.<\/p>\n\n\n\n<p>\u00c0 travers ce contr\u00f4le renforc\u00e9, les autorit\u00e9s entendent envoyer un message clair : chaque \u00e9quipement acquis doit profiter r\u00e9ellement aux structures sanitaires et, surtout, aux populations qui en ont besoin.<\/p>\n\n\n\n<p><strong><em>Source : Lamine DIALLO <\/em><\/strong><\/p>\n\n\n\n<p><strong>Mamadouba CAMARA &#8211; R\u00e9dacteur en Chef <\/strong><\/p>\n","protected":false},"excerpt":{"rendered":"<p>Ce lundi 27 avril 2026 \u00e0 9h30, le Gouverneur de r\u00e9gion a re\u00e7u en audience une importante mission conjointe d\u00e9p\u00each\u00e9e par la Pr\u00e9sidence de la R\u00e9publique, le Minist\u00e8re des Finances et le Minist\u00e8re de la Sant\u00e9. Une rencontre qui s\u2019inscrit dans une dynamique de contr\u00f4le et de transparence autour des \u00e9quipements m\u00e9dico-techniques r\u00e9cemment livr\u00e9s dans [&hellip;]<\/p>\n","protected":false},"author":123458,"featured_media":11293,"comment_status":"open","ping_status":"open","sticky":false,"template":"","format":"standard","meta":{"_acf_changed":false,"footnotes":""},"categories":[11,18,41],"tags":[],"class_list":["post-11289","post","type-post","status-publish","format-standard","has-post-thumbnail","hentry","category-actualite","category-region","category-sante"],"acf":[],"_links":{"self":[{"href":"https:\/\/lereveil224.info\/index.php\/wp-json\/wp\/v2\/posts\/11289","targetHints":{"allow":["GET"]}}],"collection":[{"href":"https:\/\/lereveil224.info\/index.php\/wp-json\/wp\/v2\/posts"}],"about":[{"href":"https:\/\/lereveil224.info\/index.php\/wp-json\/wp\/v2\/types\/post"}],"author":[{"embeddable":true,"href":"https:\/\/lereveil224.info\/index.php\/wp-json\/wp\/v2\/users\/123458"}],"replies":[{"embeddable":true,"href":"https:\/\/lereveil224.info\/index.php\/wp-json\/wp\/v2\/comments?post=11289"}],"version-history":[{"count":4,"href":"https:\/\/lereveil224.info\/index.php\/wp-json\/wp\/v2\/posts\/11289\/revisions"}],"predecessor-version":[{"id":11294,"href":"https:\/\/lereveil224.info\/index.php\/wp-json\/wp\/v2\/posts\/11289\/revisions\/11294"}],"wp:featuredmedia":[{"embeddable":true,"href":"https:\/\/lereveil224.info\/index.php\/wp-json\/wp\/v2\/media\/11293"}],"wp:attachment":[{"href":"https:\/\/lereveil224.info\/index.php\/wp-json\/wp\/v2\/media?parent=11289"}],"wp:term":[{"taxonomy":"category","embeddable":true,"href":"https:\/\/lereveil224.info\/index.php\/wp-json\/wp\/v2\/categories?post=11289"},{"taxonomy":"post_tag","embeddable":true,"href":"https:\/\/lereveil224.info\/index.php\/wp-json\/wp\/v2\/tags?post=11289"}],"curies":[{"name":"wp","href":"https:\/\/api.w.org\/{rel}","templated":true}]}}