{"id":11280,"date":"2026-04-25T23:03:22","date_gmt":"2026-04-25T23:03:22","guid":{"rendered":"https:\/\/lereveil224.info\/?p=11280"},"modified":"2026-04-25T23:03:24","modified_gmt":"2026-04-25T23:03:24","slug":"modernisation-de-ladministration-une-nouvelle-equipe-strategique-nommee-pour-accelerer-les-reformes","status":"publish","type":"post","link":"https:\/\/lereveil224.info\/index.php\/2026\/04\/25\/modernisation-de-ladministration-une-nouvelle-equipe-strategique-nommee-pour-accelerer-les-reformes\/","title":{"rendered":"Modernisation de l\u2019administration : une nouvelle \u00e9quipe strat\u00e9gique nomm\u00e9e pour acc\u00e9l\u00e9rer les r\u00e9formes"},"content":{"rendered":"\n<p>Le Chef de l\u2019\u00c9tat a proc\u00e9d\u00e9, dans la soir\u00e9e du samedi 25 avril 2026, \u00e0 une s\u00e9rie de nominations majeures au sein du Minist\u00e8re de la Modernisation de l\u2019Administration et de la Fonction Publique, dirig\u00e9 par Faya Fran\u00e7ois Bourouno. Ces d\u00e9signations marquent une \u00e9tape importante dans la volont\u00e9 affich\u00e9e des autorit\u00e9s de transformer en profondeur l\u2019appareil administratif guin\u00e9en.<\/p>\n\n\n\n<p>\u00c0 travers cette nouvelle \u00e9quipe de hauts cadres, l\u2019ex\u00e9cutif envoie un signal fort : celui d\u2019une administration plus performante, plus transparente et r\u00e9solument tourn\u00e9e vers les r\u00e9sultats.<\/p>\n\n\n\n<p>Parmi les personnalit\u00e9s nomm\u00e9es figure M. Als\u00e9ny Galy Mengu\u00e9 Soumah, d\u00e9sormais Conseiller principal. Expert en management d\u00e9cisionnel et en optimisation des processus, il aura la lourde responsabilit\u00e9 d\u2019am\u00e9liorer la performance de l\u2019action publique. Dans un contexte o\u00f9 l\u2019efficacit\u00e9 administrative est au c\u0153ur des attentes citoyennes, son expertise pourrait contribuer \u00e0 rationaliser les proc\u00e9dures et \u00e0 renforcer la culture du r\u00e9sultat dans les services publics.<\/p>\n\n\n\n<p>Au poste de Conseiller juridique, M. Yamoussa Nana Camara aura pour mission d\u2019accompagner le minist\u00e8re dans la s\u00e9curisation des r\u00e9formes engag\u00e9es. Le cadre l\u00e9gal \u00e9tant un pilier fondamental de toute transformation institutionnelle, son r\u00f4le s\u2019annonce strat\u00e9gique.<\/p>\n\n\n\n<p>Autre nomination notable, celle de M. Alpha Barry comme Conseiller charg\u00e9 des questions de r\u00e9formes administratives, de la fonction publique et de la qualit\u00e9 du service public. Ancien inspecteur g\u00e9n\u00e9ral de l\u2019administration publique, il conna\u00eet parfaitement les r\u00e9alit\u00e9s internes de l\u2019appareil d\u2019\u00c9tat. Son exp\u00e9rience pourrait faciliter la mise en \u0153uvre de r\u00e9formes structurelles attendues depuis plusieurs ann\u00e9es.<\/p>\n\n\n\n<p>La dynamique de modernisation passe \u00e9galement par le num\u00e9rique. \u00c0 ce titre, Mme Mariama Camara est nomm\u00e9e Conseill\u00e8re charg\u00e9e de la modernisation et de la digitalisation de l\u2019administration. Experte en pilotage de projets de transformation num\u00e9rique et en organisation des syst\u00e8mes d\u2019information, elle devra impulser une nouvelle \u00e8re digitale, indispensable pour rapprocher l\u2019administration des citoyens et simplifier les d\u00e9marches.<\/p>\n\n\n\n<p>Enfin, M. Farah Yeya-Tono, pr\u00e9c\u00e9demment directeur g\u00e9n\u00e9ral adjoint du bureau de strat\u00e9gie et de d\u00e9veloppement, occupe d\u00e9sormais le poste de Conseiller charg\u00e9 de mission. Son profil orient\u00e9 strat\u00e9gie et d\u00e9veloppement devrait renforcer la coh\u00e9rence des actions engag\u00e9es.<\/p>\n\n\n\n<p>La r\u00e9ussite de cette nouvelle configuration d\u00e9pendra d\u00e9sormais de la capacit\u00e9 de ces cadres \u00e0 transformer les ambitions en r\u00e9sultats concrets au service des Guin\u00e9ens.<\/p>\n\n\n\n<p><strong>Mamadouba CAMARA pour lereveil224.info<\/strong><\/p>\n","protected":false},"excerpt":{"rendered":"<p>Le Chef de l\u2019\u00c9tat a proc\u00e9d\u00e9, dans la soir\u00e9e du samedi 25 avril 2026, \u00e0 une s\u00e9rie de nominations majeures au sein du Minist\u00e8re de la Modernisation de l\u2019Administration et de la Fonction Publique, dirig\u00e9 par Faya Fran\u00e7ois Bourouno. Ces d\u00e9signations marquent une \u00e9tape importante dans la volont\u00e9 affich\u00e9e des autorit\u00e9s de transformer en profondeur [&hellip;]<\/p>\n","protected":false},"author":123458,"featured_media":11282,"comment_status":"open","ping_status":"open","sticky":false,"template":"","format":"standard","meta":{"_acf_changed":false,"footnotes":""},"categories":[11,2],"tags":[],"class_list":["post-11280","post","type-post","status-publish","format-standard","has-post-thumbnail","hentry","category-actualite","category-politique"],"acf":[],"_links":{"self":[{"href":"https:\/\/lereveil224.info\/index.php\/wp-json\/wp\/v2\/posts\/11280","targetHints":{"allow":["GET"]}}],"collection":[{"href":"https:\/\/lereveil224.info\/index.php\/wp-json\/wp\/v2\/posts"}],"about":[{"href":"https:\/\/lereveil224.info\/index.php\/wp-json\/wp\/v2\/types\/post"}],"author":[{"embeddable":true,"href":"https:\/\/lereveil224.info\/index.php\/wp-json\/wp\/v2\/users\/123458"}],"replies":[{"embeddable":true,"href":"https:\/\/lereveil224.info\/index.php\/wp-json\/wp\/v2\/comments?post=11280"}],"version-history":[{"count":1,"href":"https:\/\/lereveil224.info\/index.php\/wp-json\/wp\/v2\/posts\/11280\/revisions"}],"predecessor-version":[{"id":11281,"href":"https:\/\/lereveil224.info\/index.php\/wp-json\/wp\/v2\/posts\/11280\/revisions\/11281"}],"wp:featuredmedia":[{"embeddable":true,"href":"https:\/\/lereveil224.info\/index.php\/wp-json\/wp\/v2\/media\/11282"}],"wp:attachment":[{"href":"https:\/\/lereveil224.info\/index.php\/wp-json\/wp\/v2\/media?parent=11280"}],"wp:term":[{"taxonomy":"category","embeddable":true,"href":"https:\/\/lereveil224.info\/index.php\/wp-json\/wp\/v2\/categories?post=11280"},{"taxonomy":"post_tag","embeddable":true,"href":"https:\/\/lereveil224.info\/index.php\/wp-json\/wp\/v2\/tags?post=11280"}],"curies":[{"name":"wp","href":"https:\/\/api.w.org\/{rel}","templated":true}]}}