{"id":10843,"date":"2026-03-17T04:00:08","date_gmt":"2026-03-17T04:00:08","guid":{"rendered":"https:\/\/lereveil224.info\/?p=10843"},"modified":"2026-03-17T06:49:31","modified_gmt":"2026-03-17T06:49:31","slug":"ramadan-et-careme-les-ministres-de-la-foret-offrent-plus-de-15-tonnes-de-vivres-et-renforcent-le-message-du-vivre-ensemble","status":"publish","type":"post","link":"https:\/\/lereveil224.info\/index.php\/2026\/03\/17\/ramadan-et-careme-les-ministres-de-la-foret-offrent-plus-de-15-tonnes-de-vivres-et-renforcent-le-message-du-vivre-ensemble\/","title":{"rendered":"Ramadan et Car\u00eame : les ministres de la For\u00eat offrent plus de 12 tonnes de vivres et renforcent le message du vivre-ensemble"},"content":{"rendered":"\n<p>Un geste de solidarit\u00e9 qui restera grav\u00e9 dans les m\u00e9moires des populations de la r\u00e9gion foresti\u00e8re. Ce lundi 16 mars 2026, plusieurs ministres originaires de la For\u00eat ont pos\u00e9 un acte hautement symbolique en offrant plus de 12 tonnes de denr\u00e9es alimentaires aux communaut\u00e9s et aux religieux de N\u2019Z\u00e9r\u00e9kor\u00e9 et de Lola, dans le cadre de la rupture collective du je\u00fbne.<\/p>\n\n\n\n<figure class=\"wp-block-image size-large\"><img fetchpriority=\"high\" decoding=\"async\" width=\"1024\" height=\"683\" src=\"https:\/\/lereveil224.info\/wp-content\/uploads\/2026\/03\/IMG-20260317-WA0013-1024x683.jpg\" alt=\"\" class=\"wp-image-10861\" srcset=\"https:\/\/lereveil224.info\/wp-content\/uploads\/2026\/03\/IMG-20260317-WA0013-1024x683.jpg 1024w, https:\/\/lereveil224.info\/wp-content\/uploads\/2026\/03\/IMG-20260317-WA0013-300x200.jpg 300w, https:\/\/lereveil224.info\/wp-content\/uploads\/2026\/03\/IMG-20260317-WA0013-768x512.jpg 768w, https:\/\/lereveil224.info\/wp-content\/uploads\/2026\/03\/IMG-20260317-WA0013.jpg 1080w\" sizes=\"(max-width: 1024px) 100vw, 1024px\" \/><\/figure>\n\n\n\n<p>Compos\u00e9e de sacs de riz, de sacs de sucre, de bidons d\u2019huile et de cartons de poissons, cette importante donation a \u00e9t\u00e9 effectu\u00e9e sous la conduite du G\u00e9n\u00e9ral Amara Camara, ministre secr\u00e9taire g\u00e9n\u00e9ral de la Pr\u00e9sidence de la R\u00e9publique. L\u2019initiative intervient dans un contexte particulier o\u00f9, fait rare, le Ramadan et le Car\u00eame ont d\u00e9but\u00e9 le m\u00eame jour, offrant ainsi une occasion unique de c\u00e9l\u00e9brer la fraternit\u00e9 entre musulmans et chr\u00e9tiens.<\/p>\n\n\n\n<figure class=\"wp-block-image size-large\"><img decoding=\"async\" width=\"1024\" height=\"683\" src=\"https:\/\/lereveil224.info\/wp-content\/uploads\/2026\/03\/IMG-20260317-WA0008-1024x683.jpg\" alt=\"\" class=\"wp-image-10864\" srcset=\"https:\/\/lereveil224.info\/wp-content\/uploads\/2026\/03\/IMG-20260317-WA0008-1024x683.jpg 1024w, https:\/\/lereveil224.info\/wp-content\/uploads\/2026\/03\/IMG-20260317-WA0008-300x200.jpg 300w, https:\/\/lereveil224.info\/wp-content\/uploads\/2026\/03\/IMG-20260317-WA0008-768x512.jpg 768w, https:\/\/lereveil224.info\/wp-content\/uploads\/2026\/03\/IMG-20260317-WA0008.jpg 1080w\" sizes=\"(max-width: 1024px) 100vw, 1024px\" \/><\/figure>\n\n\n\n<figure class=\"wp-block-image size-large\"><img decoding=\"async\" width=\"1024\" height=\"683\" src=\"https:\/\/lereveil224.info\/wp-content\/uploads\/2026\/03\/IMG-20260317-WA0008-1024x683.jpg\" alt=\"\" class=\"wp-image-10864\" srcset=\"https:\/\/lereveil224.info\/wp-content\/uploads\/2026\/03\/IMG-20260317-WA0008-1024x683.jpg 1024w, https:\/\/lereveil224.info\/wp-content\/uploads\/2026\/03\/IMG-20260317-WA0008-300x200.jpg 300w, https:\/\/lereveil224.info\/wp-content\/uploads\/2026\/03\/IMG-20260317-WA0008-768x512.jpg 768w, https:\/\/lereveil224.info\/wp-content\/uploads\/2026\/03\/IMG-20260317-WA0008.jpg 1080w\" sizes=\"(max-width: 1024px) 100vw, 1024px\" \/><\/figure>\n\n\n\n<p>La d\u00e9l\u00e9gation a d\u2019abord entam\u00e9 la distribution chez le patriarche de N\u2019Z\u00e9r\u00e9kor\u00e9. <strong>Goukouya Lambert Zoglemou <\/strong>Tr\u00e8s \u00e9mu par ce geste, n\u2019a pas cach\u00e9 sa satisfaction.<\/p>\n\n\n\n<p>\u00ab Aujourd\u2019hui est un jour de grande joie pour nous. Voir les fils de la r\u00e9gion foresti\u00e8re se mobiliser ainsi pour soutenir les communaut\u00e9s religieuses est un acte de c\u0153ur. Ce geste montre que la solidarit\u00e9 et le respect des valeurs spirituelles restent vivants dans notre soci\u00e9t\u00e9. Que Dieu b\u00e9nisse tous les donateurs et prot\u00e8ge notre pays \u00bb, a-t-il d\u00e9clar\u00e9 avant de formuler des pri\u00e8res de douwa.<\/p>\n\n\n\n<figure class=\"wp-block-image size-large\"><img decoding=\"async\" width=\"683\" height=\"1024\" src=\"https:\/\/lereveil224.info\/wp-content\/uploads\/2026\/03\/IMG-20260317-WA0027-683x1024.jpg\" alt=\"\" class=\"wp-image-10854\" srcset=\"https:\/\/lereveil224.info\/wp-content\/uploads\/2026\/03\/IMG-20260317-WA0027-683x1024.jpg 683w, https:\/\/lereveil224.info\/wp-content\/uploads\/2026\/03\/IMG-20260317-WA0027-200x300.jpg 200w, https:\/\/lereveil224.info\/wp-content\/uploads\/2026\/03\/IMG-20260317-WA0027.jpg 720w\" sizes=\"(max-width: 683px) 100vw, 683px\" \/><\/figure>\n\n\n\n<figure class=\"wp-block-image size-large\"><img decoding=\"async\" width=\"683\" height=\"1024\" src=\"https:\/\/lereveil224.info\/wp-content\/uploads\/2026\/03\/IMG-20260317-WA0027-683x1024.jpg\" alt=\"\" class=\"wp-image-10854\" srcset=\"https:\/\/lereveil224.info\/wp-content\/uploads\/2026\/03\/IMG-20260317-WA0027-683x1024.jpg 683w, https:\/\/lereveil224.info\/wp-content\/uploads\/2026\/03\/IMG-20260317-WA0027-200x300.jpg 200w, https:\/\/lereveil224.info\/wp-content\/uploads\/2026\/03\/IMG-20260317-WA0027.jpg 720w\" sizes=\"(max-width: 683px) 100vw, 683px\" \/><\/figure>\n\n\n\n<p>Apr\u00e8s cette premi\u00e8re \u00e9tape, la d\u00e9l\u00e9gation s\u2019est rendue \u00e0 la grande mosqu\u00e9e de N\u2019Z\u00e9r\u00e9kor\u00e9 o\u00f9 le Secr\u00e9taire G\u00e9n\u00e9ral des affaires religieuses Elhadj Amadou Soumaoro a salu\u00e9 une initiative qui, selon lui, d\u00e9passe le simple cadre d\u2019une donation.<\/p>\n\n\n\n<p>\u00ab Ce geste est plus qu\u2019un don de nourriture. C\u2019est un message puissant d\u2019unit\u00e9 nationale. En cette p\u00e9riode de Ramadan, ce soutien nous touche profond\u00e9ment. Nous prions pour que Dieu r\u00e9compense les ministres de la For\u00eat et renforce la paix et la coh\u00e9sion dans notre pays \u00bb, a affirm\u00e9 le responsable religieux.<\/p>\n\n\n\n<figure class=\"wp-block-image size-large\"><img loading=\"lazy\" decoding=\"async\" width=\"1024\" height=\"576\" src=\"https:\/\/lereveil224.info\/wp-content\/uploads\/2026\/03\/IMG-20260317-WA0079-1024x576.jpg\" alt=\"\" class=\"wp-image-10849\" srcset=\"https:\/\/lereveil224.info\/wp-content\/uploads\/2026\/03\/IMG-20260317-WA0079-1024x576.jpg 1024w, https:\/\/lereveil224.info\/wp-content\/uploads\/2026\/03\/IMG-20260317-WA0079-300x169.jpg 300w, https:\/\/lereveil224.info\/wp-content\/uploads\/2026\/03\/IMG-20260317-WA0079-768x432.jpg 768w, https:\/\/lereveil224.info\/wp-content\/uploads\/2026\/03\/IMG-20260317-WA0079.jpg 1080w\" sizes=\"(max-width: 1024px) 100vw, 1024px\" \/><\/figure>\n\n\n\n<figure class=\"wp-block-image size-large\"><img loading=\"lazy\" decoding=\"async\" width=\"1024\" height=\"576\" src=\"https:\/\/lereveil224.info\/wp-content\/uploads\/2026\/03\/IMG-20260317-WA0079-1024x576.jpg\" alt=\"\" class=\"wp-image-10849\" srcset=\"https:\/\/lereveil224.info\/wp-content\/uploads\/2026\/03\/IMG-20260317-WA0079-1024x576.jpg 1024w, https:\/\/lereveil224.info\/wp-content\/uploads\/2026\/03\/IMG-20260317-WA0079-300x169.jpg 300w, https:\/\/lereveil224.info\/wp-content\/uploads\/2026\/03\/IMG-20260317-WA0079-768x432.jpg 768w, https:\/\/lereveil224.info\/wp-content\/uploads\/2026\/03\/IMG-20260317-WA0079.jpg 1080w\" sizes=\"(max-width: 1024px) 100vw, 1024px\" \/><\/figure>\n\n\n\n<p>La d\u00e9l\u00e9gation a ensuite poursuivi sa tourn\u00e9e vers la cath\u00e9drale de N\u2019Z\u00e9r\u00e9kor\u00e9 o\u00f9 le r\u00e9v\u00e9rant Franco Lamah Vice-Pr\u00e9sident a \u00e9galement exprim\u00e9 sa reconnaissance.<\/p>\n\n\n\n<p>\u00ab Le fait que cette initiative concerne \u00e0 la fois les musulmans et les chr\u00e9tiens est un signe tr\u00e8s fort. Cela montre que nous sommes une seule communaut\u00e9 nationale malgr\u00e9 nos diff\u00e9rences religieuses. Nous remercions sinc\u00e8rement les ministres pour cet acte de fraternit\u00e9 qui renforce le vivre-ensemble \u00bb, a-t-il soulign\u00e9.<\/p>\n\n\n\n<figure class=\"wp-block-image size-large\"><img loading=\"lazy\" decoding=\"async\" width=\"1024\" height=\"768\" src=\"https:\/\/lereveil224.info\/wp-content\/uploads\/2026\/03\/IMG-20260317-WA0140-1024x768.jpg\" alt=\"\" class=\"wp-image-10885\" srcset=\"https:\/\/lereveil224.info\/wp-content\/uploads\/2026\/03\/IMG-20260317-WA0140-1024x768.jpg 1024w, https:\/\/lereveil224.info\/wp-content\/uploads\/2026\/03\/IMG-20260317-WA0140-300x225.jpg 300w, https:\/\/lereveil224.info\/wp-content\/uploads\/2026\/03\/IMG-20260317-WA0140-768x576.jpg 768w, https:\/\/lereveil224.info\/wp-content\/uploads\/2026\/03\/IMG-20260317-WA0140-86x64.jpg 86w, https:\/\/lereveil224.info\/wp-content\/uploads\/2026\/03\/IMG-20260317-WA0140.jpg 1280w\" sizes=\"(max-width: 1024px) 100vw, 1024px\" \/><\/figure>\n\n\n\n<figure class=\"wp-block-image size-large\"><img loading=\"lazy\" decoding=\"async\" width=\"1024\" height=\"768\" src=\"https:\/\/lereveil224.info\/wp-content\/uploads\/2026\/03\/IMG-20260317-WA0140-1024x768.jpg\" alt=\"\" class=\"wp-image-10885\" srcset=\"https:\/\/lereveil224.info\/wp-content\/uploads\/2026\/03\/IMG-20260317-WA0140-1024x768.jpg 1024w, https:\/\/lereveil224.info\/wp-content\/uploads\/2026\/03\/IMG-20260317-WA0140-300x225.jpg 300w, https:\/\/lereveil224.info\/wp-content\/uploads\/2026\/03\/IMG-20260317-WA0140-768x576.jpg 768w, https:\/\/lereveil224.info\/wp-content\/uploads\/2026\/03\/IMG-20260317-WA0140-86x64.jpg 86w, https:\/\/lereveil224.info\/wp-content\/uploads\/2026\/03\/IMG-20260317-WA0140.jpg 1280w\" sizes=\"(max-width: 1024px) 100vw, 1024px\" \/><\/figure>\n\n\n\n<p>Le p\u00e9riple s\u2019est poursuivi dans la pr\u00e9fecture de Lola o\u00f9 le patriarche entour\u00e9 de l\u2019imam et du cur\u00e9 ont chacun re\u00e7u des cartons de poissons.<\/p>\n\n\n\n<p>Les b\u00e9n\u00e9ficiaires \u00e0 travers la voix du Patriarche, sa majest\u00e9 Soua Sept Dor\u00e9 a salu\u00e9 une initiative in\u00e9dite dans la r\u00e9gion foresti\u00e8re, estimant qu\u2019elle renforce les liens entre les communaut\u00e9s et rappelle les valeurs de solidarit\u00e9 qui caract\u00e9risent la Guin\u00e9e.<\/p>\n\n\n\n<figure class=\"wp-block-image size-large\"><img loading=\"lazy\" decoding=\"async\" width=\"1024\" height=\"576\" src=\"https:\/\/lereveil224.info\/wp-content\/uploads\/2026\/03\/IMG-20260316-WA0084-1024x576.jpg\" alt=\"\" class=\"wp-image-10847\" srcset=\"https:\/\/lereveil224.info\/wp-content\/uploads\/2026\/03\/IMG-20260316-WA0084-1024x576.jpg 1024w, https:\/\/lereveil224.info\/wp-content\/uploads\/2026\/03\/IMG-20260316-WA0084-300x169.jpg 300w, https:\/\/lereveil224.info\/wp-content\/uploads\/2026\/03\/IMG-20260316-WA0084-768x432.jpg 768w, https:\/\/lereveil224.info\/wp-content\/uploads\/2026\/03\/IMG-20260316-WA0084.jpg 1080w\" sizes=\"(max-width: 1024px) 100vw, 1024px\" \/><\/figure>\n\n\n\n<figure class=\"wp-block-image size-large\"><img loading=\"lazy\" decoding=\"async\" width=\"1024\" height=\"576\" src=\"https:\/\/lereveil224.info\/wp-content\/uploads\/2026\/03\/IMG-20260316-WA0084-1024x576.jpg\" alt=\"\" class=\"wp-image-10847\" srcset=\"https:\/\/lereveil224.info\/wp-content\/uploads\/2026\/03\/IMG-20260316-WA0084-1024x576.jpg 1024w, https:\/\/lereveil224.info\/wp-content\/uploads\/2026\/03\/IMG-20260316-WA0084-300x169.jpg 300w, https:\/\/lereveil224.info\/wp-content\/uploads\/2026\/03\/IMG-20260316-WA0084-768x432.jpg 768w, https:\/\/lereveil224.info\/wp-content\/uploads\/2026\/03\/IMG-20260316-WA0084.jpg 1080w\" sizes=\"(max-width: 1024px) 100vw, 1024px\" \/><\/figure>\n\n\n\n<p>Le gouverneur de la r\u00e9gion administrative de N\u2019Z\u00e9r\u00e9kor\u00e9 Colonel Moussa CONDE, dirigeant cette tourn\u00e9e de distribution, a \u00e9galement exprim\u00e9 sa satisfaction.<\/p>\n\n\n\n<p>\u00ab Je tiens \u00e0 remercier les ministres de la For\u00eat pour cette initiative exceptionnelle. C\u2019est un acte qui m\u00e9rite d\u2019\u00eatre salu\u00e9 et encourag\u00e9. Le vivre-ensemble est une richesse pour notre pays et des gestes comme celui-ci contribuent \u00e0 renforcer l\u2019unit\u00e9 nationale et la paix sociale \u00bb, a-t-il d\u00e9clar\u00e9.<\/p>\n\n\n\n<figure class=\"wp-block-image size-large\"><img loading=\"lazy\" decoding=\"async\" width=\"1024\" height=\"683\" src=\"https:\/\/lereveil224.info\/wp-content\/uploads\/2026\/03\/IMG-20260317-WA0030-1024x683.jpg\" alt=\"\" class=\"wp-image-10852\" srcset=\"https:\/\/lereveil224.info\/wp-content\/uploads\/2026\/03\/IMG-20260317-WA0030-1024x683.jpg 1024w, https:\/\/lereveil224.info\/wp-content\/uploads\/2026\/03\/IMG-20260317-WA0030-300x200.jpg 300w, https:\/\/lereveil224.info\/wp-content\/uploads\/2026\/03\/IMG-20260317-WA0030-768x512.jpg 768w, https:\/\/lereveil224.info\/wp-content\/uploads\/2026\/03\/IMG-20260317-WA0030.jpg 1080w\" sizes=\"(max-width: 1024px) 100vw, 1024px\" \/><\/figure>\n\n\n\n<figure class=\"wp-block-image size-large\"><img loading=\"lazy\" decoding=\"async\" width=\"1024\" height=\"683\" src=\"https:\/\/lereveil224.info\/wp-content\/uploads\/2026\/03\/IMG-20260317-WA0030-1024x683.jpg\" alt=\"\" class=\"wp-image-10852\" srcset=\"https:\/\/lereveil224.info\/wp-content\/uploads\/2026\/03\/IMG-20260317-WA0030-1024x683.jpg 1024w, https:\/\/lereveil224.info\/wp-content\/uploads\/2026\/03\/IMG-20260317-WA0030-300x200.jpg 300w, https:\/\/lereveil224.info\/wp-content\/uploads\/2026\/03\/IMG-20260317-WA0030-768x512.jpg 768w, https:\/\/lereveil224.info\/wp-content\/uploads\/2026\/03\/IMG-20260317-WA0030.jpg 1080w\" sizes=\"(max-width: 1024px) 100vw, 1024px\" \/><\/figure>\n\n\n\n<p>Cette importante action de solidarit\u00e9 a \u00e9t\u00e9 port\u00e9e par plusieurs personnalit\u00e9s, notamment le G\u00e9n\u00e9ral Amara Camara, Fassou Th\u00e9a, F\u00e9lix Lamah, Faya Fran\u00e7ois Bourouno, Beno\u00eet Kamano et Mme Adeline Patricia Lamah. D\u2019autres personnalit\u00e9s se sont \u00e9galement associ\u00e9es \u00e0 cette initiative, parmi lesquelles l\u2019ancien Premier ministre Bernard Goumou, la ministre Rose Pola Pricemou, le ministre Jean Paul Cedy ainsi que le ministre Bogola Haba.<\/p>\n\n\n\n<p>La commission de distribution assur\u00e9e par une \u00e9quipe locale compos\u00e9e d\u2019Elhadj Adama Diabat\u00e9, de Monsieur Augustin Imp\u00e9rial Th\u00e9a et du secr\u00e9taire g\u00e9n\u00e9ral de l\u2019universit\u00e9 Alpha Oumar Bald\u00e9 (A.O.B) charg\u00e9s de veiller au bon d\u00e9roulement des op\u00e9rations.<\/p>\n\n\n\n<figure class=\"wp-block-image size-large\"><img loading=\"lazy\" decoding=\"async\" width=\"1024\" height=\"683\" src=\"https:\/\/lereveil224.info\/wp-content\/uploads\/2026\/03\/IMG-20260317-WA0050-1024x683.jpg\" alt=\"\" class=\"wp-image-10851\" srcset=\"https:\/\/lereveil224.info\/wp-content\/uploads\/2026\/03\/IMG-20260317-WA0050-1024x683.jpg 1024w, https:\/\/lereveil224.info\/wp-content\/uploads\/2026\/03\/IMG-20260317-WA0050-300x200.jpg 300w, https:\/\/lereveil224.info\/wp-content\/uploads\/2026\/03\/IMG-20260317-WA0050-768x512.jpg 768w, https:\/\/lereveil224.info\/wp-content\/uploads\/2026\/03\/IMG-20260317-WA0050.jpg 1080w\" sizes=\"(max-width: 1024px) 100vw, 1024px\" \/><\/figure>\n\n\n\n<figure class=\"wp-block-image size-large\"><img loading=\"lazy\" decoding=\"async\" width=\"1024\" height=\"683\" src=\"https:\/\/lereveil224.info\/wp-content\/uploads\/2026\/03\/IMG-20260317-WA0050-1024x683.jpg\" alt=\"\" class=\"wp-image-10851\" srcset=\"https:\/\/lereveil224.info\/wp-content\/uploads\/2026\/03\/IMG-20260317-WA0050-1024x683.jpg 1024w, https:\/\/lereveil224.info\/wp-content\/uploads\/2026\/03\/IMG-20260317-WA0050-300x200.jpg 300w, https:\/\/lereveil224.info\/wp-content\/uploads\/2026\/03\/IMG-20260317-WA0050-768x512.jpg 768w, https:\/\/lereveil224.info\/wp-content\/uploads\/2026\/03\/IMG-20260317-WA0050.jpg 1080w\" sizes=\"(max-width: 1024px) 100vw, 1024px\" \/><\/figure>\n\n\n\n<p>\u00c0 travers cette action humanitaire, les ministres originaires de la r\u00e9gion foresti\u00e8re ont envoy\u00e9 un message fort : celui de la solidarit\u00e9, du partage et de l\u2019unit\u00e9 nationale, surtout en cette p\u00e9riode o\u00f9 musulmans et chr\u00e9tiens prient ensemble pour la paix et la prosp\u00e9rit\u00e9 de la Guin\u00e9e.<\/p>\n\n\n\n<p><strong>Mamadouba CAMARA pour lereveil224.info<\/strong><\/p>\n","protected":false},"excerpt":{"rendered":"<p>Un geste de solidarit\u00e9 qui restera grav\u00e9 dans les m\u00e9moires des populations de la r\u00e9gion foresti\u00e8re. Ce lundi 16 mars 2026, plusieurs ministres originaires de la For\u00eat ont pos\u00e9 un acte hautement symbolique en offrant plus de 12 tonnes de denr\u00e9es alimentaires aux communaut\u00e9s et aux religieux de N\u2019Z\u00e9r\u00e9kor\u00e9 et de Lola, dans le cadre [&hellip;]<\/p>\n","protected":false},"author":123458,"featured_media":10857,"comment_status":"open","ping_status":"open","sticky":false,"template":"","format":"standard","meta":{"_acf_changed":false,"footnotes":""},"categories":[11,18,27],"tags":[],"class_list":["post-10843","post","type-post","status-publish","format-standard","has-post-thumbnail","hentry","category-actualite","category-region","category-religieux"],"acf":[],"_links":{"self":[{"href":"https:\/\/lereveil224.info\/index.php\/wp-json\/wp\/v2\/posts\/10843","targetHints":{"allow":["GET"]}}],"collection":[{"href":"https:\/\/lereveil224.info\/index.php\/wp-json\/wp\/v2\/posts"}],"about":[{"href":"https:\/\/lereveil224.info\/index.php\/wp-json\/wp\/v2\/types\/post"}],"author":[{"embeddable":true,"href":"https:\/\/lereveil224.info\/index.php\/wp-json\/wp\/v2\/users\/123458"}],"replies":[{"embeddable":true,"href":"https:\/\/lereveil224.info\/index.php\/wp-json\/wp\/v2\/comments?post=10843"}],"version-history":[{"count":5,"href":"https:\/\/lereveil224.info\/index.php\/wp-json\/wp\/v2\/posts\/10843\/revisions"}],"predecessor-version":[{"id":10887,"href":"https:\/\/lereveil224.info\/index.php\/wp-json\/wp\/v2\/posts\/10843\/revisions\/10887"}],"wp:featuredmedia":[{"embeddable":true,"href":"https:\/\/lereveil224.info\/index.php\/wp-json\/wp\/v2\/media\/10857"}],"wp:attachment":[{"href":"https:\/\/lereveil224.info\/index.php\/wp-json\/wp\/v2\/media?parent=10843"}],"wp:term":[{"taxonomy":"category","embeddable":true,"href":"https:\/\/lereveil224.info\/index.php\/wp-json\/wp\/v2\/categories?post=10843"},{"taxonomy":"post_tag","embeddable":true,"href":"https:\/\/lereveil224.info\/index.php\/wp-json\/wp\/v2\/tags?post=10843"}],"curies":[{"name":"wp","href":"https:\/\/api.w.org\/{rel}","templated":true}]}}