{"id":10831,"date":"2026-03-15T23:40:00","date_gmt":"2026-03-15T23:40:00","guid":{"rendered":"https:\/\/lereveil224.info\/?p=10831"},"modified":"2026-03-15T23:40:02","modified_gmt":"2026-03-15T23:40:02","slug":"des-jeunes-chretiens-de-nzerekore-en-action-solidaire-pendant-le-caremea","status":"publish","type":"post","link":"https:\/\/lereveil224.info\/index.php\/2026\/03\/15\/des-jeunes-chretiens-de-nzerekore-en-action-solidaire-pendant-le-caremea\/","title":{"rendered":"Des Jeunes Chr\u00e9tiens de N\u2019Z\u00e9r\u00e9kor\u00e9 en Action Solidaire pendant le Car\u00eamea"},"content":{"rendered":"\n<p>En ce temps de Car\u00eame, des jeunes chr\u00e9tiens de la cath\u00e9drale de N\u2019Z\u00e9r\u00e9kor\u00e9 ont transform\u00e9 leur foi en actions concr\u00e8tes de solidarit\u00e9. Ce dimanche 15 mars, ils se sont rendus dans la sous-pr\u00e9fecture de Weya pour apporter r\u00e9confort et soutien \u00e0 des personnes d\u00e9munies et malades, distribuant vivres, v\u00eatements, savons et autres dons essentiels \u00e0 travers plusieurs localit\u00e9s.<\/p>\n\n\n\n<p>Selon David Koli\u00e9, pr\u00e9sident des jeunes de la cath\u00e9drale, cette initiative s\u2019inscrit pleinement dans l\u2019esprit de partage et de p\u00e9nitence caract\u00e9ristique de la p\u00e9riode de Car\u00eame. \u00ab Nous sommes dans un temps de Car\u00eame, un temps de p\u00e9nitence. Nous sommes arriv\u00e9s \u00e0 Weya hier samedi aux environs de 20 heures, dans la joie. Nous avons ensuite organis\u00e9 une procession mariale \u00e0 travers le village. Nous avons pri\u00e9 pour les malades, les d\u00e9munis et pour l\u2019ensemble des habitants \u00bb, a-t-il expliqu\u00e9.<\/p>\n\n\n\n<p>La matin\u00e9e de dimanche a \u00e9t\u00e9 enti\u00e8rement consacr\u00e9e \u00e0 la distribution de dons. Les jeunes ont \u00e9t\u00e9 confront\u00e9s \u00e0 la r\u00e9alit\u00e9 difficile de certaines familles, souvent isol\u00e9es et vivant dans des conditions pr\u00e9caires. \u00ab Nous avons constat\u00e9 dans certains endroits que des personnes vivent dans un abandon total, parfois assises seules devant leurs habitations. Le Car\u00eame est un moment opportun pour aller vers ces personnes. Nous avons distribu\u00e9 des savons, des habits et des chaussures \u00bb, a-t-il ajout\u00e9.<\/p>\n\n\n\n<p>D\u2019autres groupes de jeunes se sont mobilis\u00e9s dans les localit\u00e9s de Louwelem\u00e9, Kpaya, Galay et Gbotoy, o\u00f9 des graines de riz ont \u00e9t\u00e9 distribu\u00e9es aux familles, renfor\u00e7ant l\u2019impact social de cette initiative. Pour ces jeunes, le Car\u00eame n\u2019est pas seulement un temps de pri\u00e8re et de p\u00e9nitence, mais \u00e9galement une p\u00e9riode pour manifester concr\u00e8tement la solidarit\u00e9 et l\u2019amour du prochain.<\/p>\n\n\n\n<p>Cette action humanitaire t\u00e9moigne de la vitalit\u00e9 des jeunes chr\u00e9tiens de N\u2019Z\u00e9r\u00e9kor\u00e9 et de leur volont\u00e9 de faire du Car\u00eame un moment de partage tangible et d\u2019espoir pour les plus vuln\u00e9rables. Elle rappelle \u00e0 tous que la foi s\u2019exprime aussi par des gestes concrets de compassion et de g\u00e9n\u00e9rosit\u00e9 envers ceux qui en ont le plus besoin.<\/p>\n\n\n\n<p><strong>Mamadouba CAMARA pour lereveil224.info<\/strong><\/p>\n","protected":false},"excerpt":{"rendered":"<p>En ce temps de Car\u00eame, des jeunes chr\u00e9tiens de la cath\u00e9drale de N\u2019Z\u00e9r\u00e9kor\u00e9 ont transform\u00e9 leur foi en actions concr\u00e8tes de solidarit\u00e9. Ce dimanche 15 mars, ils se sont rendus dans la sous-pr\u00e9fecture de Weya pour apporter r\u00e9confort et soutien \u00e0 des personnes d\u00e9munies et malades, distribuant vivres, v\u00eatements, savons et autres dons essentiels \u00e0 [&hellip;]<\/p>\n","protected":false},"author":123458,"featured_media":10833,"comment_status":"open","ping_status":"open","sticky":false,"template":"","format":"standard","meta":{"_acf_changed":false,"footnotes":""},"categories":[11,18,27],"tags":[],"class_list":["post-10831","post","type-post","status-publish","format-standard","has-post-thumbnail","hentry","category-actualite","category-region","category-religieux"],"acf":[],"_links":{"self":[{"href":"https:\/\/lereveil224.info\/index.php\/wp-json\/wp\/v2\/posts\/10831","targetHints":{"allow":["GET"]}}],"collection":[{"href":"https:\/\/lereveil224.info\/index.php\/wp-json\/wp\/v2\/posts"}],"about":[{"href":"https:\/\/lereveil224.info\/index.php\/wp-json\/wp\/v2\/types\/post"}],"author":[{"embeddable":true,"href":"https:\/\/lereveil224.info\/index.php\/wp-json\/wp\/v2\/users\/123458"}],"replies":[{"embeddable":true,"href":"https:\/\/lereveil224.info\/index.php\/wp-json\/wp\/v2\/comments?post=10831"}],"version-history":[{"count":1,"href":"https:\/\/lereveil224.info\/index.php\/wp-json\/wp\/v2\/posts\/10831\/revisions"}],"predecessor-version":[{"id":10832,"href":"https:\/\/lereveil224.info\/index.php\/wp-json\/wp\/v2\/posts\/10831\/revisions\/10832"}],"wp:featuredmedia":[{"embeddable":true,"href":"https:\/\/lereveil224.info\/index.php\/wp-json\/wp\/v2\/media\/10833"}],"wp:attachment":[{"href":"https:\/\/lereveil224.info\/index.php\/wp-json\/wp\/v2\/media?parent=10831"}],"wp:term":[{"taxonomy":"category","embeddable":true,"href":"https:\/\/lereveil224.info\/index.php\/wp-json\/wp\/v2\/categories?post=10831"},{"taxonomy":"post_tag","embeddable":true,"href":"https:\/\/lereveil224.info\/index.php\/wp-json\/wp\/v2\/tags?post=10831"}],"curies":[{"name":"wp","href":"https:\/\/api.w.org\/{rel}","templated":true}]}}