{"id":10823,"date":"2026-03-13T20:05:51","date_gmt":"2026-03-13T20:05:51","guid":{"rendered":"https:\/\/lereveil224.info\/?p=10823"},"modified":"2026-03-13T20:05:52","modified_gmt":"2026-03-13T20:05:52","slug":"a-kipe-un-panel-sensibilise-les-jeunes-filles-a-lusage-responsable-des-reseaux-sociaux","status":"publish","type":"post","link":"https:\/\/lereveil224.info\/index.php\/2026\/03\/13\/a-kipe-un-panel-sensibilise-les-jeunes-filles-a-lusage-responsable-des-reseaux-sociaux\/","title":{"rendered":"\u00c0 Kip\u00e9, un panel sensibilise les jeunes filles \u00e0 l\u2019usage responsable des r\u00e9seaux sociaux"},"content":{"rendered":"\n<p>\u00c0 l\u2019occasion du mois consacr\u00e9 \u00e0 la promotion des droits des femmes, une importante activit\u00e9 de sensibilisation s\u2019est tenue ce vendredi 13 mars 2026 au Lyc\u00e9e Djibril Tamsir Niane de Kip\u00e9. L\u2019initiative, port\u00e9e par l\u2019ONG Entreprendre Ensemble, visait \u00e0 attirer l\u2019attention des \u00e9l\u00e8ves, notamment des jeunes filles, sur les enjeux li\u00e9s \u00e0 l\u2019utilisation des r\u00e9seaux sociaux.<\/p>\n\n\n\n<p>Plac\u00e9e sous le th\u00e8me de l\u2019image et de la responsabilit\u00e9 des jeunes face au num\u00e9rique, cette rencontre a r\u00e9uni plusieurs intervenants issus de diff\u00e9rents domaines, venus \u00e9changer avec les \u00e9l\u00e8ves sur les opportunit\u00e9s offertes par les plateformes digitales, mais aussi sur les risques qui peuvent d\u00e9couler d\u2019une mauvaise utilisation de ces outils.<\/p>\n\n\n\n<p>Dans un contexte o\u00f9 les r\u00e9seaux sociaux occupent une place grandissante dans la vie des jeunes, les organisateurs ont souhait\u00e9 cr\u00e9er un cadre de dialogue ouvert permettant aux \u00e9l\u00e8ves de mieux comprendre l\u2019impact de leurs comportements en ligne. Les discussions ont notamment port\u00e9 sur la protection de l\u2019image personnelle, les cons\u00e9quences des publications sur Internet ainsi que les responsabilit\u00e9s juridiques li\u00e9es \u00e0 certains contenus diffus\u00e9s en ligne.<\/p>\n\n\n\n<figure class=\"wp-block-image size-full\"><img fetchpriority=\"high\" decoding=\"async\" width=\"768\" height=\"432\" src=\"https:\/\/lereveil224.info\/wp-content\/uploads\/2026\/03\/entreprendreenseghjk-768x432-1.jpeg\" alt=\"\" class=\"wp-image-10825\" srcset=\"https:\/\/lereveil224.info\/wp-content\/uploads\/2026\/03\/entreprendreenseghjk-768x432-1.jpeg 768w, https:\/\/lereveil224.info\/wp-content\/uploads\/2026\/03\/entreprendreenseghjk-768x432-1-300x169.jpeg 300w\" sizes=\"(max-width: 768px) 100vw, 768px\" \/><\/figure>\n\n\n\n<p>Prenant la parole \u00e0 cette occasion, la fondatrice de l\u2019ONG Ciss\u00e9 Ma\u00efmouna Diakaby a expliqu\u00e9 que ce panel s\u2019inscrit dans la dynamique des activit\u00e9s organis\u00e9es durant le mois d\u00e9di\u00e9 aux femmes. Selon elle, il est essentiel d\u2019accompagner les jeunes filles afin qu\u2019elles d\u00e9veloppent une conscience responsable dans leur rapport au num\u00e9rique.<\/p>\n\n\n\n<p>Elle souligne que les r\u00e9seaux sociaux repr\u00e9sentent aujourd\u2019hui des outils puissants qui peuvent contribuer \u00e0 l\u2019\u00e9ducation, \u00e0 la formation et m\u00eame \u00e0 l\u2019\u00e9panouissement professionnel des jeunes. Toutefois, leur mauvaise utilisation peut \u00e9galement avoir des cons\u00e9quences importantes sur la vie personnelle, scolaire et professionnelle.<br>\u00ab Nous avons voulu cr\u00e9er un espace d\u2019\u00e9change afin que les jeunes filles comprennent que les r\u00e9seaux sociaux peuvent \u00eatre des outils utiles pour leur avenir. Mais il faut aussi qu\u2019elles sachent qu\u2019une mauvaise utilisation peut avoir des r\u00e9percussions durables \u00bb, a-t-elle expliqu\u00e9 devant les \u00e9l\u00e8ves.<\/p>\n\n\n\n<p>La fondatrice rappelle \u00e9galement que le t\u00e9l\u00e9phone portable est devenu un compagnon quotidien pour la majorit\u00e9 des jeunes. Cependant, elle insiste sur la n\u00e9cessit\u00e9 de l\u2019utiliser comme un v\u00e9ritable outil d\u2019apprentissage et de d\u00e9veloppement personnel.<\/p>\n\n\n\n<p>Selon elle, il est important que les \u00e9l\u00e8ves prennent conscience d\u2019une r\u00e9alit\u00e9 souvent n\u00e9glig\u00e9e : ce qui est publi\u00e9 sur Internet peut rester accessible pendant longtemps. \u00ab Rien ne dispara\u00eet r\u00e9ellement sur Internet. Les jeunes doivent comprendre qu\u2019ils ont des devoirs et des responsabilit\u00e9s dans l\u2019utilisation des r\u00e9seaux sociaux \u00bb, a-t-elle martel\u00e9.<\/p>\n\n\n\n<p>\u00c0 travers cette initiative, l\u2019ONG Entreprendre Ensemble esp\u00e8re ainsi contribuer \u00e0 former une g\u00e9n\u00e9ration de jeunes internautes plus responsables, capables d\u2019utiliser le num\u00e9rique comme un levier de r\u00e9ussite plut\u00f4t qu\u2019un facteur de risque.<\/p>\n\n\n\n<p>Cette activit\u00e9 a \u00e9t\u00e9 largement salu\u00e9e par les \u00e9l\u00e8ves et les encadreurs du Lyc\u00e9e Djibril Tamsir Niane de Kip\u00e9, qui ont encourag\u00e9 la poursuite de ce type d\u2019initiatives dans les \u00e9tablissements scolaires afin de mieux pr\u00e9parer les jeunes aux r\u00e9alit\u00e9s du monde num\u00e9rique.<\/p>\n\n\n\n<p><strong>Mamadouba CAMARA pour lereveil224.info<\/strong><\/p>\n","protected":false},"excerpt":{"rendered":"<p>\u00c0 l\u2019occasion du mois consacr\u00e9 \u00e0 la promotion des droits des femmes, une importante activit\u00e9 de sensibilisation s\u2019est tenue ce vendredi 13 mars 2026 au Lyc\u00e9e Djibril Tamsir Niane de Kip\u00e9. L\u2019initiative, port\u00e9e par l\u2019ONG Entreprendre Ensemble, visait \u00e0 attirer l\u2019attention des \u00e9l\u00e8ves, notamment des jeunes filles, sur les enjeux li\u00e9s \u00e0 l\u2019utilisation des r\u00e9seaux [&hellip;]<\/p>\n","protected":false},"author":123458,"featured_media":10825,"comment_status":"open","ping_status":"open","sticky":false,"template":"","format":"standard","meta":{"_acf_changed":false,"footnotes":""},"categories":[11,4,18],"tags":[],"class_list":["post-10823","post","type-post","status-publish","format-standard","has-post-thumbnail","hentry","category-actualite","category-education","category-region"],"acf":[],"_links":{"self":[{"href":"https:\/\/lereveil224.info\/index.php\/wp-json\/wp\/v2\/posts\/10823","targetHints":{"allow":["GET"]}}],"collection":[{"href":"https:\/\/lereveil224.info\/index.php\/wp-json\/wp\/v2\/posts"}],"about":[{"href":"https:\/\/lereveil224.info\/index.php\/wp-json\/wp\/v2\/types\/post"}],"author":[{"embeddable":true,"href":"https:\/\/lereveil224.info\/index.php\/wp-json\/wp\/v2\/users\/123458"}],"replies":[{"embeddable":true,"href":"https:\/\/lereveil224.info\/index.php\/wp-json\/wp\/v2\/comments?post=10823"}],"version-history":[{"count":1,"href":"https:\/\/lereveil224.info\/index.php\/wp-json\/wp\/v2\/posts\/10823\/revisions"}],"predecessor-version":[{"id":10826,"href":"https:\/\/lereveil224.info\/index.php\/wp-json\/wp\/v2\/posts\/10823\/revisions\/10826"}],"wp:featuredmedia":[{"embeddable":true,"href":"https:\/\/lereveil224.info\/index.php\/wp-json\/wp\/v2\/media\/10825"}],"wp:attachment":[{"href":"https:\/\/lereveil224.info\/index.php\/wp-json\/wp\/v2\/media?parent=10823"}],"wp:term":[{"taxonomy":"category","embeddable":true,"href":"https:\/\/lereveil224.info\/index.php\/wp-json\/wp\/v2\/categories?post=10823"},{"taxonomy":"post_tag","embeddable":true,"href":"https:\/\/lereveil224.info\/index.php\/wp-json\/wp\/v2\/tags?post=10823"}],"curies":[{"name":"wp","href":"https:\/\/api.w.org\/{rel}","templated":true}]}}