{"id":10819,"date":"2026-03-13T04:20:12","date_gmt":"2026-03-13T04:20:12","guid":{"rendered":"https:\/\/lereveil224.info\/?p=10819"},"modified":"2026-03-13T04:20:14","modified_gmt":"2026-03-13T04:20:14","slug":"guinee-mamadi-doumbouya-convoque-une-reunion-strategique-pour-renforcer-la-securite-nationale","status":"publish","type":"post","link":"https:\/\/lereveil224.info\/index.php\/2026\/03\/13\/guinee-mamadi-doumbouya-convoque-une-reunion-strategique-pour-renforcer-la-securite-nationale\/","title":{"rendered":"Guin\u00e9e : Mamadi Doumbouya convoque une r\u00e9union strat\u00e9gique pour renforcer la s\u00e9curit\u00e9 nationale"},"content":{"rendered":"\n<p>Le Pr\u00e9sidentielle de la R\u00e9publique, Mamadi Doumbouya, a pr\u00e9sid\u00e9 ce jeudi 12 mars 2026 une r\u00e9union exceptionnelle du Conseil Sup\u00e9rieur de D\u00e9fense Nationale consacr\u00e9e aux enjeux strat\u00e9giques li\u00e9s \u00e0 la s\u00e9curit\u00e9 nationale et \u00e0 la stabilit\u00e9 du pays. Cette rencontre de haut niveau intervient dans un contexte o\u00f9 les autorit\u00e9s guin\u00e9ennes entendent renforcer la vigilance et la coordination entre les diff\u00e9rentes institutions charg\u00e9es de la d\u00e9fense et de la s\u00e9curit\u00e9.<\/p>\n\n\n\n<figure class=\"wp-block-image size-large\"><img fetchpriority=\"high\" decoding=\"async\" width=\"1024\" height=\"726\" src=\"https:\/\/lereveil224.info\/wp-content\/uploads\/2026\/03\/20260313_040548-1024x726.jpg\" alt=\"\" class=\"wp-image-10820\" srcset=\"https:\/\/lereveil224.info\/wp-content\/uploads\/2026\/03\/20260313_040548-1024x726.jpg 1024w, https:\/\/lereveil224.info\/wp-content\/uploads\/2026\/03\/20260313_040548-300x213.jpg 300w, https:\/\/lereveil224.info\/wp-content\/uploads\/2026\/03\/20260313_040548-768x544.jpg 768w, https:\/\/lereveil224.info\/wp-content\/uploads\/2026\/03\/20260313_040548-1536x1088.jpg 1536w, https:\/\/lereveil224.info\/wp-content\/uploads\/2026\/03\/20260313_040548-2048x1451.jpg 2048w\" sizes=\"(max-width: 1024px) 100vw, 1024px\" \/><\/figure>\n\n\n\n<p>Autour du Chef de l\u2019\u00c9tat, plusieurs personnalit\u00e9s cl\u00e9s des institutions de la R\u00e9publique ont pris part \u00e0 cette importante r\u00e9union. Parmi elles figuraient le pr\u00e9sident du Conseil National de la Transition, Dansa Kourouma, ainsi que le Premier ministre et chef du gouvernement, Amadou Oury Bah. \u00c9taient \u00e9galement pr\u00e9sents le ministre secr\u00e9taire g\u00e9n\u00e9ral de la pr\u00e9sidence, le g\u00e9n\u00e9ral Amara Camara, le ministre directeur de cabinet de la pr\u00e9sidence, Djiba Diakit\u00e9, ainsi que plusieurs membres du gouvernement et des responsables de la haute hi\u00e9rarchie militaire et paramilitaire.<\/p>\n\n\n\n<p>Au cours de cette r\u00e9union strat\u00e9gique, le Pr\u00e9sident Mamadi Doumbouya a donn\u00e9 des instructions fermes aux membres statutaires du Conseil afin de mobiliser l\u2019ensemble des forces de d\u00e9fense et de s\u00e9curit\u00e9. L\u2019objectif affich\u00e9 par les autorit\u00e9s est de garantir la s\u00e9curit\u00e9 des populations sur toute l\u2019\u00e9tendue du territoire national, tout en pr\u00e9servant la stabilit\u00e9 du pays et l\u2019int\u00e9grit\u00e9 des personnes et de leurs biens.<\/p>\n\n\n\n<p>Le Chef de l\u2019\u00c9tat a, \u00e0 cette occasion, rappel\u00e9 aux responsables pr\u00e9sents l\u2019importance de leurs missions et l\u2019ampleur des responsabilit\u00e9s qui leur incombent dans la protection de la nation. Il a insist\u00e9 sur la n\u00e9cessit\u00e9 d\u2019une discipline rigoureuse, d\u2019une coordination efficace entre les diff\u00e9rents corps de s\u00e9curit\u00e9 et d\u2019une grande r\u00e9activit\u00e9 face aux d\u00e9fis s\u00e9curitaires.<\/p>\n\n\n\n<p>Au-del\u00e0 de son caract\u00e8re institutionnel, cette r\u00e9union exceptionnelle se veut \u00e9galement un message fort adress\u00e9 aux forces de d\u00e9fense et de s\u00e9curit\u00e9. Elle constitue un appel \u00e0 l\u2019engagement patriotique et \u00e0 la responsabilit\u00e9 collective pour pr\u00e9server la paix et la stabilit\u00e9 du pays.<\/p>\n\n\n\n<p>\u00c0 travers cette initiative, le Pr\u00e9sident Mamadi Doumbouya r\u00e9affirme sa volont\u00e9 de placer la s\u00e9curit\u00e9 des citoyens au c\u0153ur de l\u2019action publique. Une orientation qui s\u2019inscrit dans une vision plus large visant \u00e0 consolider les bases d\u2019une Guin\u00e9e stable, unie et tourn\u00e9e vers le d\u00e9veloppement durable.<\/p>\n\n\n\n<p>En r\u00e9unissant le Conseil Sup\u00e9rieur de D\u00e9fense Nationale autour des questions strat\u00e9giques de s\u00e9curit\u00e9, le Chef de l\u2019\u00c9tat entend ainsi renforcer les m\u00e9canismes de protection du pays et garantir aux Guin\u00e9ens un environnement s\u00e9curis\u00e9, indispensable \u00e0 la construction d\u2019un avenir commun.<\/p>\n\n\n\n<p><strong>Mamadouba CAMARA pour lereveil224.info<\/strong><\/p>\n","protected":false},"excerpt":{"rendered":"<p>Le Pr\u00e9sidentielle de la R\u00e9publique, Mamadi Doumbouya, a pr\u00e9sid\u00e9 ce jeudi 12 mars 2026 une r\u00e9union exceptionnelle du Conseil Sup\u00e9rieur de D\u00e9fense Nationale consacr\u00e9e aux enjeux strat\u00e9giques li\u00e9s \u00e0 la s\u00e9curit\u00e9 nationale et \u00e0 la stabilit\u00e9 du pays. Cette rencontre de haut niveau intervient dans un contexte o\u00f9 les autorit\u00e9s guin\u00e9ennes entendent renforcer la vigilance [&hellip;]<\/p>\n","protected":false},"author":123458,"featured_media":10821,"comment_status":"open","ping_status":"open","sticky":false,"template":"","format":"standard","meta":{"_acf_changed":false,"footnotes":""},"categories":[11,42,59],"tags":[],"class_list":["post-10819","post","type-post","status-publish","format-standard","has-post-thumbnail","hentry","category-actualite","category-militaire","category-nationale"],"acf":[],"_links":{"self":[{"href":"https:\/\/lereveil224.info\/index.php\/wp-json\/wp\/v2\/posts\/10819","targetHints":{"allow":["GET"]}}],"collection":[{"href":"https:\/\/lereveil224.info\/index.php\/wp-json\/wp\/v2\/posts"}],"about":[{"href":"https:\/\/lereveil224.info\/index.php\/wp-json\/wp\/v2\/types\/post"}],"author":[{"embeddable":true,"href":"https:\/\/lereveil224.info\/index.php\/wp-json\/wp\/v2\/users\/123458"}],"replies":[{"embeddable":true,"href":"https:\/\/lereveil224.info\/index.php\/wp-json\/wp\/v2\/comments?post=10819"}],"version-history":[{"count":1,"href":"https:\/\/lereveil224.info\/index.php\/wp-json\/wp\/v2\/posts\/10819\/revisions"}],"predecessor-version":[{"id":10822,"href":"https:\/\/lereveil224.info\/index.php\/wp-json\/wp\/v2\/posts\/10819\/revisions\/10822"}],"wp:featuredmedia":[{"embeddable":true,"href":"https:\/\/lereveil224.info\/index.php\/wp-json\/wp\/v2\/media\/10821"}],"wp:attachment":[{"href":"https:\/\/lereveil224.info\/index.php\/wp-json\/wp\/v2\/media?parent=10819"}],"wp:term":[{"taxonomy":"category","embeddable":true,"href":"https:\/\/lereveil224.info\/index.php\/wp-json\/wp\/v2\/categories?post=10819"},{"taxonomy":"post_tag","embeddable":true,"href":"https:\/\/lereveil224.info\/index.php\/wp-json\/wp\/v2\/tags?post=10819"}],"curies":[{"name":"wp","href":"https:\/\/api.w.org\/{rel}","templated":true}]}}