{"id":10812,"date":"2026-03-12T19:51:50","date_gmt":"2026-03-12T19:51:50","guid":{"rendered":"https:\/\/lereveil224.info\/?p=10812"},"modified":"2026-03-12T19:51:53","modified_gmt":"2026-03-12T19:51:53","slug":"examens-nationaux-2026-a-nzerekore-les-autorites-educatives-lancent-une-grande-mobilisation-autour-de-lecole","status":"publish","type":"post","link":"https:\/\/lereveil224.info\/index.php\/2026\/03\/12\/examens-nationaux-2026-a-nzerekore-les-autorites-educatives-lancent-une-grande-mobilisation-autour-de-lecole\/","title":{"rendered":"Examens nationaux 2026 : \u00e0 N\u2019Z\u00e9r\u00e9kor\u00e9, les autorit\u00e9s \u00e9ducatives lancent une grande mobilisation autour de l\u2019\u00e9cole"},"content":{"rendered":"\n<p>\u00c0 l\u2019approche des examens nationaux de la session 2026, les autorit\u00e9s \u00e9ducatives de la pr\u00e9fecture de N\u2019Z\u00e9r\u00e9kor\u00e9 ont d\u00e9cid\u00e9 d\u2019intensifier leurs efforts afin de garantir une bonne pr\u00e9paration des \u00e9l\u00e8ves et le respect du calendrier scolaire. Dans cette dynamique, la Direction pr\u00e9fectorale de l\u2019\u00c9ducation nationale, de l\u2019Alphab\u00e9tisation, de l\u2019Enseignement technique et de la Formation professionnelle a initi\u00e9 une vaste campagne de sensibilisation destin\u00e9e aux enseignants et aux parents d\u2019\u00e9l\u00e8ves de la commune urbaine.<\/p>\n\n\n\n<p>Cette initiative s\u2019inscrit dans une volont\u00e9 de renforcer l\u2019engagement de tous les acteurs du syst\u00e8me \u00e9ducatif autour d\u2019un objectif commun : assurer une pr\u00e9paration efficace des candidats aux examens nationaux et am\u00e9liorer la qualit\u00e9 de l\u2019enseignement dans la pr\u00e9fecture.<\/p>\n\n\n\n<p>Durant une semaine, les \u00e9quipes \u00e9ducatives ont parcouru les dix sous-pr\u00e9fectures de N\u2019Z\u00e9r\u00e9kor\u00e9 pour sensibiliser les enseignants, les responsables scolaires et les parents d\u2019\u00e9l\u00e8ves sur les enjeux li\u00e9s \u00e0 la bonne conduite de l\u2019ann\u00e9e scolaire. Les \u00e9changes ont notamment port\u00e9 sur l\u2019ex\u00e9cution int\u00e9grale des programmes d\u2019enseignement, la pr\u00e9paration rigoureuse des examens nationaux et l\u2019importance de l\u2019immatriculation des \u00e9l\u00e8ves du cycle \u00e9l\u00e9mentaire.<\/p>\n\n\n\n<p>La campagne a pris fin par une rencontre organis\u00e9e dans la salle du Centre de Formation Professionnelle (CFP) de N\u2019Z\u00e9r\u00e9kor\u00e9. La c\u00e9r\u00e9monie de cl\u00f4ture a r\u00e9uni plusieurs autorit\u00e9s pr\u00e9fectorales et communales, des responsables de l\u2019Association des parents d\u2019\u00e9l\u00e8ves et amis de l\u2019\u00e9cole (APEAE), ainsi que de nombreux enseignants venus des diff\u00e9rents \u00e9tablissements de la commune.<\/p>\n\n\n\n<figure class=\"wp-block-image size-large\"><img decoding=\"async\" src=\"https:\/\/lereveil224.info\/wp-content\/uploads\/2026\/03\/IMG-20260312-WA0045-1024x473.jpg\" alt=\"\" class=\"wp-image-10813\"\/><\/figure>\n\n\n\n<p>Prenant la parole \u00e0 cette occasion, le Directeur pr\u00e9fectoral de l\u2019\u00c9ducation nationale, Yosil\u00e9 Kolamou, a rappel\u00e9 l\u2019importance de cette initiative qui vise, selon lui, \u00e0 renforcer la rigueur dans l\u2019application des orientations du minist\u00e8re de l\u2019\u00c9ducation nationale.<\/p>\n\n\n\n<p>Il a expliqu\u00e9 que cette campagne a pour objectif principal de garantir l\u2019ex\u00e9cution compl\u00e8te des programmes d\u2019enseignement conform\u00e9ment aux directives minist\u00e9rielles. Une d\u00e9marche qui, selon lui, permettra aux \u00e9l\u00e8ves d\u2019acqu\u00e9rir les comp\u00e9tences n\u00e9cessaires tout en respectant le calendrier scolaire r\u00e9am\u00e9nag\u00e9 pour l\u2019ann\u00e9e acad\u00e9mique 2025-2026.<\/p>\n\n\n\n<p>Le responsable \u00e9ducatif a \u00e9galement insist\u00e9 sur la n\u00e9cessit\u00e9 d\u2019assurer la tenue r\u00e9guli\u00e8re des cours jusqu\u2019aux \u00e9valuations nationales afin d\u2019\u00e9viter les retards dans l\u2019apprentissage et d\u2019offrir aux candidats les meilleures chances de r\u00e9ussite.<\/p>\n\n\n\n<p>Dans son intervention, Yosil\u00e9 Kolamou a particuli\u00e8rement mis l\u2019accent sur le r\u00f4le central des parents d\u2019\u00e9l\u00e8ves dans l\u2019encadrement scolaire de leurs enfants. Il a appel\u00e9 les familles \u00e0 suivre de pr\u00e8s l\u2019assiduit\u00e9 des \u00e9l\u00e8ves, leur discipline et leur engagement dans les r\u00e9visions en vue des examens.<\/p>\n\n\n\n<p>Selon lui, la r\u00e9ussite du syst\u00e8me \u00e9ducatif ne peut se faire sans une collaboration \u00e9troite entre l\u2019\u00e9cole et les familles. Cette synergie entre enseignants, autorit\u00e9s \u00e9ducatives et parents constitue, d\u2019apr\u00e8s ses propos, un facteur d\u00e9terminant pour garantir des r\u00e9sultats cr\u00e9dibles et renforcer la cr\u00e9dibilit\u00e9 des examens dans la pr\u00e9fecture.<\/p>\n\n\n\n<p>Les responsables \u00e9ducatifs esp\u00e8rent ainsi que cette campagne permettra de consolider l\u2019organisation p\u00e9dagogique et administrative dans les \u00e9tablissements scolaires de la r\u00e9gion. L\u2019objectif final reste d\u2019assurer un environnement d\u2019apprentissage rigoureux, capable de pr\u00e9parer efficacement les \u00e9l\u00e8ves aux \u00e9ch\u00e9ances nationales.<\/p>\n\n\n\n<p>\u00c0 travers cette mobilisation collective, les autorit\u00e9s \u00e9ducatives de N\u2019Z\u00e9r\u00e9kor\u00e9 entendent envoyer un message clair : la qualit\u00e9 de l\u2019\u00e9ducation repose sur la discipline, la responsabilit\u00e9 et l\u2019engagement de tous les acteurs impliqu\u00e9s dans la formation des \u00e9l\u00e8ves.<\/p>\n\n\n\n<p><strong>Mamadouba CAMARA &#8211; R\u00e9dacteur en Chef <\/strong><\/p>\n","protected":false},"excerpt":{"rendered":"<p>\u00c0 l\u2019approche des examens nationaux de la session 2026, les autorit\u00e9s \u00e9ducatives de la pr\u00e9fecture de N\u2019Z\u00e9r\u00e9kor\u00e9 ont d\u00e9cid\u00e9 d\u2019intensifier leurs efforts afin de garantir une bonne pr\u00e9paration des \u00e9l\u00e8ves et le respect du calendrier scolaire. Dans cette dynamique, la Direction pr\u00e9fectorale de l\u2019\u00c9ducation nationale, de l\u2019Alphab\u00e9tisation, de l\u2019Enseignement technique et de la Formation professionnelle [&hellip;]<\/p>\n","protected":false},"author":123458,"featured_media":10814,"comment_status":"open","ping_status":"open","sticky":false,"template":"","format":"standard","meta":{"_acf_changed":false,"footnotes":""},"categories":[11,4,18],"tags":[],"class_list":["post-10812","post","type-post","status-publish","format-standard","has-post-thumbnail","hentry","category-actualite","category-education","category-region"],"acf":[],"_links":{"self":[{"href":"https:\/\/lereveil224.info\/index.php\/wp-json\/wp\/v2\/posts\/10812","targetHints":{"allow":["GET"]}}],"collection":[{"href":"https:\/\/lereveil224.info\/index.php\/wp-json\/wp\/v2\/posts"}],"about":[{"href":"https:\/\/lereveil224.info\/index.php\/wp-json\/wp\/v2\/types\/post"}],"author":[{"embeddable":true,"href":"https:\/\/lereveil224.info\/index.php\/wp-json\/wp\/v2\/users\/123458"}],"replies":[{"embeddable":true,"href":"https:\/\/lereveil224.info\/index.php\/wp-json\/wp\/v2\/comments?post=10812"}],"version-history":[{"count":1,"href":"https:\/\/lereveil224.info\/index.php\/wp-json\/wp\/v2\/posts\/10812\/revisions"}],"predecessor-version":[{"id":10815,"href":"https:\/\/lereveil224.info\/index.php\/wp-json\/wp\/v2\/posts\/10812\/revisions\/10815"}],"wp:featuredmedia":[{"embeddable":true,"href":"https:\/\/lereveil224.info\/index.php\/wp-json\/wp\/v2\/media\/10814"}],"wp:attachment":[{"href":"https:\/\/lereveil224.info\/index.php\/wp-json\/wp\/v2\/media?parent=10812"}],"wp:term":[{"taxonomy":"category","embeddable":true,"href":"https:\/\/lereveil224.info\/index.php\/wp-json\/wp\/v2\/categories?post=10812"},{"taxonomy":"post_tag","embeddable":true,"href":"https:\/\/lereveil224.info\/index.php\/wp-json\/wp\/v2\/tags?post=10812"}],"curies":[{"name":"wp","href":"https:\/\/api.w.org\/{rel}","templated":true}]}}