{"id":10804,"date":"2026-03-11T19:42:45","date_gmt":"2026-03-11T19:42:45","guid":{"rendered":"https:\/\/lereveil224.info\/?p=10804"},"modified":"2026-03-11T19:42:48","modified_gmt":"2026-03-11T19:42:48","slug":"etats-unis-lonu-accuse-donald-trump-dalimenter-un-climat-de-haine-raciale-contre-les-migrants","status":"publish","type":"post","link":"https:\/\/lereveil224.info\/index.php\/2026\/03\/11\/etats-unis-lonu-accuse-donald-trump-dalimenter-un-climat-de-haine-raciale-contre-les-migrants\/","title":{"rendered":"\u00c9tats-Unis : l\u2019ONU accuse Donald Trump d\u2019alimenter un climat de haine raciale contre les migrants"},"content":{"rendered":"\n<p>Un nouvel avertissement de la communaut\u00e9 internationale vient jeter une lumi\u00e8re crue sur la situation des migrants aux \u00c9tats-Unis. Ce mercredi 11 mars, le Comit\u00e9 des Nations unies pour l\u2019\u00e9limination de la discrimination raciale a exprim\u00e9 sa vive inqui\u00e9tude face \u00e0 la mont\u00e9e d\u2019un discours jug\u00e9 raciste et d\u00e9shumanisant dans le d\u00e9bat politique am\u00e9ricain, pointant notamment du doigt le pr\u00e9sident am\u00e9ricain Donald Trump et certains responsables politiques.<\/p>\n\n\n\n<p>Selon cet organe de surveillance des Nations unies, les d\u00e9clarations de certains dirigeants politiques contribuent \u00e0 alimenter un climat hostile envers les migrants, les r\u00e9fugi\u00e9s et les demandeurs d\u2019asile. Le Comit\u00e9 estime que l\u2019usage d\u2019un langage agressif et de st\u00e9r\u00e9otypes n\u00e9gatifs renforce les discriminations et favorise un environnement propice aux violations des droits humains.<\/p>\n\n\n\n<p>Dans son rapport, le Comit\u00e9 souligne que le \u00ab discours de haine raciste \u00bb est devenu de plus en plus visible dans la sph\u00e8re politique et m\u00e9diatique. Les migrants et les personnes cherchant protection aux \u00c9tats-Unis seraient r\u00e9guli\u00e8rement d\u00e9crits \u00e0 travers des propos d\u00e9gradants ou caricaturaux, ce qui contribue \u00e0 les pr\u00e9senter comme une menace pour la soci\u00e9t\u00e9. Pour l\u2019organe onusien, cette rh\u00e9torique est particuli\u00e8rement dangereuse, car elle peut l\u00e9gitimer des attitudes discriminatoires et encourager la stigmatisation.<\/p>\n\n\n\n<p>Le Comit\u00e9 s\u2019inqui\u00e8te \u00e9galement du durcissement des politiques migratoires et des op\u00e9rations de r\u00e9pression de l\u2019immigration. Selon ses observations, ces mesures s\u2019accompagnent souvent d\u2019un discours politique qui justifie la fermet\u00e9 par une repr\u00e9sentation n\u00e9gative des \u00e9trangers. Une telle approche, avertit-il, risque d\u2019accro\u00eetre la marginalisation des communaut\u00e9s migrantes et de fragiliser davantage leurs droits fondamentaux.<\/p>\n\n\n\n<p>Pour les experts des Nations unies, les dirigeants politiques ont une responsabilit\u00e9 particuli\u00e8re dans la mani\u00e8re dont ils s\u2019expriment sur les questions migratoires. Leur parole, tr\u00e8s influente dans l\u2019opinion publique, peut soit contribuer \u00e0 promouvoir la tol\u00e9rance et la coh\u00e9sion sociale, soit au contraire renforcer les divisions et les pr\u00e9jug\u00e9s. Le Comit\u00e9 appelle donc les responsables am\u00e9ricains \u00e0 faire preuve de retenue et \u00e0 \u00e9viter toute rh\u00e9torique susceptible d\u2019encourager le racisme ou la discrimination.<\/p>\n\n\n\n<p>L\u2019organe onusien insiste aussi sur la n\u00e9cessit\u00e9 de prot\u00e9ger les migrants, les r\u00e9fugi\u00e9s et les demandeurs d\u2019asile contre toutes formes de discrimination. Il rappelle que les \u00c9tats ont l\u2019obligation, en vertu des conventions internationales qu\u2019ils ont ratifi\u00e9es, de garantir l\u2019\u00e9galit\u00e9 de traitement et de respecter la dignit\u00e9 de toutes les personnes, quelle que soit leur origine.<\/p>\n\n\n\n<p>Par ailleurs, le Comit\u00e9 encourage les autorit\u00e9s am\u00e9ricaines \u00e0 renforcer les politiques publiques visant \u00e0 lutter contre les discours de haine. Cela passe notamment par la promotion d\u2019un langage respectueux dans le d\u00e9bat politique, mais aussi par des actions \u00e9ducatives et institutionnelles destin\u00e9es \u00e0 combattre les st\u00e9r\u00e9otypes et les pr\u00e9jug\u00e9s raciaux.<\/p>\n\n\n\n<p>Les organisations de d\u00e9fense des droits humains suivent \u00e9galement de pr\u00e8s cette \u00e9volution. Plusieurs d\u2019entre elles affirment que la stigmatisation des migrants dans le discours politique peut avoir des cons\u00e9quences concr\u00e8tes sur leur vie quotidienne. Elle peut, par exemple, encourager des actes de discrimination, des violences ou des politiques restrictives qui limitent l\u2019acc\u00e8s \u00e0 certains droits fondamentaux.<\/p>\n\n\n\n<p>Dans un contexte mondial marqu\u00e9 par des flux migratoires importants et des tensions politiques autour de l\u2019immigration, la question du respect des droits des migrants reste particuli\u00e8rement sensible. Les Nations unies rappellent r\u00e9guli\u00e8rement que la gestion des migrations doit se faire dans le respect du droit international et de la dignit\u00e9 humaine.<\/p>\n\n\n\n<p>Face \u00e0 ces pr\u00e9occupations, le Comit\u00e9 appelle les \u00c9tats-Unis \u00e0 r\u00e9affirmer leur engagement en faveur de la lutte contre la discrimination raciale et \u00e0 adopter des politiques migratoires respectueuses des droits humains. L\u2019organisation estime qu\u2019un changement de ton dans le discours politique pourrait constituer une premi\u00e8re \u00e9tape importante pour r\u00e9duire les tensions et favoriser un climat plus inclusif.<\/p>\n\n\n\n<p>Cette prise de position de l\u2019ONU intervient dans un contexte o\u00f9 les d\u00e9bats sur l\u2019immigration continuent de polariser profond\u00e9ment la soci\u00e9t\u00e9 am\u00e9ricaine. Entre imp\u00e9ratifs s\u00e9curitaires, pr\u00e9occupations \u00e9conomiques et enjeux humanitaires, la question reste au c\u0153ur des discussions politiques et sociales aux \u00c9tats-Unis.<\/p>\n\n\n\n<p>Pour le Comit\u00e9 des Nations unies pour l\u2019\u00e9limination de la discrimination raciale, une chose est claire : les dirigeants politiques doivent mesurer le poids de leurs mots. Car au-del\u00e0 des discours, ce sont des millions de vies humaines qui sont concern\u00e9es par les politiques migratoires et les attitudes qu\u2019elles inspirent.<\/p>\n\n\n\n<p><strong>Mamadouba CAMARA pour lereveil224.info<\/strong><\/p>\n","protected":false},"excerpt":{"rendered":"<p>Un nouvel avertissement de la communaut\u00e9 internationale vient jeter une lumi\u00e8re crue sur la situation des migrants aux \u00c9tats-Unis. Ce mercredi 11 mars, le Comit\u00e9 des Nations unies pour l\u2019\u00e9limination de la discrimination raciale a exprim\u00e9 sa vive inqui\u00e9tude face \u00e0 la mont\u00e9e d\u2019un discours jug\u00e9 raciste et d\u00e9shumanisant dans le d\u00e9bat politique am\u00e9ricain, pointant [&hellip;]<\/p>\n","protected":false},"author":123458,"featured_media":10806,"comment_status":"open","ping_status":"open","sticky":false,"template":"","format":"standard","meta":{"_acf_changed":false,"footnotes":""},"categories":[11,30],"tags":[],"class_list":["post-10804","post","type-post","status-publish","format-standard","has-post-thumbnail","hentry","category-actualite","category-international"],"acf":[],"_links":{"self":[{"href":"https:\/\/lereveil224.info\/index.php\/wp-json\/wp\/v2\/posts\/10804","targetHints":{"allow":["GET"]}}],"collection":[{"href":"https:\/\/lereveil224.info\/index.php\/wp-json\/wp\/v2\/posts"}],"about":[{"href":"https:\/\/lereveil224.info\/index.php\/wp-json\/wp\/v2\/types\/post"}],"author":[{"embeddable":true,"href":"https:\/\/lereveil224.info\/index.php\/wp-json\/wp\/v2\/users\/123458"}],"replies":[{"embeddable":true,"href":"https:\/\/lereveil224.info\/index.php\/wp-json\/wp\/v2\/comments?post=10804"}],"version-history":[{"count":1,"href":"https:\/\/lereveil224.info\/index.php\/wp-json\/wp\/v2\/posts\/10804\/revisions"}],"predecessor-version":[{"id":10805,"href":"https:\/\/lereveil224.info\/index.php\/wp-json\/wp\/v2\/posts\/10804\/revisions\/10805"}],"wp:featuredmedia":[{"embeddable":true,"href":"https:\/\/lereveil224.info\/index.php\/wp-json\/wp\/v2\/media\/10806"}],"wp:attachment":[{"href":"https:\/\/lereveil224.info\/index.php\/wp-json\/wp\/v2\/media?parent=10804"}],"wp:term":[{"taxonomy":"category","embeddable":true,"href":"https:\/\/lereveil224.info\/index.php\/wp-json\/wp\/v2\/categories?post=10804"},{"taxonomy":"post_tag","embeddable":true,"href":"https:\/\/lereveil224.info\/index.php\/wp-json\/wp\/v2\/tags?post=10804"}],"curies":[{"name":"wp","href":"https:\/\/api.w.org\/{rel}","templated":true}]}}