{"id":1059,"date":"2023-04-13T20:41:17","date_gmt":"2023-04-13T20:41:17","guid":{"rendered":"https:\/\/lereveil224.info\/?p=1059"},"modified":"2023-04-13T20:50:01","modified_gmt":"2023-04-13T20:50:01","slug":"nzerekore-malgre-linsuffisance-de-moyens-la-brigade-regionale-fait-des-resultats","status":"publish","type":"post","link":"https:\/\/lereveil224.info\/index.php\/2023\/04\/13\/nzerekore-malgre-linsuffisance-de-moyens-la-brigade-regionale-fait-des-resultats\/","title":{"rendered":"N&rsquo;Z\u00e9r\u00e9kor\u00e9: Malgr\u00e9 l&rsquo;insuffisance de moyens la Brigade r\u00e9gionale fait des r\u00e9sultats"},"content":{"rendered":"\t\t<div data-elementor-type=\"wp-post\" data-elementor-id=\"1059\" class=\"elementor elementor-1059\">\n\t\t\t\t\t\t<section class=\"elementor-section elementor-top-section elementor-element elementor-element-61eb2ac elementor-section-boxed elementor-section-height-default elementor-section-height-default\" data-id=\"61eb2ac\" data-element_type=\"section\" data-e-type=\"section\">\n\t\t\t\t\t\t<div class=\"elementor-container elementor-column-gap-default\">\n\t\t\t\t\t<div class=\"elementor-column elementor-col-100 elementor-top-column elementor-element elementor-element-af20acc\" data-id=\"af20acc\" data-element_type=\"column\" data-e-type=\"column\">\n\t\t\t<div class=\"elementor-widget-wrap elementor-element-populated\">\n\t\t\t\t\t\t<div class=\"elementor-element elementor-element-29f3f05 elementor-widget elementor-widget-text-editor\" data-id=\"29f3f05\" data-element_type=\"widget\" data-e-type=\"widget\" data-widget_type=\"text-editor.default\">\n\t\t\t\t<div class=\"elementor-widget-container\">\n\t\t\t\t\t\t\t\t\t<p>Dans la capitale de <strong>Guin\u00e9e<\/strong> <strong>foresti\u00e8re<\/strong> ,malgr\u00e9 l&rsquo;insuffisance des moyens et des locaux peu commode, <strong>l&rsquo;Unit\u00e9 R\u00e9gionale de la Brigade Nationale de Lutte Contre la Criminalit\u00e9 des Esp\u00e8ces de Faune et de Flore <\/strong><strong>Sauvages de N&rsquo;z\u00e9r\u00e9kor\u00e9,<\/strong> produit des r\u00e9sultats encourageant. Tel est le constat fait par la r\u00e9daction de votre site d&rsquo;information le <strong><span style=\"text-decoration: underline;\">www.lereveil224.info<\/span>.<\/strong><\/p><p>En effet, depuis la nomination de <strong>Lieutenant Bakary F\u00e9nda CAMARA<\/strong>, en qualit\u00e9 de chef d&rsquo;unit\u00e9 r\u00e9gionale de la <strong>Brigade Nationale de Lutte Contre la Criminalit\u00e9 des Esp\u00e8ces de Faune et Flore Sauvages de <\/strong><strong>N&rsquo;Z\u00e9r\u00e9kor\u00e9<\/strong>, en <strong>novembre 2019<\/strong>, les actions men\u00e9es par son service sur le terrain malgr\u00e9 les multiples difficult\u00e9s sont entres autres : l&rsquo;organisation et la mise en place d&rsquo;une patrouilles constante; la participation active des agents dans une vaste campagne de sensibilisation des populations sur la n\u00e9cessit\u00e9 de sauvegarder la <strong>Faune et la Flore<\/strong> ; le renforcement des capacit\u00e9s des agents sur la r\u00e9daction des rapports de patrouille ; l&rsquo;identification des esp\u00e8ces int\u00e9gralement prot\u00e9g\u00e9es dans les for\u00eats class\u00e9es; la synergie et l&rsquo;appui aux autres services dans le cadre de la lutte contre la fraude; la lutte contre le braconnage; la cr\u00e9ation de partenariat avec plusieurs structures tel que l&rsquo;UNOSP.<\/p>\t\t\t\t\t\t\t\t<\/div>\n\t\t\t\t<\/div>\n\t\t\t\t<div class=\"elementor-element elementor-element-f1a4b0e elementor-widget elementor-widget-image\" data-id=\"f1a4b0e\" data-element_type=\"widget\" data-e-type=\"widget\" data-widget_type=\"image.default\">\n\t\t\t\t<div class=\"elementor-widget-container\">\n\t\t\t\t\t\t\t\t\t\t\t\t\t\t\t<img fetchpriority=\"high\" decoding=\"async\" width=\"720\" height=\"341\" src=\"https:\/\/lereveil224.info\/wp-content\/uploads\/2023\/04\/IMG_1681417220741_1.jpg\" class=\"attachment-large size-large wp-image-1061\" alt=\"\" srcset=\"https:\/\/lereveil224.info\/wp-content\/uploads\/2023\/04\/IMG_1681417220741_1.jpg 720w, https:\/\/lereveil224.info\/wp-content\/uploads\/2023\/04\/IMG_1681417220741_1-300x142.jpg 300w\" sizes=\"(max-width: 720px) 100vw, 720px\" \/>\t\t\t\t\t\t\t\t\t\t\t\t\t\t\t<\/div>\n\t\t\t\t<\/div>\n\t\t\t\t<div class=\"elementor-element elementor-element-1f288ac elementor-widget elementor-widget-text-editor\" data-id=\"1f288ac\" data-element_type=\"widget\" data-e-type=\"widget\" data-widget_type=\"text-editor.default\">\n\t\t\t\t<div class=\"elementor-widget-container\">\n\t\t\t\t\t\t\t\t\t<p>Interrog\u00e9 sur les difficult\u00e9s rencontr\u00e9es sur le terrain par l&rsquo;administration et les agents le chef d&rsquo;unit\u00e9 r\u00e9gionale de la <strong>Brigade Nationale de Lutte Contre la Criminalit\u00e9 des Especes de Faune et Flore Sauvages de N&rsquo;Z\u00e9r\u00e9kor\u00e9<\/strong> pr\u00e9cise\u00a0<em> &lt;&lt;nos difficult\u00e9s sont d\u00fb entres autres la v\u00e9tust\u00e9 des locaux, le manque de moyens de d\u00e9placement sans lesquels nos missions sur le terrain revient complexe. Mais aussi la r\u00e9novation des locaux et l&rsquo;\u00e9quipement des bureaux, afin d&rsquo;offrir un bon cadre de travail. C&rsquo;est pour quoi nous demandons au minist\u00e8re de l&rsquo;environnement de nous venir en aide afin de faciliter nos missions sur le terrain&gt;&gt;<\/em> dira <strong>Lieutenant Bakary Fenda Camara,<\/strong> comme c&rsquo;est de lui qu&rsquo;il s&rsquo;agit.<\/p><p>A noter que le renforcement des capacit\u00e9s op\u00e9rationnelles de la <strong>Brigade Nationale de Lutte Contre la Criminalit\u00e9 des Esp\u00e8ces de Faune et Flore Sauvages de<\/strong> <strong>N&rsquo;Z\u00e9r\u00e9kor\u00e9<\/strong>, permettra de prot\u00e8ge l&rsquo;environnement. Et cela conforment \u00e0 la dynamique enclench\u00e9 par le <strong>Colonel Mamadi DOUMBOUYA<\/strong>, sur le plan environnemental.<\/p><p><strong>Thierno Amadou Diallo pour <span style=\"text-decoration: underline;\">lereveil224.info<\/span><\/strong><\/p>\t\t\t\t\t\t\t\t<\/div>\n\t\t\t\t<\/div>\n\t\t\t\t\t<\/div>\n\t\t<\/div>\n\t\t\t\t\t<\/div>\n\t\t<\/section>\n\t\t\t\t<\/div>\n\t\t","protected":false},"excerpt":{"rendered":"<p>Dans la capitale de Guin\u00e9e foresti\u00e8re ,malgr\u00e9 l&rsquo;insuffisance des moyens et des locaux peu commode, l&rsquo;Unit\u00e9 R\u00e9gionale de la Brigade Nationale de Lutte Contre la Criminalit\u00e9 des Esp\u00e8ces de Faune et de Flore Sauvages de N&rsquo;z\u00e9r\u00e9kor\u00e9, produit des r\u00e9sultats encourageant. Tel est le constat fait par la r\u00e9daction de votre site d&rsquo;information le www.lereveil224.info. En [&hellip;]<\/p>\n","protected":false},"author":123457,"featured_media":1060,"comment_status":"open","ping_status":"open","sticky":false,"template":"","format":"standard","meta":{"_acf_changed":false,"footnotes":""},"categories":[11,2],"tags":[],"class_list":["post-1059","post","type-post","status-publish","format-standard","has-post-thumbnail","hentry","category-actualite","category-politique"],"acf":[],"_links":{"self":[{"href":"https:\/\/lereveil224.info\/index.php\/wp-json\/wp\/v2\/posts\/1059","targetHints":{"allow":["GET"]}}],"collection":[{"href":"https:\/\/lereveil224.info\/index.php\/wp-json\/wp\/v2\/posts"}],"about":[{"href":"https:\/\/lereveil224.info\/index.php\/wp-json\/wp\/v2\/types\/post"}],"author":[{"embeddable":true,"href":"https:\/\/lereveil224.info\/index.php\/wp-json\/wp\/v2\/users\/123457"}],"replies":[{"embeddable":true,"href":"https:\/\/lereveil224.info\/index.php\/wp-json\/wp\/v2\/comments?post=1059"}],"version-history":[{"count":7,"href":"https:\/\/lereveil224.info\/index.php\/wp-json\/wp\/v2\/posts\/1059\/revisions"}],"predecessor-version":[{"id":1068,"href":"https:\/\/lereveil224.info\/index.php\/wp-json\/wp\/v2\/posts\/1059\/revisions\/1068"}],"wp:featuredmedia":[{"embeddable":true,"href":"https:\/\/lereveil224.info\/index.php\/wp-json\/wp\/v2\/media\/1060"}],"wp:attachment":[{"href":"https:\/\/lereveil224.info\/index.php\/wp-json\/wp\/v2\/media?parent=1059"}],"wp:term":[{"taxonomy":"category","embeddable":true,"href":"https:\/\/lereveil224.info\/index.php\/wp-json\/wp\/v2\/categories?post=1059"},{"taxonomy":"post_tag","embeddable":true,"href":"https:\/\/lereveil224.info\/index.php\/wp-json\/wp\/v2\/tags?post=1059"}],"curies":[{"name":"wp","href":"https:\/\/api.w.org\/{rel}","templated":true}]}}