{"id":10463,"date":"2026-01-27T10:01:06","date_gmt":"2026-01-27T10:01:06","guid":{"rendered":"https:\/\/lereveil224.info\/?p=10463"},"modified":"2026-01-27T10:01:08","modified_gmt":"2026-01-27T10:01:08","slug":"visite-du-premier-ministre-senegalais-au-maroc-diplomatie-discrete-autour-du-dossier-des-supporters-detenus","status":"publish","type":"post","link":"https:\/\/lereveil224.info\/index.php\/2026\/01\/27\/visite-du-premier-ministre-senegalais-au-maroc-diplomatie-discrete-autour-du-dossier-des-supporters-detenus\/","title":{"rendered":"Visite du Premier ministre s\u00e9n\u00e9galais au Maroc : diplomatie discr\u00e8te autour du dossier des supporters d\u00e9tenus"},"content":{"rendered":"\n<p>La r\u00e9cente visite du Premier ministre s\u00e9n\u00e9galais, Ousmane Sonko, au Maroc s\u2019inscrit dans un contexte particulier, marqu\u00e9 par les tensions n\u00e9es \u00e0 la suite de la finale de la Coupe d\u2019Afrique des Nations 2025. Officiellement annonc\u00e9e comme une mission diplomatique entrant dans le cadre de la coop\u00e9ration bilat\u00e9rale entre Dakar et Rabat, cette visite intervient alors que 18 supporters s\u00e9n\u00e9galais restent d\u00e9tenus au Maroc apr\u00e8s des incidents survenus lors de cet \u00e9v\u00e9nement sportif majeur.<\/p>\n\n\n\n<p>Arr\u00eat\u00e9s pour des faits qualifi\u00e9s de troubles \u00e0 l\u2019ordre public, ces supporters font l\u2019objet de proc\u00e9dures judiciaires engag\u00e9es par les autorit\u00e9s marocaines. Plusieurs observateurs et acteurs de la soci\u00e9t\u00e9 civile s\u00e9n\u00e9galaise ont toutefois soulev\u00e9 des interrogations sur les conditions de leur arrestation et de leur jugement, appelant \u00e0 une issue apais\u00e9e et respectueuse des droits des personnes concern\u00e9es.<\/p>\n\n\n\n<p>Si aucune d\u00e9claration officielle n\u2019a confirm\u00e9 que la lib\u00e9ration des supporters constituait l\u2019unique objet du d\u00e9placement d\u2019Ousmane Sonko, le sujet s\u2019est impos\u00e9 comme un dossier sensible au c\u0153ur des \u00e9changes. Le Premier ministre s\u00e9n\u00e9galais a, de son c\u00f4t\u00e9, insist\u00e9 sur la n\u00e9cessit\u00e9 de d\u00e9passer les \u00ab exc\u00e8s \u00e9motionnels li\u00e9s \u00e0 la ferveur sportive \u00bb, soulignant que ces incidents ne sauraient remettre en cause la solidit\u00e9 des relations historiques entre le S\u00e9n\u00e9gal et le Maroc.<\/p>\n\n\n\n<p>Cette d\u00e9marche s\u2019inscrit dans une tradition de diplomatie prudente et constructive entre les deux pays, souvent cit\u00e9s en exemple pour la qualit\u00e9 de leur coop\u00e9ration politique, \u00e9conomique et culturelle. Aucune r\u00e9action officielle sp\u00e9cifique des autorit\u00e9s marocaines n\u2019a, pour l\u2019heure, \u00e9t\u00e9 rendue publique concernant le sort des supporters d\u00e9tenus, laissant place \u00e0 des discussions men\u00e9es loin de l\u2019agitation m\u00e9diatique.<\/p>\n\n\n\n<p>Dans un contexte r\u00e9gional o\u00f9 les tensions peuvent rapidement s\u2019amplifier, Dakar et Rabat semblent privil\u00e9gier la voie du dialogue discret, avec l\u2019objectif affich\u00e9 de pr\u00e9server la fraternit\u00e9 entre les peuples et de trouver une solution sans heurt \u00e0 un dossier devenu hautement symbolique.<\/p>\n\n\n\n<p><strong>Mamadouba CAMARA pour lereveil224.info<\/strong><\/p>\n","protected":false},"excerpt":{"rendered":"<p>La r\u00e9cente visite du Premier ministre s\u00e9n\u00e9galais, Ousmane Sonko, au Maroc s\u2019inscrit dans un contexte particulier, marqu\u00e9 par les tensions n\u00e9es \u00e0 la suite de la finale de la Coupe d\u2019Afrique des Nations 2025. Officiellement annonc\u00e9e comme une mission diplomatique entrant dans le cadre de la coop\u00e9ration bilat\u00e9rale entre Dakar et Rabat, cette visite intervient [&hellip;]<\/p>\n","protected":false},"author":123458,"featured_media":10465,"comment_status":"open","ping_status":"open","sticky":false,"template":"","format":"standard","meta":{"_acf_changed":false,"footnotes":""},"categories":[11,29,9],"tags":[],"class_list":["post-10463","post","type-post","status-publish","format-standard","has-post-thumbnail","hentry","category-actualite","category-continentale","category-sport"],"acf":[],"_links":{"self":[{"href":"https:\/\/lereveil224.info\/index.php\/wp-json\/wp\/v2\/posts\/10463","targetHints":{"allow":["GET"]}}],"collection":[{"href":"https:\/\/lereveil224.info\/index.php\/wp-json\/wp\/v2\/posts"}],"about":[{"href":"https:\/\/lereveil224.info\/index.php\/wp-json\/wp\/v2\/types\/post"}],"author":[{"embeddable":true,"href":"https:\/\/lereveil224.info\/index.php\/wp-json\/wp\/v2\/users\/123458"}],"replies":[{"embeddable":true,"href":"https:\/\/lereveil224.info\/index.php\/wp-json\/wp\/v2\/comments?post=10463"}],"version-history":[{"count":1,"href":"https:\/\/lereveil224.info\/index.php\/wp-json\/wp\/v2\/posts\/10463\/revisions"}],"predecessor-version":[{"id":10464,"href":"https:\/\/lereveil224.info\/index.php\/wp-json\/wp\/v2\/posts\/10463\/revisions\/10464"}],"wp:featuredmedia":[{"embeddable":true,"href":"https:\/\/lereveil224.info\/index.php\/wp-json\/wp\/v2\/media\/10465"}],"wp:attachment":[{"href":"https:\/\/lereveil224.info\/index.php\/wp-json\/wp\/v2\/media?parent=10463"}],"wp:term":[{"taxonomy":"category","embeddable":true,"href":"https:\/\/lereveil224.info\/index.php\/wp-json\/wp\/v2\/categories?post=10463"},{"taxonomy":"post_tag","embeddable":true,"href":"https:\/\/lereveil224.info\/index.php\/wp-json\/wp\/v2\/tags?post=10463"}],"curies":[{"name":"wp","href":"https:\/\/api.w.org\/{rel}","templated":true}]}}