{"id":10460,"date":"2026-01-27T09:36:56","date_gmt":"2026-01-27T09:36:56","guid":{"rendered":"https:\/\/lereveil224.info\/?p=10460"},"modified":"2026-01-27T09:36:59","modified_gmt":"2026-01-27T09:36:59","slug":"jonas-savimbi-itineraire-dun-guerillero-quand-lambition-plonge-langola-dans-trois-decennies-de-guerre","status":"publish","type":"post","link":"https:\/\/lereveil224.info\/index.php\/2026\/01\/27\/jonas-savimbi-itineraire-dun-guerillero-quand-lambition-plonge-langola-dans-trois-decennies-de-guerre\/","title":{"rendered":"Jonas Savimbi, itin\u00e9raire d\u2019un gu\u00e9rillero : quand l\u2019ambition plonge l\u2019Angola dans trois d\u00e9cennies de guerre"},"content":{"rendered":"\n<p>L\u2019histoire contemporaine de l\u2019Angola ne peut \u00eatre racont\u00e9e sans \u00e9voquer Jonas Malheiro Savimbi, figure centrale et controvers\u00e9e de la longue guerre civile qui a meurtri ce pays d\u2019Afrique australe pendant pr\u00e8s de trente ans. Pour certains, il fut un combattant charismatique de la libert\u00e9. Pour d\u2019autres, il reste l\u2019homme qui a sacrifi\u00e9 une nation enti\u00e8re sur l\u2019autel de l\u2019ambition personnelle et du pouvoir absolu.<\/p>\n\n\n\n<p>N\u00e9 le 3 ao\u00fbt 1934 en Angola, Jonas Savimbi grandit dans un environnement religieux. Son p\u00e8re \u00e9tait pasteur au sein des communaut\u00e9s protestantes IECA, et c\u2019est dans les \u00e9coles de cette \u00e9glise qu\u2019il effectue ses \u00e9tudes primaires. \u00c9l\u00e8ve brillant et disciplin\u00e9, il poursuit son parcours scolaire dans une \u00e9cole catholique \u00e0 Huambo, les dipl\u00f4mes catholiques \u00e9tant \u00e0 l\u2019\u00e9poque les plus reconnus par l\u2019administration coloniale portugaise.<\/p>\n\n\n\n<p>Gr\u00e2ce \u00e0 ses excellents r\u00e9sultats, Savimbi obtient une bourse d\u2019\u00e9tudes am\u00e9ricaine pour poursuivre des \u00e9tudes sup\u00e9rieures \u00e0 Lisbonne, au Portugal. Initialement destin\u00e9 \u00e0 \u00e9tudier la m\u00e9decine, son destin bascule au contact d\u2019autres \u00e9tudiants angolais engag\u00e9s dans la r\u00e9flexion politique et la lutte anticoloniale. Ensemble, ils discutent de l\u2019ind\u00e9pendance de l\u2019Angola et envisagent la cr\u00e9ation d\u2019un mouvement de lib\u00e9ration. D\u00e9couvert par les autorit\u00e9s portugaises, le groupe est traqu\u00e9. Savimbi parvient \u00e0 s\u2019enfuir et trouve refuge en Suisse.<\/p>\n\n\n\n<p>\u00c0 Lausanne, un tournant d\u00e9cisif s\u2019op\u00e8re. Jonas Savimbi abandonne la m\u00e9decine et se consacre pleinement \u00e0 la politique. Il \u00e9tudie les sciences politiques et obtient une licence, nourrissant d\u00e9sormais une ambition claire : jouer un r\u00f4le majeur dans l\u2019avenir de son pays. Dans la continuit\u00e9 de cette trajectoire, il se rend en Chine populaire o\u00f9 il re\u00e7oit une formation politique et militaire, inspir\u00e9e des m\u00e9thodes r\u00e9volutionnaires de Mao Zedong.<\/p>\n\n\n\n<p>De retour en Angola, Savimbi fonde l\u2019UNITA, l\u2019Union nationale pour l\u2019ind\u00e9pendance totale de l\u2019Angola, un mouvement qui s\u2019impose rapidement comme le principal rival du MPLA. Le 11 novembre 1975, lorsque l\u2019Angola acc\u00e8de \u00e0 l\u2019ind\u00e9pendance, le pouvoir revient au MPLA, soutenu par l\u2019Union sovi\u00e9tique et Cuba. Savimbi refuse cette issue et engage le pays dans une guerre civile d\u2019une violence extr\u00eame.<\/p>\n\n\n\n<p>Soutenu tour \u00e0 tour par les \u00c9tats-Unis, la France et le r\u00e9gime de l\u2019Apartheid sud-africain, Savimbi contr\u00f4le plusieurs r\u00e9gions du pays et installe en 1979 son quartier g\u00e9n\u00e9ral \u00e0 Jamba, une ville cr\u00e9\u00e9e par l\u2019UNITA. Dans ces zones, un r\u00e9gime autoritaire s\u2019impose, accompagn\u00e9 d\u2019un v\u00e9ritable culte de la personnalit\u00e9 autour du chef rebelle. La population vit sous contr\u00f4le strict, tandis que la guerre continue de d\u00e9vaster l\u2019\u00e9conomie, l\u2019\u00e9ducation et les infrastructures.<\/p>\n\n\n\n<p>En 1991, un accord de paix ouvre la voie \u00e0 des \u00e9lections d\u00e9mocratiques. Battu dans les urnes, Savimbi rejette les r\u00e9sultats et reprend les armes d\u00e8s 1992, replongeant l\u2019Angola dans le chaos. Mais le contexte international change. La fin de la guerre froide, la chute de l\u2019Apartheid et l\u2019isolement progressif de ses soutiens affaiblissent consid\u00e9rablement l\u2019UNITA.<\/p>\n\n\n\n<p>En 1995, le gouvernement angolais propose \u00e0 Savimbi le poste de vice-pr\u00e9sident dans le cadre d\u2019un nouvel accord de paix. Il refuse, ne visant qu\u2019une seule chose : la pr\u00e9sidence. Cette obstination scellera son destin. Le 22 f\u00e9vrier 2002, il est tu\u00e9 lors d\u2019une offensive des forces gouvernementales, touch\u00e9 par quinze balles aux c\u00f4t\u00e9s de plusieurs de ses gardes du corps. Il avait 67 ans.<\/p>\n\n\n\n<p>Avec sa mort, la guerre civile prend fin. L\u2019Angola peut enfin entamer un lent processus de reconstruction. Mais le pays sort profond\u00e9ment marqu\u00e9, avec un retard consid\u00e9rable dans l\u2019\u00e9ducation, la technologie et le d\u00e9veloppement humain.<\/p>\n\n\n\n<p>L\u2019histoire de Jonas Savimbi pose une question essentielle \u00e0 l\u2019Afrique et au monde : jusqu\u2019o\u00f9 peut mener la soif du pouvoir lorsqu\u2019elle \u00e9crase le choix de la paix ? \u00c0 chacun d\u2019en tirer les le\u00e7ons, pour que plus jamais l\u2019ambition d\u2019un seul ne condamne l\u2019avenir de tout un peuple.<\/p>\n\n\n\n<p><strong>Mamadouba CAMARA pour lereveil224.info<\/strong><\/p>\n","protected":false},"excerpt":{"rendered":"<p>L\u2019histoire contemporaine de l\u2019Angola ne peut \u00eatre racont\u00e9e sans \u00e9voquer Jonas Malheiro Savimbi, figure centrale et controvers\u00e9e de la longue guerre civile qui a meurtri ce pays d\u2019Afrique australe pendant pr\u00e8s de trente ans. Pour certains, il fut un combattant charismatique de la libert\u00e9. Pour d\u2019autres, il reste l\u2019homme qui a sacrifi\u00e9 une nation enti\u00e8re [&hellip;]<\/p>\n","protected":false},"author":123458,"featured_media":10462,"comment_status":"open","ping_status":"open","sticky":false,"template":"","format":"standard","meta":{"_acf_changed":false,"footnotes":""},"categories":[11,29,2],"tags":[],"class_list":["post-10460","post","type-post","status-publish","format-standard","has-post-thumbnail","hentry","category-actualite","category-continentale","category-politique"],"acf":[],"_links":{"self":[{"href":"https:\/\/lereveil224.info\/index.php\/wp-json\/wp\/v2\/posts\/10460","targetHints":{"allow":["GET"]}}],"collection":[{"href":"https:\/\/lereveil224.info\/index.php\/wp-json\/wp\/v2\/posts"}],"about":[{"href":"https:\/\/lereveil224.info\/index.php\/wp-json\/wp\/v2\/types\/post"}],"author":[{"embeddable":true,"href":"https:\/\/lereveil224.info\/index.php\/wp-json\/wp\/v2\/users\/123458"}],"replies":[{"embeddable":true,"href":"https:\/\/lereveil224.info\/index.php\/wp-json\/wp\/v2\/comments?post=10460"}],"version-history":[{"count":1,"href":"https:\/\/lereveil224.info\/index.php\/wp-json\/wp\/v2\/posts\/10460\/revisions"}],"predecessor-version":[{"id":10461,"href":"https:\/\/lereveil224.info\/index.php\/wp-json\/wp\/v2\/posts\/10460\/revisions\/10461"}],"wp:featuredmedia":[{"embeddable":true,"href":"https:\/\/lereveil224.info\/index.php\/wp-json\/wp\/v2\/media\/10462"}],"wp:attachment":[{"href":"https:\/\/lereveil224.info\/index.php\/wp-json\/wp\/v2\/media?parent=10460"}],"wp:term":[{"taxonomy":"category","embeddable":true,"href":"https:\/\/lereveil224.info\/index.php\/wp-json\/wp\/v2\/categories?post=10460"},{"taxonomy":"post_tag","embeddable":true,"href":"https:\/\/lereveil224.info\/index.php\/wp-json\/wp\/v2\/tags?post=10460"}],"curies":[{"name":"wp","href":"https:\/\/api.w.org\/{rel}","templated":true}]}}