{"id":10457,"date":"2026-01-26T23:20:00","date_gmt":"2026-01-26T23:20:00","guid":{"rendered":"https:\/\/lereveil224.info\/?p=10457"},"modified":"2026-01-26T23:20:02","modified_gmt":"2026-01-26T23:20:02","slug":"guinee-mamadi-doumbouya-redessine-larchitecture-gouvernementale-pour-plus-defficacite-de-letat","status":"publish","type":"post","link":"https:\/\/lereveil224.info\/index.php\/2026\/01\/26\/guinee-mamadi-doumbouya-redessine-larchitecture-gouvernementale-pour-plus-defficacite-de-letat\/","title":{"rendered":"Guin\u00e9e : Mamadi Doumbouya redessine l\u2019architecture gouvernementale pour plus d\u2019efficacit\u00e9 de l\u2019\u00c9tat"},"content":{"rendered":"\n<p>Par d\u00e9cret lu \u00e0 la t\u00e9l\u00e9vision nationale ce lundi 26 janvier 2026, le pr\u00e9sident de la R\u00e9publique, le g\u00e9n\u00e9ral Mamadi Doumbouya, a proc\u00e9d\u00e9 \u00e0 une nouvelle structuration du gouvernement guin\u00e9en. Cette r\u00e9organisation institutionnelle marque une \u00e9tape importante dans la consolidation de l\u2019action publique et traduit la volont\u00e9 des autorit\u00e9s de renforcer l\u2019efficacit\u00e9, la coh\u00e9rence et la lisibilit\u00e9 de l\u2019appareil d\u2019\u00c9tat.<\/p>\n\n\n\n<p>\u00c0 la t\u00eate du gouvernement, Bah Oury est reconduit au poste de Premier ministre, confirmant ainsi la confiance du chef de l\u2019\u00c9tat dans son leadership et dans la continuit\u00e9 de l\u2019action gouvernementale. La nouvelle \u00e9quipe gouvernementale est d\u00e9sormais compos\u00e9e de 29 d\u00e9partements minist\u00e9riels, fruit de regroupements strat\u00e9giques et de r\u00e9ajustements sectoriels destin\u00e9s \u00e0 mieux r\u00e9pondre aux priorit\u00e9s nationales.<\/p>\n\n\n\n<p>Cette restructuration s\u2019inscrit dans une dynamique de rationalisation de l\u2019administration publique. Elle vise \u00e0 r\u00e9duire les chevauchements de comp\u00e9tences, \u00e0 am\u00e9liorer la coordination entre les diff\u00e9rents secteurs et \u00e0 renforcer l\u2019impact des politiques publiques sur le d\u00e9veloppement \u00e9conomique et social du pays. Les minist\u00e8res r\u00e9galiens conservent une place centrale dans cette nouvelle architecture, notamment la Justice et les Droits de l\u2019Homme, la D\u00e9fense nationale, la S\u00e9curit\u00e9 et la Protection civile, ainsi que l\u2019Administration du territoire et la D\u00e9centralisation, piliers de la stabilit\u00e9 institutionnelle et de la gouvernance territoriale.<\/p>\n\n\n\n<p>Sur le plan \u00e9conomique, le pr\u00e9sident de la R\u00e9publique mise sur une organisation renforc\u00e9e autour des leviers de croissance. Le Minist\u00e8re de l\u2019\u00c9conomie, des Finances et du Budget, celui du Plan, de la Coop\u00e9ration internationale et du D\u00e9veloppement, ainsi que les d\u00e9partements des Mines et de la G\u00e9ologie, de l\u2019Agriculture, de l\u2019\u00c9levage et de la P\u00eache et de l\u2019\u00c9conomie maritime constituent l\u2019ossature de la strat\u00e9gie \u00e9conomique nationale. L\u2019objectif est d\u2019optimiser la gestion des ressources, de soutenir la transformation locale et de cr\u00e9er davantage d\u2019emplois durables.<\/p>\n\n\n\n<p>Le capital humain demeure \u00e9galement au c\u0153ur de cette nouvelle structuration. Les minist\u00e8res en charge de l\u2019\u00c9ducation nationale, de l\u2019Enseignement sup\u00e9rieur et de la Recherche scientifique, de la Sant\u00e9 et de l\u2019Hygi\u00e8ne publique, de la Femme, de la Famille et de la Solidarit\u00e9, ainsi que de la Jeunesse et des Sports sont appel\u00e9s \u00e0 jouer un r\u00f4le d\u00e9terminant dans l\u2019am\u00e9lioration des conditions de vie des populations et la pr\u00e9paration de la jeunesse aux d\u00e9fis de demain.<\/p>\n\n\n\n<p>Par ailleurs, l\u2019accent mis sur la modernisation de l\u2019\u00c9tat et l\u2019innovation traduit une volont\u00e9 d\u2019adapter l\u2019administration guin\u00e9enne aux exigences contemporaines. Le Minist\u00e8re de la Modernisation de l\u2019Administration et de la Fonction publique, de m\u00eame que celui de la Communication, de l\u2019\u00c9conomie num\u00e9rique et de l\u2019Innovation, incarnent cette ambition de b\u00e2tir une administration plus performante, plus transparente et r\u00e9solument tourn\u00e9e vers le num\u00e9rique.<\/p>\n\n\n\n<p>Enfin, les questions li\u00e9es \u00e0 l\u2019environnement, \u00e0 l\u2019\u00e9nergie, \u00e0 l\u2019assainissement, \u00e0 l\u2019hydraulique, \u00e0 l\u2019urbanisme et \u00e0 l\u2019am\u00e9nagement du territoire occupent une place strat\u00e9gique dans cette nouvelle organisation gouvernementale, t\u00e9moignant d\u2019une prise de conscience accrue des enjeux de d\u00e9veloppement durable et de planification urbaine.<\/p>\n\n\n\n<p>\u00c0 travers cette restructuration gouvernementale, le pr\u00e9sident Mamadi Doumbouya affiche une volont\u00e9 claire de doter la Guin\u00e9e d\u2019un \u00c9tat plus efficace, mieux organis\u00e9 et capable de r\u00e9pondre aux attentes des citoyens, dans une logique de gouvernance responsable et orient\u00e9e vers les r\u00e9sultats.<\/p>\n\n\n\n<p><strong>Mamadouba CAMARA pour lereveil224.info<\/strong><\/p>\n","protected":false},"excerpt":{"rendered":"<p>Par d\u00e9cret lu \u00e0 la t\u00e9l\u00e9vision nationale ce lundi 26 janvier 2026, le pr\u00e9sident de la R\u00e9publique, le g\u00e9n\u00e9ral Mamadi Doumbouya, a proc\u00e9d\u00e9 \u00e0 une nouvelle structuration du gouvernement guin\u00e9en. Cette r\u00e9organisation institutionnelle marque une \u00e9tape importante dans la consolidation de l\u2019action publique et traduit la volont\u00e9 des autorit\u00e9s de renforcer l\u2019efficacit\u00e9, la coh\u00e9rence et [&hellip;]<\/p>\n","protected":false},"author":123458,"featured_media":10459,"comment_status":"open","ping_status":"open","sticky":false,"template":"","format":"standard","meta":{"_acf_changed":false,"footnotes":""},"categories":[11,59,2],"tags":[],"class_list":["post-10457","post","type-post","status-publish","format-standard","has-post-thumbnail","hentry","category-actualite","category-nationale","category-politique"],"acf":[],"_links":{"self":[{"href":"https:\/\/lereveil224.info\/index.php\/wp-json\/wp\/v2\/posts\/10457","targetHints":{"allow":["GET"]}}],"collection":[{"href":"https:\/\/lereveil224.info\/index.php\/wp-json\/wp\/v2\/posts"}],"about":[{"href":"https:\/\/lereveil224.info\/index.php\/wp-json\/wp\/v2\/types\/post"}],"author":[{"embeddable":true,"href":"https:\/\/lereveil224.info\/index.php\/wp-json\/wp\/v2\/users\/123458"}],"replies":[{"embeddable":true,"href":"https:\/\/lereveil224.info\/index.php\/wp-json\/wp\/v2\/comments?post=10457"}],"version-history":[{"count":1,"href":"https:\/\/lereveil224.info\/index.php\/wp-json\/wp\/v2\/posts\/10457\/revisions"}],"predecessor-version":[{"id":10458,"href":"https:\/\/lereveil224.info\/index.php\/wp-json\/wp\/v2\/posts\/10457\/revisions\/10458"}],"wp:featuredmedia":[{"embeddable":true,"href":"https:\/\/lereveil224.info\/index.php\/wp-json\/wp\/v2\/media\/10459"}],"wp:attachment":[{"href":"https:\/\/lereveil224.info\/index.php\/wp-json\/wp\/v2\/media?parent=10457"}],"wp:term":[{"taxonomy":"category","embeddable":true,"href":"https:\/\/lereveil224.info\/index.php\/wp-json\/wp\/v2\/categories?post=10457"},{"taxonomy":"post_tag","embeddable":true,"href":"https:\/\/lereveil224.info\/index.php\/wp-json\/wp\/v2\/tags?post=10457"}],"curies":[{"name":"wp","href":"https:\/\/api.w.org\/{rel}","templated":true}]}}