{"id":10454,"date":"2026-01-26T22:56:14","date_gmt":"2026-01-26T22:56:14","guid":{"rendered":"https:\/\/lereveil224.info\/?p=10454"},"modified":"2026-01-26T22:58:44","modified_gmt":"2026-01-26T22:58:44","slug":"cinquieme-republique-mamadi-doumbouya-reconduit-amadou-oury-bah-a-la-tete-du-gouvernement","status":"publish","type":"post","link":"https:\/\/lereveil224.info\/index.php\/2026\/01\/26\/cinquieme-republique-mamadi-doumbouya-reconduit-amadou-oury-bah-a-la-tete-du-gouvernement\/","title":{"rendered":"Cinqui\u00e8me R\u00e9publique : Mamadi Doumbouya reconduit Amadou Oury Bah \u00e0 la t\u00eate du gouvernement"},"content":{"rendered":"\n<p>La Guin\u00e9e poursuit la mise en place de ses nouvelles institutions sous la Cinqui\u00e8me R\u00e9publique. Par d\u00e9cret rendu public ce lundi 26 janvier au journal t\u00e9l\u00e9vis\u00e9 de la RTG, le pr\u00e9sident de la R\u00e9publique, Mamadi Doumbouya, investi le 17 janvier 2026 \u00e0 l\u2019issue de la pr\u00e9sidentielle de d\u00e9cembre 2025, a reconduit Amadou Oury Bah au poste de Premier ministre, chef du gouvernement. Une d\u00e9cision qui s\u2019inscrit dans une logique de continuit\u00e9 et de stabilit\u00e9 au sommet de l\u2019ex\u00e9cutif.<\/p>\n\n\n\n<p>Cette nomination intervient quelques jours apr\u00e8s la d\u00e9mission collective du gouvernement, accept\u00e9e par le chef de l\u2019\u00c9tat dans le cadre des usages r\u00e9publicains li\u00e9s \u00e0 l\u2019ouverture d\u2019un nouveau cycle institutionnel. Dans la foul\u00e9e, Mamadi Doumbouya avait officiellement mis fin aux fonctions du gouvernement sortant, dirig\u00e9 par le m\u00eame Amadou Oury Bah, marquant ainsi la transition vers la Cinqui\u00e8me R\u00e9publique.<\/p>\n\n\n\n<p>En reconduisant son Premier ministre, le pr\u00e9sident de la R\u00e9publique r\u00e9affirme sa confiance en un homme d\u2019exp\u00e9rience, d\u00e9j\u00e0 au c\u0153ur de l\u2019action gouvernementale ces derni\u00e8res ann\u00e9es. Ce choix traduit la volont\u00e9 de maintenir une certaine coh\u00e9rence dans la conduite des affaires publiques, \u00e0 un moment o\u00f9 les attentes sociales, \u00e9conomiques et politiques restent fortes.<\/p>\n\n\n\n<p>D\u00e9sormais, tous les regards sont tourn\u00e9s vers la formation du prochain gouvernement, attendu pour donner une impulsion nouvelle \u00e0 l\u2019action publique. Entre continuit\u00e9 institutionnelle et exigences de r\u00e9formes, l\u2019ex\u00e9cutif devra r\u00e9pondre aux priorit\u00e9s nationales et accompagner la Guin\u00e9e dans cette nouvelle phase de son histoire politique.<\/p>\n\n\n\n<p><strong>Mamadouba CAMARA pour lereveil224.info<\/strong><\/p>\n","protected":false},"excerpt":{"rendered":"<p>La Guin\u00e9e poursuit la mise en place de ses nouvelles institutions sous la Cinqui\u00e8me R\u00e9publique. Par d\u00e9cret rendu public ce lundi 26 janvier au journal t\u00e9l\u00e9vis\u00e9 de la RTG, le pr\u00e9sident de la R\u00e9publique, Mamadi Doumbouya, investi le 17 janvier 2026 \u00e0 l\u2019issue de la pr\u00e9sidentielle de d\u00e9cembre 2025, a reconduit Amadou Oury Bah au [&hellip;]<\/p>\n","protected":false},"author":123458,"featured_media":10456,"comment_status":"open","ping_status":"open","sticky":false,"template":"","format":"standard","meta":{"_acf_changed":false,"footnotes":""},"categories":[11,59,2],"tags":[],"class_list":["post-10454","post","type-post","status-publish","format-standard","has-post-thumbnail","hentry","category-actualite","category-nationale","category-politique"],"acf":[],"_links":{"self":[{"href":"https:\/\/lereveil224.info\/index.php\/wp-json\/wp\/v2\/posts\/10454","targetHints":{"allow":["GET"]}}],"collection":[{"href":"https:\/\/lereveil224.info\/index.php\/wp-json\/wp\/v2\/posts"}],"about":[{"href":"https:\/\/lereveil224.info\/index.php\/wp-json\/wp\/v2\/types\/post"}],"author":[{"embeddable":true,"href":"https:\/\/lereveil224.info\/index.php\/wp-json\/wp\/v2\/users\/123458"}],"replies":[{"embeddable":true,"href":"https:\/\/lereveil224.info\/index.php\/wp-json\/wp\/v2\/comments?post=10454"}],"version-history":[{"count":1,"href":"https:\/\/lereveil224.info\/index.php\/wp-json\/wp\/v2\/posts\/10454\/revisions"}],"predecessor-version":[{"id":10455,"href":"https:\/\/lereveil224.info\/index.php\/wp-json\/wp\/v2\/posts\/10454\/revisions\/10455"}],"wp:featuredmedia":[{"embeddable":true,"href":"https:\/\/lereveil224.info\/index.php\/wp-json\/wp\/v2\/media\/10456"}],"wp:attachment":[{"href":"https:\/\/lereveil224.info\/index.php\/wp-json\/wp\/v2\/media?parent=10454"}],"wp:term":[{"taxonomy":"category","embeddable":true,"href":"https:\/\/lereveil224.info\/index.php\/wp-json\/wp\/v2\/categories?post=10454"},{"taxonomy":"post_tag","embeddable":true,"href":"https:\/\/lereveil224.info\/index.php\/wp-json\/wp\/v2\/tags?post=10454"}],"curies":[{"name":"wp","href":"https:\/\/api.w.org\/{rel}","templated":true}]}}