{"id":1045,"date":"2023-04-12T10:48:28","date_gmt":"2023-04-12T10:48:28","guid":{"rendered":"https:\/\/lereveil224.info\/?p=1045"},"modified":"2023-04-12T10:57:58","modified_gmt":"2023-04-12T10:57:58","slug":"nzerekore-le-gouverneur-lamine-keita-homonyse","status":"publish","type":"post","link":"https:\/\/lereveil224.info\/index.php\/2023\/04\/12\/nzerekore-le-gouverneur-lamine-keita-homonyse\/","title":{"rendered":"N&rsquo;Z\u00e9r\u00e9kor\u00e9: Le Gouverneur Lamine Keita, Homonys\u00e9"},"content":{"rendered":"\t\t<div data-elementor-type=\"wp-post\" data-elementor-id=\"1045\" class=\"elementor elementor-1045\">\n\t\t\t\t\t\t<section class=\"elementor-section elementor-top-section elementor-element elementor-element-c7372c6 elementor-section-boxed elementor-section-height-default elementor-section-height-default\" data-id=\"c7372c6\" data-element_type=\"section\" data-e-type=\"section\">\n\t\t\t\t\t\t<div class=\"elementor-container elementor-column-gap-default\">\n\t\t\t\t\t<div class=\"elementor-column elementor-col-100 elementor-top-column elementor-element elementor-element-2256137\" data-id=\"2256137\" data-element_type=\"column\" data-e-type=\"column\">\n\t\t\t<div class=\"elementor-widget-wrap elementor-element-populated\">\n\t\t\t\t\t\t<div class=\"elementor-element elementor-element-10b68d2 elementor-widget elementor-widget-text-editor\" data-id=\"10b68d2\" data-element_type=\"widget\" data-e-type=\"widget\" data-widget_type=\"text-editor.default\">\n\t\t\t\t<div class=\"elementor-widget-container\">\n\t\t\t\t\t\t\t\t\t<p>C&rsquo;est une famille famille <strong>Bald\u00e9<\/strong>, originaire de la pr\u00e9fecture de <strong>Tougu\u00e9<\/strong>, r\u00e9sidente \u00e0 <strong>N&rsquo;Z\u00e9r\u00e9kor\u00e9<\/strong>, dans le quartier <strong>Gbangana<\/strong> qui a donn\u00e9 le pr\u00e9nom de leur enfant au contr\u00f4leur g\u00e9n\u00e9ral de police <strong>Lamine Keita<\/strong>, <strong>37\u00e8me Gouverneur<\/strong> de la R\u00e9gion Administrative de <strong>N&rsquo;Z\u00e9r\u00e9kor\u00e9<\/strong>.<\/p>\t\t\t\t\t\t\t\t<\/div>\n\t\t\t\t<\/div>\n\t\t\t\t<div class=\"elementor-element elementor-element-896528c elementor-widget elementor-widget-image\" data-id=\"896528c\" data-element_type=\"widget\" data-e-type=\"widget\" data-widget_type=\"image.default\">\n\t\t\t\t<div class=\"elementor-widget-container\">\n\t\t\t\t\t\t\t\t\t\t\t\t\t\t\t<img fetchpriority=\"high\" decoding=\"async\" width=\"720\" height=\"465\" src=\"https:\/\/lereveil224.info\/wp-content\/uploads\/2023\/04\/IMG_1681295910500_1.jpg\" class=\"attachment-large size-large wp-image-1046\" alt=\"\" srcset=\"https:\/\/lereveil224.info\/wp-content\/uploads\/2023\/04\/IMG_1681295910500_1.jpg 720w, https:\/\/lereveil224.info\/wp-content\/uploads\/2023\/04\/IMG_1681295910500_1-300x194.jpg 300w, https:\/\/lereveil224.info\/wp-content\/uploads\/2023\/04\/IMG_1681295910500_1-210x136.jpg 210w\" sizes=\"(max-width: 720px) 100vw, 720px\" \/>\t\t\t\t\t\t\t\t\t\t\t\t\t\t\t<\/div>\n\t\t\t\t<\/div>\n\t\t\t\t<div class=\"elementor-element elementor-element-1fb2157 elementor-widget elementor-widget-text-editor\" data-id=\"1fb2157\" data-element_type=\"widget\" data-e-type=\"widget\" data-widget_type=\"text-editor.default\">\n\t\t\t\t<div class=\"elementor-widget-container\">\n\t\t\t\t\t\t\t\t\t<p>En effet, c&rsquo;est l&rsquo;imam <strong>Elhadji Aly Cond\u00e9<\/strong>, imam de la mosqu\u00e9e Osdud 1, qui a prononc\u00e9 le pr\u00e9nom de l&rsquo;homonyme de<strong> Lamine Keita<\/strong>, qui seulement en 8 mois de gestion a conquis le c\u0153ur des citoyens de la r\u00e9gion. Et cela \u00e0 travers sa disponibilit\u00e9 mais aussi son sens tr\u00e8s social reconnu de tous et de toutes \u00e0 ce jour.<\/p><p><em>&lt;&lt;Cette action de la famille Bald\u00e9, est la concertation du sens humaniste de ce gouverneur. En moins d&rsquo;un an depuis sa prise de fonction \u00e0 N&rsquo;Z\u00e9r\u00e9kor\u00e9, tout le monde est unanime de son rapprochement avec les populations. Il est dans les mosqu\u00e9es et \u00e9glises mais aussi dans les fun\u00e9railles et mariages de <\/em><em>tout le monde sans distinction d&rsquo;ethnie et de religion. Malgr\u00e9 toutes ces charges administratives il est disponible pour tout le monde&gt;&gt;<\/em> dira le doyen <strong>Ousmane Barry<\/strong>.<\/p><p>A noter que le bapt\u00eame de <strong>Lamine Bald\u00e9<\/strong> s&rsquo;est tenu le samedi 18 mars 2023, dans la commune urbaine de <strong>N&rsquo;Z\u00e9r\u00e9kor\u00e9<\/strong> au quartier <strong>Gbangana.<\/strong><\/p>\t\t\t\t\t\t\t\t<\/div>\n\t\t\t\t<\/div>\n\t\t\t\t\t<\/div>\n\t\t<\/div>\n\t\t\t\t\t<\/div>\n\t\t<\/section>\n\t\t\t\t<\/div>\n\t\t","protected":false},"excerpt":{"rendered":"<p>C&rsquo;est une famille famille Bald\u00e9, originaire de la pr\u00e9fecture de Tougu\u00e9, r\u00e9sidente \u00e0 N&rsquo;Z\u00e9r\u00e9kor\u00e9, dans le quartier Gbangana qui a donn\u00e9 le pr\u00e9nom de leur enfant au contr\u00f4leur g\u00e9n\u00e9ral de police Lamine Keita, 37\u00e8me Gouverneur de la R\u00e9gion Administrative de N&rsquo;Z\u00e9r\u00e9kor\u00e9. En effet, c&rsquo;est l&rsquo;imam Elhadji Aly Cond\u00e9, imam de la mosqu\u00e9e Osdud 1, qui [&hellip;]<\/p>\n","protected":false},"author":123457,"featured_media":1047,"comment_status":"open","ping_status":"open","sticky":false,"template":"","format":"standard","meta":{"_acf_changed":false,"footnotes":""},"categories":[11],"tags":[],"class_list":["post-1045","post","type-post","status-publish","format-standard","has-post-thumbnail","hentry","category-actualite"],"acf":[],"_links":{"self":[{"href":"https:\/\/lereveil224.info\/index.php\/wp-json\/wp\/v2\/posts\/1045","targetHints":{"allow":["GET"]}}],"collection":[{"href":"https:\/\/lereveil224.info\/index.php\/wp-json\/wp\/v2\/posts"}],"about":[{"href":"https:\/\/lereveil224.info\/index.php\/wp-json\/wp\/v2\/types\/post"}],"author":[{"embeddable":true,"href":"https:\/\/lereveil224.info\/index.php\/wp-json\/wp\/v2\/users\/123457"}],"replies":[{"embeddable":true,"href":"https:\/\/lereveil224.info\/index.php\/wp-json\/wp\/v2\/comments?post=1045"}],"version-history":[{"count":4,"href":"https:\/\/lereveil224.info\/index.php\/wp-json\/wp\/v2\/posts\/1045\/revisions"}],"predecessor-version":[{"id":1051,"href":"https:\/\/lereveil224.info\/index.php\/wp-json\/wp\/v2\/posts\/1045\/revisions\/1051"}],"wp:featuredmedia":[{"embeddable":true,"href":"https:\/\/lereveil224.info\/index.php\/wp-json\/wp\/v2\/media\/1047"}],"wp:attachment":[{"href":"https:\/\/lereveil224.info\/index.php\/wp-json\/wp\/v2\/media?parent=1045"}],"wp:term":[{"taxonomy":"category","embeddable":true,"href":"https:\/\/lereveil224.info\/index.php\/wp-json\/wp\/v2\/categories?post=1045"},{"taxonomy":"post_tag","embeddable":true,"href":"https:\/\/lereveil224.info\/index.php\/wp-json\/wp\/v2\/tags?post=1045"}],"curies":[{"name":"wp","href":"https:\/\/api.w.org\/{rel}","templated":true}]}}