{"id":10445,"date":"2026-01-26T07:58:33","date_gmt":"2026-01-26T07:58:33","guid":{"rendered":"https:\/\/lereveil224.info\/?p=10445"},"modified":"2026-01-26T07:58:34","modified_gmt":"2026-01-26T07:58:34","slug":"retour-en-force-de-la-guinee-a-lunion-africaine-mamadi-doumbouya-attendu-au-sommet-daddis-abeba","status":"publish","type":"post","link":"https:\/\/lereveil224.info\/index.php\/2026\/01\/26\/retour-en-force-de-la-guinee-a-lunion-africaine-mamadi-doumbouya-attendu-au-sommet-daddis-abeba\/","title":{"rendered":"Retour en force de la Guin\u00e9e \u00e0 l\u2019Union africaine : Mamadi Doumbouya attendu au sommet d\u2019Addis-Abeba"},"content":{"rendered":"\n<p>La Guin\u00e9e signe un retour diplomatique majeur sur la sc\u00e8ne continentale. Le Pr\u00e9sident de la R\u00e9publique, le G\u00e9n\u00e9ral Mamadi Doumbouya, a \u00e9t\u00e9 officiellement convi\u00e9 au 39\u1d49 Sommet de l\u2019Union africaine (UA), pr\u00e9vu les 14 et 15 f\u00e9vrier 2026 \u00e0 Addis-Abeba, en \u00c9thiopie. Cette invitation, hautement symbolique, intervient au lendemain de la r\u00e9int\u00e9gration officielle de la Guin\u00e9e au sein de l\u2019organisation panafricaine, apr\u00e8s une p\u00e9riode de mise \u00e0 l\u2019\u00e9cart des instances d\u00e9cisionnelles.<\/p>\n\n\n\n<p>Pour Conakry, cette participation marque bien plus qu\u2019une simple pr\u00e9sence protocolaire. Elle consacre la normalisation progressive de la position guin\u00e9enne au sein de la communaut\u00e9 africaine et ouvre une nouvelle s\u00e9quence diplomatique, fond\u00e9e sur le dialogue, la coop\u00e9ration et la r\u00e9affirmation du r\u00f4le historique du pays dans la construction de l\u2019id\u00e9al panafricain. La Guin\u00e9e, rappelons-le, fut l\u2019un des \u00c9tats pionniers de l\u2019Afrique ind\u00e9pendante et un acteur cl\u00e9 dans la cr\u00e9ation de l\u2019Organisation de l\u2019unit\u00e9 africaine, anc\u00eatre de l\u2019actuelle UA.<\/p>\n\n\n\n<p>Le sommet de f\u00e9vrier 2026 se tiendra autour d\u2019un th\u00e8me strat\u00e9gique : l\u2019eau, consid\u00e9r\u00e9e comme une ressource vitale pour le d\u00e9veloppement durable du continent. Dans un contexte marqu\u00e9 par le changement climatique, la pression d\u00e9mographique et les in\u00e9galit\u00e9s d\u2019acc\u00e8s aux ressources naturelles, la question de l\u2019eau s\u2019impose comme un enjeu transversal, touchant \u00e0 la fois l\u2019agriculture, l\u2019\u00e9nergie, la sant\u00e9 et la stabilit\u00e9 sociale. La participation du Pr\u00e9sident Mamadi Doumbouya \u00e0 ces assises continentales offre \u00e0 la Guin\u00e9e l\u2019opportunit\u00e9 de faire entendre sa voix sur un sujet o\u00f9 elle dispose d\u2019atouts consid\u00e9rables.<\/p>\n\n\n\n<p>Surnomm\u00e9e le \u00ab ch\u00e2teau d\u2019eau de l\u2019Afrique de l\u2019Ouest \u00bb, la Guin\u00e9e abrite les sources de plusieurs grands fleuves de la sous-r\u00e9gion, dont le Niger, le S\u00e9n\u00e9gal et la Gambie. Cette richesse hydrique conf\u00e8re au pays une responsabilit\u00e9 particuli\u00e8re dans les d\u00e9bats sur la gestion durable de l\u2019eau, la coop\u00e9ration transfrontali\u00e8re et la pr\u00e9vention des conflits li\u00e9s aux ressources naturelles. \u00c0 Addis-Abeba, Conakry pourrait ainsi se positionner comme un acteur de solutions, en mettant en avant son potentiel hydrographique et \u00e9nerg\u00e9tique au service de l\u2019int\u00e9gration africaine.<\/p>\n\n\n\n<p>Sur le plan politique, l\u2019invitation adress\u00e9e au Chef de l\u2019\u00c9tat guin\u00e9en est \u00e9galement per\u00e7ue comme un signal d\u2019ouverture et de reconnaissance des efforts engag\u00e9s par les autorit\u00e9s de la transition. Elle traduit la volont\u00e9 de l\u2019Union africaine de r\u00e9engager la Guin\u00e9e dans les discussions de haut niveau et de l\u2019associer aux grandes orientations strat\u00e9giques du continent. Pour le Pr\u00e9sident Doumbouya, ce sommet sera l\u2019occasion de renforcer les relations bilat\u00e9rales avec ses homologues africains et de r\u00e9affirmer l\u2019engagement de la Guin\u00e9e en faveur d\u2019une Afrique souveraine, solidaire et tourn\u00e9e vers le d\u00e9veloppement.<\/p>\n\n\n\n<p>\u00c0 quelques semaines de l\u2019ouverture du sommet, les attentes sont fortes. Au-del\u00e0 des discours, les observateurs esp\u00e8rent que cette participation active de la Guin\u00e9e se traduira par des partenariats concrets et une implication durable dans les chantiers prioritaires de l\u2019Union africaine. Addis-Abeba pourrait ainsi marquer le d\u00e9but d\u2019un nouveau chapitre pour la diplomatie guin\u00e9enne, r\u00e9solument ancr\u00e9e dans la dynamique continentale.<\/p>\n\n\n\n<p><strong>Mamadouba CAMARA R\u00e9dac&rsquo;Chef <\/strong><\/p>\n","protected":false},"excerpt":{"rendered":"<p>La Guin\u00e9e signe un retour diplomatique majeur sur la sc\u00e8ne continentale. Le Pr\u00e9sident de la R\u00e9publique, le G\u00e9n\u00e9ral Mamadi Doumbouya, a \u00e9t\u00e9 officiellement convi\u00e9 au 39\u1d49 Sommet de l\u2019Union africaine (UA), pr\u00e9vu les 14 et 15 f\u00e9vrier 2026 \u00e0 Addis-Abeba, en \u00c9thiopie. Cette invitation, hautement symbolique, intervient au lendemain de la r\u00e9int\u00e9gration officielle de la [&hellip;]<\/p>\n","protected":false},"author":123458,"featured_media":10447,"comment_status":"open","ping_status":"open","sticky":false,"template":"","format":"standard","meta":{"_acf_changed":false,"footnotes":""},"categories":[11,29,59,2],"tags":[],"class_list":["post-10445","post","type-post","status-publish","format-standard","has-post-thumbnail","hentry","category-actualite","category-continentale","category-nationale","category-politique"],"acf":[],"_links":{"self":[{"href":"https:\/\/lereveil224.info\/index.php\/wp-json\/wp\/v2\/posts\/10445","targetHints":{"allow":["GET"]}}],"collection":[{"href":"https:\/\/lereveil224.info\/index.php\/wp-json\/wp\/v2\/posts"}],"about":[{"href":"https:\/\/lereveil224.info\/index.php\/wp-json\/wp\/v2\/types\/post"}],"author":[{"embeddable":true,"href":"https:\/\/lereveil224.info\/index.php\/wp-json\/wp\/v2\/users\/123458"}],"replies":[{"embeddable":true,"href":"https:\/\/lereveil224.info\/index.php\/wp-json\/wp\/v2\/comments?post=10445"}],"version-history":[{"count":1,"href":"https:\/\/lereveil224.info\/index.php\/wp-json\/wp\/v2\/posts\/10445\/revisions"}],"predecessor-version":[{"id":10446,"href":"https:\/\/lereveil224.info\/index.php\/wp-json\/wp\/v2\/posts\/10445\/revisions\/10446"}],"wp:featuredmedia":[{"embeddable":true,"href":"https:\/\/lereveil224.info\/index.php\/wp-json\/wp\/v2\/media\/10447"}],"wp:attachment":[{"href":"https:\/\/lereveil224.info\/index.php\/wp-json\/wp\/v2\/media?parent=10445"}],"wp:term":[{"taxonomy":"category","embeddable":true,"href":"https:\/\/lereveil224.info\/index.php\/wp-json\/wp\/v2\/categories?post=10445"},{"taxonomy":"post_tag","embeddable":true,"href":"https:\/\/lereveil224.info\/index.php\/wp-json\/wp\/v2\/tags?post=10445"}],"curies":[{"name":"wp","href":"https:\/\/api.w.org\/{rel}","templated":true}]}}