{"id":10441,"date":"2026-01-24T21:36:01","date_gmt":"2026-01-24T21:36:01","guid":{"rendered":"https:\/\/lereveil224.info\/?p=10441"},"modified":"2026-01-24T21:36:02","modified_gmt":"2026-01-24T21:36:02","slug":"reseaux-sociaux-emmanuel-macron-veut-fermer-lacces-aux-moins-de-15-ans-des-la-prochaine-rentree","status":"publish","type":"post","link":"https:\/\/lereveil224.info\/index.php\/2026\/01\/24\/reseaux-sociaux-emmanuel-macron-veut-fermer-lacces-aux-moins-de-15-ans-des-la-prochaine-rentree\/","title":{"rendered":"R\u00e9seaux sociaux : Emmanuel Macron veut fermer l\u2019acc\u00e8s aux moins de 15 ans d\u00e8s la prochaine rentr\u00e9e"},"content":{"rendered":"\n<p>Le pr\u00e9sident fran\u00e7ais Emmanuel Macron passe \u00e0 la vitesse sup\u00e9rieure sur la r\u00e9gulation des r\u00e9seaux sociaux. Face aux inqui\u00e9tudes croissantes li\u00e9es \u00e0 l\u2019exposition pr\u00e9coce des enfants aux plateformes num\u00e9riques, le chef de l\u2019\u00c9tat a annonc\u00e9 sa volont\u00e9 de faire entrer en vigueur, d\u00e8s la prochaine rentr\u00e9e scolaire, une interdiction d\u2019acc\u00e8s aux r\u00e9seaux sociaux pour les moins de 15 ans. Une mesure forte, assum\u00e9e, qui marque un tournant dans la politique num\u00e9rique fran\u00e7aise.<\/p>\n\n\n\n<p>Dans une vid\u00e9o diffus\u00e9e ce samedi 24 janvier 2026 par BFMTV, Emmanuel Macron a clairement affich\u00e9 son intention d\u2019acc\u00e9l\u00e9rer le processus l\u00e9gislatif. Pour y parvenir, il a demand\u00e9 au gouvernement d\u2019engager la \u00ab proc\u00e9dure acc\u00e9l\u00e9r\u00e9e \u00bb sur la proposition de loi port\u00e9e par le groupe Renaissance. Cette proc\u00e9dure permet de r\u00e9duire les d\u00e9lais d\u2019examen parlementaire afin d\u2019aboutir plus rapidement \u00e0 une adoption d\u00e9finitive du texte par l\u2019Assembl\u00e9e nationale et le S\u00e9nat.<\/p>\n\n\n\n<p>Pour le pr\u00e9sident fran\u00e7ais, le calendrier est clair et non n\u00e9gociable. \u00ab J\u2019ai demand\u00e9 au gouvernement d\u2019engager la proc\u00e9dure acc\u00e9l\u00e9r\u00e9e pour que \u00e7a puisse aller le plus vite possible, que \u00e7a puisse passer au S\u00e9nat. Ce que je veux faire, l\u2019engagement que j\u2019ai pris, c\u2019est que ce soit applicable \u00e0 la rentr\u00e9e prochaine \u00bb, a-t-il d\u00e9clar\u00e9. \u00c0 travers cette prise de position, Emmanuel Macron entend r\u00e9pondre \u00e0 une attente soci\u00e9tale de plus en plus forte, notamment de la part des parents, des \u00e9ducateurs et des professionnels de la sant\u00e9.<\/p>\n\n\n\n<p>Cette initiative s\u2019inscrit dans un contexte de pr\u00e9occupations croissantes autour des effets des r\u00e9seaux sociaux sur les mineurs. Addictions num\u00e9riques, cyberharc\u00e8lement, exposition \u00e0 des contenus violents ou inappropri\u00e9s, troubles de l\u2019attention et impact sur la sant\u00e9 mentale sont autant de risques r\u00e9guli\u00e8rement point\u00e9s du doigt par les experts. Le chef de l\u2019\u00c9tat consid\u00e8re d\u00e9sormais que l\u2019autor\u00e9gulation des plateformes ne suffit plus et que la puissance publique doit assumer un r\u00f4le plus ferme de protection des plus jeunes.<\/p>\n\n\n\n<p>La proposition de loi pr\u00e9voit ainsi de renforcer les m\u00e9canismes de contr\u00f4le de l\u2019\u00e2ge et d\u2019imposer aux plateformes une responsabilit\u00e9 accrue dans la v\u00e9rification de l\u2019identit\u00e9 des utilisateurs. En filigrane, c\u2019est tout le mod\u00e8le \u00e9conomique des r\u00e9seaux sociaux, souvent bas\u00e9 sur la captation de l\u2019attention d\u00e8s le plus jeune \u00e2ge, qui se retrouve questionn\u00e9. Une \u00e9volution qui ne manquera pas de susciter des d\u00e9bats, tant au Parlement que dans l\u2019opinion publique.<\/p>\n\n\n\n<p>Si certains saluent une d\u00e9cision courageuse et n\u00e9cessaire, d\u2019autres s\u2019interrogent d\u00e9j\u00e0 sur les modalit\u00e9s concr\u00e8tes de son application. Comment garantir une interdiction r\u00e9ellement efficace \u00e0 l\u2019\u00e8re des VPN et des comptes anonymes ? Quelle place pour l\u2019\u00e9ducation au num\u00e9rique, compl\u00e9ment indispensable \u00e0 toute mesure coercitive ? Autant de questions qui devraient nourrir les d\u00e9bats parlementaires dans les semaines \u00e0 venir.<\/p>\n\n\n\n<p>Quoi qu\u2019il en soit, Emmanuel Macron affiche sa d\u00e9termination \u00e0 agir vite. En faisant de cette r\u00e9forme un engagement personnel, il envoie un signal politique fort : celui d\u2019un \u00c9tat d\u00e9cid\u00e9 \u00e0 reprendre la main sur le num\u00e9rique pour prot\u00e9ger les enfants. Si le Parlement suit le rythme impos\u00e9 par l\u2019ex\u00e9cutif, la France pourrait ainsi devenir l\u2019un des premiers pays europ\u00e9ens \u00e0 interdire formellement l\u2019acc\u00e8s aux r\u00e9seaux sociaux aux moins de 15 ans, d\u00e8s la rentr\u00e9e scolaire prochaine.<\/p>\n\n\n\n<p><strong>Mamadouba CAMARA pour lereveil224.info<\/strong><\/p>\n","protected":false},"excerpt":{"rendered":"<p>Le pr\u00e9sident fran\u00e7ais Emmanuel Macron passe \u00e0 la vitesse sup\u00e9rieure sur la r\u00e9gulation des r\u00e9seaux sociaux. Face aux inqui\u00e9tudes croissantes li\u00e9es \u00e0 l\u2019exposition pr\u00e9coce des enfants aux plateformes num\u00e9riques, le chef de l\u2019\u00c9tat a annonc\u00e9 sa volont\u00e9 de faire entrer en vigueur, d\u00e8s la prochaine rentr\u00e9e scolaire, une interdiction d\u2019acc\u00e8s aux r\u00e9seaux sociaux pour les [&hellip;]<\/p>\n","protected":false},"author":123458,"featured_media":10443,"comment_status":"open","ping_status":"open","sticky":false,"template":"","format":"standard","meta":{"_acf_changed":false,"footnotes":""},"categories":[11,4,30],"tags":[],"class_list":["post-10441","post","type-post","status-publish","format-standard","has-post-thumbnail","hentry","category-actualite","category-education","category-international"],"acf":[],"_links":{"self":[{"href":"https:\/\/lereveil224.info\/index.php\/wp-json\/wp\/v2\/posts\/10441","targetHints":{"allow":["GET"]}}],"collection":[{"href":"https:\/\/lereveil224.info\/index.php\/wp-json\/wp\/v2\/posts"}],"about":[{"href":"https:\/\/lereveil224.info\/index.php\/wp-json\/wp\/v2\/types\/post"}],"author":[{"embeddable":true,"href":"https:\/\/lereveil224.info\/index.php\/wp-json\/wp\/v2\/users\/123458"}],"replies":[{"embeddable":true,"href":"https:\/\/lereveil224.info\/index.php\/wp-json\/wp\/v2\/comments?post=10441"}],"version-history":[{"count":1,"href":"https:\/\/lereveil224.info\/index.php\/wp-json\/wp\/v2\/posts\/10441\/revisions"}],"predecessor-version":[{"id":10442,"href":"https:\/\/lereveil224.info\/index.php\/wp-json\/wp\/v2\/posts\/10441\/revisions\/10442"}],"wp:featuredmedia":[{"embeddable":true,"href":"https:\/\/lereveil224.info\/index.php\/wp-json\/wp\/v2\/media\/10443"}],"wp:attachment":[{"href":"https:\/\/lereveil224.info\/index.php\/wp-json\/wp\/v2\/media?parent=10441"}],"wp:term":[{"taxonomy":"category","embeddable":true,"href":"https:\/\/lereveil224.info\/index.php\/wp-json\/wp\/v2\/categories?post=10441"},{"taxonomy":"post_tag","embeddable":true,"href":"https:\/\/lereveil224.info\/index.php\/wp-json\/wp\/v2\/tags?post=10441"}],"curies":[{"name":"wp","href":"https:\/\/api.w.org\/{rel}","templated":true}]}}