{"id":10438,"date":"2026-01-24T19:50:19","date_gmt":"2026-01-24T19:50:19","guid":{"rendered":"https:\/\/lereveil224.info\/?p=10438"},"modified":"2026-01-24T19:50:19","modified_gmt":"2026-01-24T19:50:19","slug":"guinee-union-africaine-le-retour-assume-dun-pilier-du-panafricanisme","status":"publish","type":"post","link":"https:\/\/lereveil224.info\/index.php\/2026\/01\/24\/guinee-union-africaine-le-retour-assume-dun-pilier-du-panafricanisme\/","title":{"rendered":"Guin\u00e9e\u2013Union africaine : le retour assum\u00e9 d\u2019un pilier du panafricanisme"},"content":{"rendered":"\n<p>Longtemps rel\u00e9gu\u00e9e \u00e0 la p\u00e9riph\u00e9rie des grandes d\u00e9cisions continentales, la Guin\u00e9e signe aujourd\u2019hui un retour officiel et assum\u00e9 au sein des instances de l\u2019Union africaine (UA). Un retour qui d\u00e9passe le simple cadre protocolaire pour s\u2019inscrire dans une dynamique plus profonde : celle de la reconqu\u00eate d\u2019une place historique, l\u00e9gitime et strat\u00e9gique au c\u0153ur de l\u2019Afrique institutionnelle. \u00c0 Addis-Abeba, ce repositionnement a \u00e9t\u00e9 port\u00e9 avec force par le Dr Morissanda Kouyat\u00e9, ancien ministre des Affaires \u00e9trang\u00e8res, qui a rappel\u00e9 avec solennit\u00e9 que la Guin\u00e9e n\u2019est pas un acteur ordinaire de l\u2019UA, mais l\u2019un des berceaux de l\u2019id\u00e9al panafricain.<\/p>\n\n\n\n<p>Pour Conakry, reprendre son si\u00e8ge \u00e0 l\u2019Union africaine, c\u2019est d\u2019abord renouer avec son histoire. L\u2019organisation continentale porte en elle l\u2019empreinte ind\u00e9l\u00e9bile de la Guin\u00e9e, dont l\u2019un des fils, Boubacar T\u00e9lly Diallo, fut le tout premier secr\u00e9taire g\u00e9n\u00e9ral de l\u2019Organisation de l\u2019unit\u00e9 africaine (OUA), anc\u00eatre de l\u2019actuelle UA. Ce rappel n\u2019est pas anodin. Il traduit la volont\u00e9 des autorit\u00e9s guin\u00e9ennes de s\u2019inscrire dans une continuit\u00e9 historique et politique, en assumant pleinement l\u2019h\u00e9ritage des p\u00e8res fondateurs de l\u2019Afrique ind\u00e9pendante.<\/p>\n\n\n\n<p>Dans son intervention, le Dr Morissanda Kouyat\u00e9 a tenu \u00e0 dissiper toute ambigu\u00eft\u00e9 sur la position de la Guin\u00e9e ces derni\u00e8res ann\u00e9es. \u00ab Certains avaient cru que la Guin\u00e9e avait quitt\u00e9 la maison Afrique. La v\u00e9rit\u00e9 est simple, nous n\u2019en \u00e9tions jamais sortis \u00bb, a-t-il d\u00e9clar\u00e9. Une formule forte, presque symbolique, qui r\u00e9sume l\u2019\u00e9tat d\u2019esprit des responsables guin\u00e9ens. Selon lui, la Guin\u00e9e n\u2019\u00e9tait pas absente, mais mise \u00e0 l\u2019\u00e9cart, observatrice malgr\u00e9 elle, parfois incomprise, sans jamais renier son engagement africain.<\/p>\n\n\n\n<p>Cette d\u00e9claration prend une dimension particuli\u00e8re dans un contexte continental marqu\u00e9 par des recompositions politiques, des transitions institutionnelles et des d\u00e9bats sur la souverainet\u00e9 des \u00c9tats. En affirmant que \u00ab nul ne peut durablement exclure un peuple de la maison qu\u2019il a b\u00e2tie avec le sang, le courage et les sacrifices de ses enfants \u00bb, l\u2019ancien chef de la diplomatie guin\u00e9enne replace le pays dans une posture de dignit\u00e9 et de contribution historique, loin de toute logique de marginalisation.<\/p>\n\n\n\n<p>Au-del\u00e0 du symbole, le retour actif de la Guin\u00e9e \u00e0 l\u2019UA traduit une ambition politique claire : peser dans les d\u00e9bats, participer aux d\u00e9cisions et contribuer \u00e0 la recherche de solutions africaines aux probl\u00e8mes africains. S\u00e9curit\u00e9, int\u00e9gration r\u00e9gionale, d\u00e9veloppement \u00e9conomique, jeunesse, gouvernance : autant de chantiers sur lesquels Conakry entend d\u00e9sormais faire entendre sa voix. Ce repositionnement s\u2019inscrit \u00e9galement dans la volont\u00e9 des autorit\u00e9s de renforcer la cr\u00e9dibilit\u00e9 internationale du pays et de normaliser ses relations diplomatiques \u00e0 l\u2019\u00e9chelle continentale.<\/p>\n\n\n\n<p>En retrouvant pleinement sa place au sein de l\u2019Union africaine, la Guin\u00e9e envoie un message fort : celui d\u2019un pays conscient de son histoire, r\u00e9solu \u00e0 assumer son r\u00f4le et d\u00e9termin\u00e9 \u00e0 participer activement \u00e0 la construction de l\u2019Afrique de demain. Plus qu\u2019un retour, il s\u2019agit d\u2019une r\u00e9affirmation. Celle d\u2019une nation qui n\u2019a jamais cess\u00e9 d\u2019appartenir \u00e0 la \u00ab maison Afrique \u00bb, et qui entend d\u00e9sormais y occuper, sans complexe, la place qui lui revient.<\/p>\n\n\n\n<p><strong>Mamadouba CAMARA pour lereveil224.info<\/strong><\/p>\n","protected":false},"excerpt":{"rendered":"<p>Longtemps rel\u00e9gu\u00e9e \u00e0 la p\u00e9riph\u00e9rie des grandes d\u00e9cisions continentales, la Guin\u00e9e signe aujourd\u2019hui un retour officiel et assum\u00e9 au sein des instances de l\u2019Union africaine (UA). Un retour qui d\u00e9passe le simple cadre protocolaire pour s\u2019inscrire dans une dynamique plus profonde : celle de la reconqu\u00eate d\u2019une place historique, l\u00e9gitime et strat\u00e9gique au c\u0153ur de [&hellip;]<\/p>\n","protected":false},"author":123458,"featured_media":10440,"comment_status":"open","ping_status":"open","sticky":false,"template":"","format":"standard","meta":{"_acf_changed":false,"footnotes":""},"categories":[11,29,59],"tags":[],"class_list":["post-10438","post","type-post","status-publish","format-standard","has-post-thumbnail","hentry","category-actualite","category-continentale","category-nationale"],"acf":[],"_links":{"self":[{"href":"https:\/\/lereveil224.info\/index.php\/wp-json\/wp\/v2\/posts\/10438","targetHints":{"allow":["GET"]}}],"collection":[{"href":"https:\/\/lereveil224.info\/index.php\/wp-json\/wp\/v2\/posts"}],"about":[{"href":"https:\/\/lereveil224.info\/index.php\/wp-json\/wp\/v2\/types\/post"}],"author":[{"embeddable":true,"href":"https:\/\/lereveil224.info\/index.php\/wp-json\/wp\/v2\/users\/123458"}],"replies":[{"embeddable":true,"href":"https:\/\/lereveil224.info\/index.php\/wp-json\/wp\/v2\/comments?post=10438"}],"version-history":[{"count":1,"href":"https:\/\/lereveil224.info\/index.php\/wp-json\/wp\/v2\/posts\/10438\/revisions"}],"predecessor-version":[{"id":10439,"href":"https:\/\/lereveil224.info\/index.php\/wp-json\/wp\/v2\/posts\/10438\/revisions\/10439"}],"wp:featuredmedia":[{"embeddable":true,"href":"https:\/\/lereveil224.info\/index.php\/wp-json\/wp\/v2\/media\/10440"}],"wp:attachment":[{"href":"https:\/\/lereveil224.info\/index.php\/wp-json\/wp\/v2\/media?parent=10438"}],"wp:term":[{"taxonomy":"category","embeddable":true,"href":"https:\/\/lereveil224.info\/index.php\/wp-json\/wp\/v2\/categories?post=10438"},{"taxonomy":"post_tag","embeddable":true,"href":"https:\/\/lereveil224.info\/index.php\/wp-json\/wp\/v2\/tags?post=10438"}],"curies":[{"name":"wp","href":"https:\/\/api.w.org\/{rel}","templated":true}]}}