{"id":10418,"date":"2026-01-23T14:07:10","date_gmt":"2026-01-23T14:07:10","guid":{"rendered":"https:\/\/lereveil224.info\/?p=10418"},"modified":"2026-01-23T14:07:11","modified_gmt":"2026-01-23T14:07:11","slug":"tribune-ceux-qui-ont-porte-la-vision-le-message-et-laction-du-gmd-une-reconnaissance-republicaine-fondee-sur-lengagement-collectif-par-luniversitaire-a-o-b","status":"publish","type":"post","link":"https:\/\/lereveil224.info\/index.php\/2026\/01\/23\/tribune-ceux-qui-ont-porte-la-vision-le-message-et-laction-du-gmd-une-reconnaissance-republicaine-fondee-sur-lengagement-collectif-par-luniversitaire-a-o-b\/","title":{"rendered":"Tribune : Ceux qui ont port\u00e9 la vision, le message et l\u2019action du GMD, une reconnaissance r\u00e9publicaine fond\u00e9e sur l\u2019engagement collectif (Par l\u2019Universitaire A.O.B)"},"content":{"rendered":"\n<p>S\u2019\u00e9tendant sur pr\u00e8s de 18 % du territoire national, la Guin\u00e9e Foresti\u00e8re se caract\u00e9rise par une richesse culturelle, religieuse et linguistique exceptionnelle. Dans un tel espace de diversit\u00e9, porter un message politique coh\u00e9rent, f\u00e9d\u00e9rateur et porteur d\u2019actions concr\u00e8tes constitue, de tout temps, un exercice exigeant, n\u00e9cessitant p\u00e9dagogie, proximit\u00e9 et intelligence du terrain.<\/p>\n\n\n\n<p>Face \u00e0 cette r\u00e9alit\u00e9, les fils et filles de la r\u00e9gion, anim\u00e9s par un sens \u00e9lev\u00e9 du devoir civique et plac\u00e9s sous le leadership \u00e9clair\u00e9 du G\u00e9n\u00e9ral Amara CAMARA, ont su relever le d\u00e9fi avec responsabilit\u00e9 et m\u00e9thode. \u00c0 travers une mobilisation inclusive et structur\u00e9e, ils ont rassembl\u00e9 les populations autour du champion, Son Excellence Mamadi DOUMBOUYA, dans un climat de paix, de conviction et d\u2019adh\u00e9sion populaire.<\/p>\n\n\n\n<p>Il convient, d\u00e8s lors, de souligner une pr\u00e9cision essentielle : l\u2019ordre de pr\u00e9sentation des acteurs cit\u00e9s dans cette tribune ne saurait \u00eatre interpr\u00e9t\u00e9 comme un classement de m\u00e9rite ou une hi\u00e9rarchisation des contributions individuelles. Il r\u00e9pond exclusivement \u00e0 des crit\u00e8res objectifs de r\u00e9partition territoriale par pr\u00e9fecture, ainsi qu\u2019\u00e0 des consid\u00e9rations d\u2019anciennet\u00e9 institutionnelle et de responsabilit\u00e9s exerc\u00e9es, notamment au niveau minist\u00e9riel. Chaque acteur \u00e9voqu\u00e9 participe, \u00e0 sa mani\u00e8re, d\u2019un effort collectif indissociable.<\/p>\n\n\n\n<p>Ne pas reconna\u00eetre aujourd\u2019hui ces efforts, pourtant visibles, document\u00e9s et largement attest\u00e9s par les faits, rel\u00e8verait d\u2019un d\u00e9ni de v\u00e9rit\u00e9. Car le travail accompli au service de la R\u00e9publique m\u00e9rite consid\u00e9ration, non par flatterie, mais par souci d\u2019\u00e9quit\u00e9 et de m\u00e9moire institutionnelle.<\/p>\n\n\n\n<p>Cette tribune de l\u2019Universitaire Alpha Oumar BALDE se veut ainsi un t\u00e9moignage r\u00e9publicain, en hommage aux sacrifices consentis par ces fils et filles patriotes de la Guin\u00e9e Foresti\u00e8re, de Kissidougou \u00e0 Gu\u00e9ck\u00e9dou, de Macenta \u00e0 Beyla, de Yomou \u00e0 Lola, en passant par N\u2019Z\u00e9r\u00e9kor\u00e9. Leurs actions parlent d\u2019elles-m\u00eames et resteront inscrites dans les annales de l\u2019histoire politique de la For\u00eat, comme l\u2019expression d\u2019une fid\u00e9lit\u00e9 constante, d\u2019un courage collectif et d\u2019un sens \u00e9lev\u00e9 du devoir envers les populations et le Pr\u00e9sident de la R\u00e9publique, Son Excellence Mamadi DOUMBOUYA.<\/p>\n\n\n\n<figure class=\"wp-block-image size-full\"><img fetchpriority=\"high\" decoding=\"async\" width=\"474\" height=\"363\" src=\"https:\/\/lereveil224.info\/wp-content\/uploads\/2026\/01\/Faya-Francois-Bourouno.jpeg\" alt=\"\" class=\"wp-image-10430\" srcset=\"https:\/\/lereveil224.info\/wp-content\/uploads\/2026\/01\/Faya-Francois-Bourouno.jpeg 474w, https:\/\/lereveil224.info\/wp-content\/uploads\/2026\/01\/Faya-Francois-Bourouno-300x230.jpeg 300w\" sizes=\"(max-width: 474px) 100vw, 474px\" \/><\/figure>\n\n\n\n<p><strong>Faya Fran\u00e7ois BOUROUNO, l\u2019intelligence de l\u2019engagement et la force de la proximit\u00e9<\/strong><\/p>\n\n\n\n<p>Dans les grandes s\u00e9quences de mobilisation nationale, il y a des acteurs dont l\u2019influence ne s\u2019impose ni par le bruit ni par la d\u00e9monstration, mais par la constance de l\u2019engagement, la clart\u00e9 de la parole et la proximit\u00e9 avec les populations. Faya Fran\u00e7ois BOUROUNO, Coordinateur adjoint de la campagne au compte de la GMD, s\u2019inscrit pleinement dans cette cat\u00e9gorie d\u2019hommes d\u2019\u00c9tat pour qui l\u2019action publique trouve sa l\u00e9gitimit\u00e9 dans l\u2019\u00e9coute, la p\u00e9dagogie et la fid\u00e9lit\u00e9 aux valeurs r\u00e9publicaines.<\/p>\n\n\n\n<p>Tout au long du recensement, puis lors des campagnes r\u00e9f\u00e9rendaire et pr\u00e9sidentielle, il a su jouer un r\u00f4le d\u00e9terminant de m\u00e9diateur r\u00e9publicain, traduisant les orientations nationales en messages accessibles, compr\u00e9hensibles et f\u00e9d\u00e9rateurs. Son sens aigu de la communication responsable a permis de lever les incompr\u00e9hensions, de dissiper les doutes et de renforcer l\u2019adh\u00e9sion citoyenne autour des enjeux majeurs de la Nation.<\/p>\n\n\n\n<p>Le leadership de Faya Fran\u00e7ois BOUROUNO se distingue par une intelligence du terrain et une capacit\u00e9 rare \u00e0 instaurer la confiance. En privil\u00e9giant le dialogue direct avec les communaut\u00e9s, les leaders locaux, les jeunes et les femmes, il a contribu\u00e9 \u00e0 ancrer les processus civiques dans une dynamique d\u2019appropriation collective. Cette approche inclusive a \u00e9t\u00e9 un facteur cl\u00e9 de la forte mobilisation observ\u00e9e dans la r\u00e9gion, dans un climat apais\u00e9 et responsable.<\/p>\n\n\n\n<figure class=\"wp-block-image size-full\"><img decoding=\"async\" width=\"700\" height=\"380\" src=\"https:\/\/lereveil224.info\/wp-content\/uploads\/2026\/01\/IMG_20240419_185857_700_x_380_pixel.jpg\" alt=\"\" class=\"wp-image-10429\" srcset=\"https:\/\/lereveil224.info\/wp-content\/uploads\/2026\/01\/IMG_20240419_185857_700_x_380_pixel.jpg 700w, https:\/\/lereveil224.info\/wp-content\/uploads\/2026\/01\/IMG_20240419_185857_700_x_380_pixel-300x163.jpg 300w\" sizes=\"(max-width: 700px) 100vw, 700px\" \/><\/figure>\n\n\n\n<figure class=\"wp-block-image size-full\"><img decoding=\"async\" width=\"700\" height=\"380\" src=\"https:\/\/lereveil224.info\/wp-content\/uploads\/2026\/01\/IMG_20240419_185857_700_x_380_pixel.jpg\" alt=\"\" class=\"wp-image-10429\" srcset=\"https:\/\/lereveil224.info\/wp-content\/uploads\/2026\/01\/IMG_20240419_185857_700_x_380_pixel.jpg 700w, https:\/\/lereveil224.info\/wp-content\/uploads\/2026\/01\/IMG_20240419_185857_700_x_380_pixel-300x163.jpg 300w\" sizes=\"(max-width: 700px) 100vw, 700px\" \/><\/figure>\n\n\n\n<p><strong>Beno\u00eet KAMANO, l\u2019engagement de terrain au service de la R\u00e9publique<\/strong><\/p>\n\n\n\n<p>Dans les processus d\u00e9cisifs qui fondent la l\u00e9gitimit\u00e9 d\u00e9mocratique et la coh\u00e9sion nationale, la r\u00e9ussite repose souvent sur des acteurs de proximit\u00e9, des hommes et des femmes capables de traduire la vision de l\u2019\u00c9tat en actions concr\u00e8tes au plus pr\u00e8s des populations. Beno\u00eet KAMANO s\u2019est illustr\u00e9 comme l\u2019un de ces artisans essentiels, dont l\u2019engagement de terrain et la loyaut\u00e9 r\u00e9publicaine ont marqu\u00e9 les grandes \u00e9tapes du recensement ainsi que des campagnes r\u00e9f\u00e9rendaire et pr\u00e9sidentielle.<\/p>\n\n\n\n<p>Homme d\u2019action et de dialogue, Beno\u00eet KAMANO a su investir les espaces communautaires avec une constance remarquable. Sa pr\u00e9sence soutenue aupr\u00e8s des populations, son sens de l\u2019\u00e9coute et sa capacit\u00e9 \u00e0 instaurer un climat de confiance ont permis de lever les r\u00e9sistances, de dissiper les appr\u00e9hensions et d\u2019encourager une participation citoyenne large, inclusive et responsable. Par cette approche, il a contribu\u00e9 \u00e0 faire du processus civique un moment de convergence nationale plut\u00f4t qu\u2019un simple exercice administratif.<\/p>\n\n\n\n<p>Son leadership se caract\u00e9rise par une proximit\u00e9 sinc\u00e8re et une ma\u00eetrise des r\u00e9alit\u00e9s locales. En s\u2019appuyant sur les leaders communautaires, les notabilit\u00e9s, les jeunes et les femmes, il a favoris\u00e9 une mobilisation ancr\u00e9e dans les valeurs de paix, de discipline et de respect mutuel. Cette capacit\u00e9 \u00e0 f\u00e9d\u00e9rer, sans exclure ni imposer, a \u00e9t\u00e9 d\u00e9terminante dans le succ\u00e8s des op\u00e9rations men\u00e9es sur le terrain.<\/p>\n\n\n\n<figure class=\"wp-block-image size-full\"><img decoding=\"async\" width=\"852\" height=\"644\" src=\"https:\/\/lereveil224.info\/wp-content\/uploads\/2026\/01\/Jean-Paul-Cedyok.jpg\" alt=\"\" class=\"wp-image-10428\" srcset=\"https:\/\/lereveil224.info\/wp-content\/uploads\/2026\/01\/Jean-Paul-Cedyok.jpg 852w, https:\/\/lereveil224.info\/wp-content\/uploads\/2026\/01\/Jean-Paul-Cedyok-300x227.jpg 300w, https:\/\/lereveil224.info\/wp-content\/uploads\/2026\/01\/Jean-Paul-Cedyok-768x581.jpg 768w, https:\/\/lereveil224.info\/wp-content\/uploads\/2026\/01\/Jean-Paul-Cedyok-86x64.jpg 86w\" sizes=\"(max-width: 852px) 100vw, 852px\" \/><\/figure>\n\n\n\n<figure class=\"wp-block-image size-full\"><img decoding=\"async\" width=\"852\" height=\"644\" src=\"https:\/\/lereveil224.info\/wp-content\/uploads\/2026\/01\/Jean-Paul-Cedyok.jpg\" alt=\"\" class=\"wp-image-10428\" srcset=\"https:\/\/lereveil224.info\/wp-content\/uploads\/2026\/01\/Jean-Paul-Cedyok.jpg 852w, https:\/\/lereveil224.info\/wp-content\/uploads\/2026\/01\/Jean-Paul-Cedyok-300x227.jpg 300w, https:\/\/lereveil224.info\/wp-content\/uploads\/2026\/01\/Jean-Paul-Cedyok-768x581.jpg 768w, https:\/\/lereveil224.info\/wp-content\/uploads\/2026\/01\/Jean-Paul-Cedyok-86x64.jpg 86w\" sizes=\"(max-width: 852px) 100vw, 852px\" \/><\/figure>\n\n\n\n<p><strong>Jean Paul C\u00c9DY, la rigueur administrative au service de la mobilisation nationale<\/strong><\/p>\n\n\n\n<p>Dans tout processus national d\u2019envergure, la r\u00e9ussite ne tient pas seulement \u00e0 la ferveur populaire ou \u00e0 la volont\u00e9 politique, mais aussi \u00e0 la qualit\u00e9 de la coordination administrative, \u00e0 la justesse de l\u2019anticipation et \u00e0 la coh\u00e9rence de l\u2019action publique. Jean Paul C\u00c9DY s\u2019est affirm\u00e9, \u00e0 cet \u00e9gard, comme l\u2019un des piliers discrets mais essentiels de la r\u00e9ussite du recensement ainsi que des campagnes r\u00e9f\u00e9rendaire et pr\u00e9sidentielle.<\/p>\n\n\n\n<p>Homme de m\u00e9thode et de structuration, Jean Paul C\u00c9DY a jou\u00e9 un r\u00f4le d\u00e9terminant dans l\u2019ordonnancement des actions, l\u2019harmonisation des interventions institutionnelles et la fluidit\u00e9 des dispositifs mis en place sur le terrain. Sa parfaite ma\u00eetrise des rouages administratifs et son sens \u00e9lev\u00e9 de l\u2019organisation ont permis de garantir la continuit\u00e9, la lisibilit\u00e9 et l\u2019efficacit\u00e9 de l\u2019action de l\u2019\u00c9tat, dans un contexte exigeant o\u00f9 la moindre d\u00e9faillance pouvait compromettre l\u2019ensemble du processus.<\/p>\n\n\n\n<p>Son leadership s\u2019est exprim\u00e9 dans une sobri\u00e9t\u00e9 assum\u00e9e, faite de rigueur, de constance et de discr\u00e9tion. Loin des projecteurs, il a assur\u00e9 la coh\u00e9rence des messages, la bonne circulation de l\u2019information et la coordination entre les diff\u00e9rents acteurs, contribuant ainsi \u00e0 instaurer un climat de confiance et de s\u00e9r\u00e9nit\u00e9 indispensable \u00e0 la mobilisation citoyenne.<\/p>\n\n\n\n<figure class=\"wp-block-image size-full\"><img loading=\"lazy\" decoding=\"async\" width=\"900\" height=\"601\" src=\"https:\/\/lereveil224.info\/wp-content\/uploads\/2026\/01\/29be81cb30ae901e4b6f4de3711f36ea_XL.jpg\" alt=\"\" class=\"wp-image-10427\" srcset=\"https:\/\/lereveil224.info\/wp-content\/uploads\/2026\/01\/29be81cb30ae901e4b6f4de3711f36ea_XL.jpg 900w, https:\/\/lereveil224.info\/wp-content\/uploads\/2026\/01\/29be81cb30ae901e4b6f4de3711f36ea_XL-300x200.jpg 300w, https:\/\/lereveil224.info\/wp-content\/uploads\/2026\/01\/29be81cb30ae901e4b6f4de3711f36ea_XL-768x513.jpg 768w\" sizes=\"(max-width: 900px) 100vw, 900px\" \/><\/figure>\n\n\n\n<figure class=\"wp-block-image size-full\"><img loading=\"lazy\" decoding=\"async\" width=\"900\" height=\"601\" src=\"https:\/\/lereveil224.info\/wp-content\/uploads\/2026\/01\/29be81cb30ae901e4b6f4de3711f36ea_XL.jpg\" alt=\"\" class=\"wp-image-10427\" srcset=\"https:\/\/lereveil224.info\/wp-content\/uploads\/2026\/01\/29be81cb30ae901e4b6f4de3711f36ea_XL.jpg 900w, https:\/\/lereveil224.info\/wp-content\/uploads\/2026\/01\/29be81cb30ae901e4b6f4de3711f36ea_XL-300x200.jpg 300w, https:\/\/lereveil224.info\/wp-content\/uploads\/2026\/01\/29be81cb30ae901e4b6f4de3711f36ea_XL-768x513.jpg 768w\" sizes=\"(max-width: 900px) 100vw, 900px\" \/><\/figure>\n\n\n\n<p><strong>Rose Pola PR\u00c9CEMOU, le leadership f\u00e9minin au c\u0153ur de la mobilisation citoyenne<\/strong><\/p>\n\n\n\n<p>Dans les grandes \u00e9tapes de la vie nationale, certaines figures s\u2019imposent par la force tranquille de leur engagement et par leur capacit\u00e9 \u00e0 mobiliser durablement les consciences. Rose Pola PR\u00c9CEMOU incarne cette g\u00e9n\u00e9ration de femmes d\u2019\u00c9tat dont le leadership, \u00e0 la fois ferme et inclusif, a jou\u00e9 un r\u00f4le d\u00e9terminant tout au long du recensement ainsi que des campagnes r\u00e9f\u00e9rendaire et pr\u00e9sidentielle.<\/p>\n\n\n\n<p>Par son sens \u00e9lev\u00e9 de la responsabilit\u00e9 et sa proximit\u00e9 constante avec les populations, Rose Pola PR\u00c9CEMOU a su placer les femmes et les jeunes au centre de la dynamique citoyenne. Convaincue que la participation inclusive est la cl\u00e9 de toute l\u00e9gitimit\u00e9 d\u00e9mocratique, elle a \u0153uvr\u00e9 avec p\u00e9dagogie et d\u00e9termination pour renforcer l\u2019appropriation des enjeux nationaux par les couches sociales souvent les plus \u00e9loign\u00e9es des processus institutionnels.<\/p>\n\n\n\n<p>Son engagement s\u2019est distingu\u00e9 par une capacit\u00e9 remarquable \u00e0 f\u00e9d\u00e9rer, \u00e0 \u00e9couter et \u00e0 convaincre. \u00c0 travers des actions de sensibilisation cibl\u00e9es, un dialogue permanent avec les leaders communautaires et une mobilisation structur\u00e9e des organisations de base, elle a contribu\u00e9 \u00e0 instaurer un climat de confiance et de responsabilit\u00e9 civique, propice \u00e0 une participation massive, pacifique et ordonn\u00e9e.<\/p>\n\n\n\n<figure class=\"wp-block-image size-full\"><img loading=\"lazy\" decoding=\"async\" width=\"525\" height=\"394\" src=\"https:\/\/lereveil224.info\/wp-content\/uploads\/2026\/01\/WhatsApp-Image-2023-07-26-at-12.05.26.jpeg\" alt=\"\" class=\"wp-image-10426\" srcset=\"https:\/\/lereveil224.info\/wp-content\/uploads\/2026\/01\/WhatsApp-Image-2023-07-26-at-12.05.26.jpeg 525w, https:\/\/lereveil224.info\/wp-content\/uploads\/2026\/01\/WhatsApp-Image-2023-07-26-at-12.05.26-300x225.jpeg 300w, https:\/\/lereveil224.info\/wp-content\/uploads\/2026\/01\/WhatsApp-Image-2023-07-26-at-12.05.26-86x64.jpeg 86w\" sizes=\"(max-width: 525px) 100vw, 525px\" \/><\/figure>\n\n\n\n<figure class=\"wp-block-image size-full\"><img loading=\"lazy\" decoding=\"async\" width=\"525\" height=\"394\" src=\"https:\/\/lereveil224.info\/wp-content\/uploads\/2026\/01\/WhatsApp-Image-2023-07-26-at-12.05.26.jpeg\" alt=\"\" class=\"wp-image-10426\" srcset=\"https:\/\/lereveil224.info\/wp-content\/uploads\/2026\/01\/WhatsApp-Image-2023-07-26-at-12.05.26.jpeg 525w, https:\/\/lereveil224.info\/wp-content\/uploads\/2026\/01\/WhatsApp-Image-2023-07-26-at-12.05.26-300x225.jpeg 300w, https:\/\/lereveil224.info\/wp-content\/uploads\/2026\/01\/WhatsApp-Image-2023-07-26-at-12.05.26-86x64.jpeg 86w\" sizes=\"(max-width: 525px) 100vw, 525px\" \/><\/figure>\n\n\n\n<p><strong>F\u00e9lix LAMAH, la constance de l\u2019engagement, la fid\u00e9lit\u00e9 au terrain<\/strong><\/p>\n\n\n\n<p>Dans les moments cl\u00e9s de la vie nationale, lorsque l\u2019\u00c9tat se d\u00e9ploie au plus pr\u00e8s des citoyens pour consolider la l\u00e9gitimit\u00e9 r\u00e9publicaine, certains acteurs se distinguent par la constance de leur pr\u00e9sence, la fid\u00e9lit\u00e9 au terrain et la sobri\u00e9t\u00e9 de leur action. F\u00e9lix LAMAH s\u2019inscrit pleinement dans cette cat\u00e9gorie de responsables dont l\u2019apport, discret mais d\u00e9terminant, a marqu\u00e9 le recensement ainsi que les campagnes r\u00e9f\u00e9rendaire et pr\u00e9sidentielle.<\/p>\n\n\n\n<p>Homme de proximit\u00e9, F\u00e9lix LAMAH a su maintenir un lien permanent avec les communaut\u00e9s, les leaders locaux, les structures de base et les forces vives. Sa capacit\u00e9 \u00e0 \u00e9couter, \u00e0 comprendre les r\u00e9alit\u00e9s sociales et \u00e0 adapter l\u2019action publique aux contextes locaux a favoris\u00e9 une mobilisation citoyenne large, responsable et apais\u00e9e. Par son engagement direct, il a contribu\u00e9 \u00e0 transformer les op\u00e9rations civiques en v\u00e9ritables moments d\u2019appropriation collective.<\/p>\n\n\n\n<p>Son leadership se caract\u00e9rise par une pragmatisation efficace de l\u2019action publique. Sans \u00e9clat inutile, il a assur\u00e9 la traduction concr\u00e8te des orientations nationales sur le terrain, veillant \u00e0 la coh\u00e9rence des messages, \u00e0 la discipline dans l\u2019ex\u00e9cution et \u00e0 la continuit\u00e9 des efforts. Cette approche m\u00e9thodique a renforc\u00e9 la cr\u00e9dibilit\u00e9 des institutions et consolid\u00e9 la confiance des populations envers S.E. G.M.D.<\/p>\n\n\n\n<figure class=\"wp-block-image size-large\"><img loading=\"lazy\" decoding=\"async\" width=\"1024\" height=\"731\" src=\"https:\/\/lereveil224.info\/wp-content\/uploads\/2026\/01\/WhatsApp-Image-2026-01-02-at-15.00.27-1024x731.jpeg\" alt=\"\" class=\"wp-image-10425\" srcset=\"https:\/\/lereveil224.info\/wp-content\/uploads\/2026\/01\/WhatsApp-Image-2026-01-02-at-15.00.27-1024x731.jpeg 1024w, https:\/\/lereveil224.info\/wp-content\/uploads\/2026\/01\/WhatsApp-Image-2026-01-02-at-15.00.27-300x214.jpeg 300w, https:\/\/lereveil224.info\/wp-content\/uploads\/2026\/01\/WhatsApp-Image-2026-01-02-at-15.00.27-768x548.jpeg 768w, https:\/\/lereveil224.info\/wp-content\/uploads\/2026\/01\/WhatsApp-Image-2026-01-02-at-15.00.27.jpeg 1278w\" sizes=\"(max-width: 1024px) 100vw, 1024px\" \/><\/figure>\n\n\n\n<figure class=\"wp-block-image size-full\"><img loading=\"lazy\" decoding=\"async\" width=\"1278\" height=\"912\" src=\"https:\/\/lereveil224.info\/wp-content\/uploads\/2026\/01\/WhatsApp-Image-2026-01-02-at-15.00.27.jpeg\" alt=\"\" class=\"wp-image-10425\" srcset=\"https:\/\/lereveil224.info\/wp-content\/uploads\/2026\/01\/WhatsApp-Image-2026-01-02-at-15.00.27.jpeg 1278w, https:\/\/lereveil224.info\/wp-content\/uploads\/2026\/01\/WhatsApp-Image-2026-01-02-at-15.00.27-300x214.jpeg 300w, https:\/\/lereveil224.info\/wp-content\/uploads\/2026\/01\/WhatsApp-Image-2026-01-02-at-15.00.27-1024x731.jpeg 1024w, https:\/\/lereveil224.info\/wp-content\/uploads\/2026\/01\/WhatsApp-Image-2026-01-02-at-15.00.27-768x548.jpeg 768w\" sizes=\"(max-width: 1278px) 100vw, 1278px\" \/><\/figure>\n\n\n\n<p><strong>K\u00e9amou Bogola HABA, l\u2019architecte de la mobilisation citoyenne vers la victoire du GMD<\/strong><\/p>\n\n\n\n<p>D\u00e8s les premi\u00e8res phases du recensement, \u00e9tape cruciale et fondatrice de tout processus d\u00e9mocratique cr\u00e9dible, le ministre K\u00e9amou Bogola HABA a su jouer un r\u00f4le central. \u00c0 travers une strat\u00e9gie de sensibilisation inclusive, orient\u00e9e vers les jeunes, les femmes et les couches souvent \u00e9loign\u00e9es des m\u00e9canismes institutionnels, il a contribu\u00e9 \u00e0 faire du recensement non pas une simple formalit\u00e9 administrative, mais un acte citoyen de r\u00e9appropriation d\u00e9mocratique.<\/p>\n\n\n\n<p>Cette dynamique s\u2019est poursuivie avec constance lors de la campagne r\u00e9f\u00e9rendaire, o\u00f9 il s\u2019est illustr\u00e9 par une pr\u00e9sence active sur le terrain, un discours p\u00e9dagogique et une capacit\u00e9 remarquable \u00e0 traduire les enjeux institutionnels en messages accessibles aux jeunes g\u00e9n\u00e9rations. Son approche a permis de transformer la jeunesse en force consciente, mobilis\u00e9e et responsable, loin des clich\u00e9s de passivit\u00e9 politique.<\/p>\n\n\n\n<p>Sous son impulsion, les mouvements de jeunesse, les associations et les plateformes citoyennes ont \u00e9t\u00e9 f\u00e9d\u00e9r\u00e9s autour d\u2019un objectif commun : accompagner le candidat GMD jusqu\u2019\u00e0 la victoire finale. Partout, le message a \u00e9t\u00e9 clair : stabilit\u00e9, responsabilit\u00e9, continuit\u00e9 et engagement pour une Guin\u00e9e moderne et souveraine sous la conduite de S.E. GMD.<\/p>\n\n\n\n<figure class=\"wp-block-image size-full\"><img loading=\"lazy\" decoding=\"async\" width=\"700\" height=\"380\" src=\"https:\/\/lereveil224.info\/wp-content\/uploads\/2026\/01\/Fassou-Thea.jpg\" alt=\"\" class=\"wp-image-10424\" srcset=\"https:\/\/lereveil224.info\/wp-content\/uploads\/2026\/01\/Fassou-Thea.jpg 700w, https:\/\/lereveil224.info\/wp-content\/uploads\/2026\/01\/Fassou-Thea-300x163.jpg 300w\" sizes=\"(max-width: 700px) 100vw, 700px\" \/><\/figure>\n\n\n\n<figure class=\"wp-block-image size-full\"><img loading=\"lazy\" decoding=\"async\" width=\"700\" height=\"380\" src=\"https:\/\/lereveil224.info\/wp-content\/uploads\/2026\/01\/Fassou-Thea.jpg\" alt=\"\" class=\"wp-image-10424\" srcset=\"https:\/\/lereveil224.info\/wp-content\/uploads\/2026\/01\/Fassou-Thea.jpg 700w, https:\/\/lereveil224.info\/wp-content\/uploads\/2026\/01\/Fassou-Thea-300x163.jpg 300w\" sizes=\"(max-width: 700px) 100vw, 700px\" \/><\/figure>\n\n\n\n<p><strong>Fassou TH\u00c9A, l\u2019engagement politique adoss\u00e9 au sens du service public<\/strong><\/p>\n\n\n\n<p>Dans les moments d\u00e9terminants o\u00f9 la Nation appelle \u00e0 la responsabilit\u00e9, \u00e0 la discipline et \u00e0 la mobilisation consciente, certains acteurs se distinguent par leur capacit\u00e9 \u00e0 conjuguer engagement politique, pr\u00e9sence de terrain et fid\u00e9lit\u00e9 aux valeurs r\u00e9publicaines. Fassou TH\u00c9A, benjamin des ministres de la For\u00eat, s\u2019est impos\u00e9 comme l\u2019un de ces responsables dont l\u2019action, constante et structurante, a contribu\u00e9 de mani\u00e8re significative \u00e0 la r\u00e9ussite du recensement ainsi que des campagnes r\u00e9f\u00e9rendaire et pr\u00e9sidentielle.<\/p>\n\n\n\n<p>Par une implication directe et soutenue, Fassou TH\u00c9A a su traduire les orientations nationales en actions concr\u00e8tes au niveau local. Sa proximit\u00e9 avec les populations, son sens de l\u2019\u00e9coute et sa connaissance fine des r\u00e9alit\u00e9s sociales ont favoris\u00e9 une mobilisation citoyenne massive, responsable et apais\u00e9e. Il a su cr\u00e9er les conditions d\u2019une adh\u00e9sion consciente, fond\u00e9e sur la compr\u00e9hension des enjeux nationaux et le respect des principes r\u00e9publicains.<\/p>\n\n\n\n<p>Son leadership se caract\u00e9rise par une constance dans l\u2019effort et une clart\u00e9 dans l\u2019engagement. Sans c\u00e9der \u00e0 l\u2019improvisation ni \u00e0 la surench\u00e8re, il a assur\u00e9 une pr\u00e9sence active sur le terrain, veillant \u00e0 la coh\u00e9rence des messages, \u00e0 la discipline organisationnelle et \u00e0 la qualit\u00e9 de la mobilisation. Cette rigueur dans l\u2019action a renforc\u00e9 la cr\u00e9dibilit\u00e9 de l\u2019intervention publique et consolid\u00e9 la confiance entre S.E. GMD et les citoyens.<\/p>\n\n\n\n<p>Cette tribune rend hommage \u00e0 des acteurs engag\u00e9s et loyaux, dont les contributions, diverses mais compl\u00e9mentaires, ont particip\u00e9 \u00e0 l\u2019\u00e9criture d\u2019une page majeure de la mobilisation citoyenne et du renforcement de la R\u00e9publique en Guin\u00e9e.<\/p>\n\n\n\n<p>La victoire du candidat Mamadi DOUMBOUYA, obtenue \u00e0 travers un vote massif et responsable, est avant tout le fruit d\u2019un effort collectif, enracin\u00e9 dans les territoires, port\u00e9 par des femmes et des hommes au service de l\u2019\u00c9tat et du peuple souverain.<\/p>\n\n\n\n<p><strong>Par l\u2019Universitaire Alpha Oumar BALDE (A.O.B)<\/strong><\/p>\n","protected":false},"excerpt":{"rendered":"<p>S\u2019\u00e9tendant sur pr\u00e8s de 18 % du territoire national, la Guin\u00e9e Foresti\u00e8re se caract\u00e9rise par une richesse culturelle, religieuse et linguistique exceptionnelle. Dans un tel espace de diversit\u00e9, porter un message politique coh\u00e9rent, f\u00e9d\u00e9rateur et porteur d\u2019actions concr\u00e8tes constitue, de tout temps, un exercice exigeant, n\u00e9cessitant p\u00e9dagogie, proximit\u00e9 et intelligence du terrain. Face \u00e0 cette [&hellip;]<\/p>\n","protected":false},"author":123458,"featured_media":10434,"comment_status":"open","ping_status":"open","sticky":false,"template":"","format":"standard","meta":{"_acf_changed":false,"footnotes":""},"categories":[57],"tags":[],"class_list":["post-10418","post","type-post","status-publish","format-standard","has-post-thumbnail","hentry","category-chronique"],"acf":[],"_links":{"self":[{"href":"https:\/\/lereveil224.info\/index.php\/wp-json\/wp\/v2\/posts\/10418","targetHints":{"allow":["GET"]}}],"collection":[{"href":"https:\/\/lereveil224.info\/index.php\/wp-json\/wp\/v2\/posts"}],"about":[{"href":"https:\/\/lereveil224.info\/index.php\/wp-json\/wp\/v2\/types\/post"}],"author":[{"embeddable":true,"href":"https:\/\/lereveil224.info\/index.php\/wp-json\/wp\/v2\/users\/123458"}],"replies":[{"embeddable":true,"href":"https:\/\/lereveil224.info\/index.php\/wp-json\/wp\/v2\/comments?post=10418"}],"version-history":[{"count":7,"href":"https:\/\/lereveil224.info\/index.php\/wp-json\/wp\/v2\/posts\/10418\/revisions"}],"predecessor-version":[{"id":10433,"href":"https:\/\/lereveil224.info\/index.php\/wp-json\/wp\/v2\/posts\/10418\/revisions\/10433"}],"wp:featuredmedia":[{"embeddable":true,"href":"https:\/\/lereveil224.info\/index.php\/wp-json\/wp\/v2\/media\/10434"}],"wp:attachment":[{"href":"https:\/\/lereveil224.info\/index.php\/wp-json\/wp\/v2\/media?parent=10418"}],"wp:term":[{"taxonomy":"category","embeddable":true,"href":"https:\/\/lereveil224.info\/index.php\/wp-json\/wp\/v2\/categories?post=10418"},{"taxonomy":"post_tag","embeddable":true,"href":"https:\/\/lereveil224.info\/index.php\/wp-json\/wp\/v2\/tags?post=10418"}],"curies":[{"name":"wp","href":"https:\/\/api.w.org\/{rel}","templated":true}]}}