{"id":10414,"date":"2026-01-23T06:24:06","date_gmt":"2026-01-23T06:24:06","guid":{"rendered":"https:\/\/lereveil224.info\/?p=10414"},"modified":"2026-01-23T06:24:07","modified_gmt":"2026-01-23T06:24:07","slug":"nzerekore-le-commandant-mamadi-soumaoro-recoit-un-satisfecit-a-titre-exceptionnel","status":"publish","type":"post","link":"https:\/\/lereveil224.info\/index.php\/2026\/01\/23\/nzerekore-le-commandant-mamadi-soumaoro-recoit-un-satisfecit-a-titre-exceptionnel\/","title":{"rendered":"N\u2019Z\u00e9r\u00e9kor\u00e9 : le Commandant Mamadi Soumaoro re\u00e7oit un satisfecit \u00e0 titre exceptionnel"},"content":{"rendered":"\n<p>Ce jeudi 22 janvier 2026, la Direction r\u00e9gionale des Douanes de N\u2019Z\u00e9r\u00e9kor\u00e9 a servi de cadre \u00e0 une c\u00e9r\u00e9monie solennelle de remise de satisfecits \u00e0 titre exceptionnel, organis\u00e9e par l\u2019ONG Conakry Communication en reconnaissance des efforts et de l\u2019engagement de certaines personnalit\u00e9s de la r\u00e9gion administrative de N\u2019Z\u00e9r\u00e9kor\u00e9.<\/p>\n\n\n\n<p>Cette initiative vise \u00e0 saluer les acteurs qui se sont particuli\u00e8rement illustr\u00e9s lors du processus \u00e9lectoral ayant conduit \u00e0 la victoire du candidat Mamadi Doumbouya (GMD) \u00e0 l\u2019\u00e9lection pr\u00e9sidentielle du 28 d\u00e9cembre 2025, marqu\u00e9e par une forte mobilisation populaire et un climat de paix.<\/p>\n\n\n\n<p>Parmi les r\u00e9cipiendaires figure le Commandant Mamadi Soumaoro, dont l\u2019engagement, le sens du devoir et la contribution \u00e0 la stabilit\u00e9 et \u00e0 la mobilisation citoyenne ont \u00e9t\u00e9 unanimement salu\u00e9s.<\/p>\n\n\n\n<p>Prenant la parole \u00e0 cette occasion, le Directeur g\u00e9n\u00e9ral de l\u2019ONG Conakry Communication, Monsieur Morton Camara, a expliqu\u00e9 la port\u00e9e de cette distinction en ces termes : \u00ab Ce satisfecit \u00e0 titre exceptionnel est une marque de reconnaissance envers des hommes et des femmes qui, par leur engagement responsable, leur leadership et leur sens \u00e9lev\u00e9 du patriotisme, ont contribu\u00e9 \u00e0 la r\u00e9ussite du processus \u00e9lectoral et \u00e0 la consolidation de la paix dans notre pays. \u00bb<br>Le Commandant Mamadi Soumaoro incarne parfaitement ces valeurs, ainsi que tous les autres ayant re\u00e7u cette distinction, conclura-t-il.<\/p>\n\n\n\n<figure class=\"wp-block-image size-large\"><img fetchpriority=\"high\" decoding=\"async\" width=\"679\" height=\"1024\" src=\"https:\/\/lereveil224.info\/wp-content\/uploads\/2026\/01\/IMG-20260123-WA0001-679x1024.jpg\" alt=\"\" class=\"wp-image-10415\" srcset=\"https:\/\/lereveil224.info\/wp-content\/uploads\/2026\/01\/IMG-20260123-WA0001-679x1024.jpg 679w, https:\/\/lereveil224.info\/wp-content\/uploads\/2026\/01\/IMG-20260123-WA0001-199x300.jpg 199w, https:\/\/lereveil224.info\/wp-content\/uploads\/2026\/01\/IMG-20260123-WA0001-768x1159.jpg 768w, https:\/\/lereveil224.info\/wp-content\/uploads\/2026\/01\/IMG-20260123-WA0001.jpg 820w\" sizes=\"(max-width: 679px) 100vw, 679px\" \/><\/figure>\n\n\n\n<p>Visiblement \u00e9mu, le r\u00e9cipiendaire, Commandant Mamadi Soumaoro, a exprim\u00e9 sa gratitude envers les organisateurs : \u00ab Je re\u00e7ois cette distinction avec humilit\u00e9 et responsabilit\u00e9. Elle m\u2019encourage \u00e0 redoubler d\u2019efforts au service de la Nation, de la paix et de la coh\u00e9sion sociale. Ce satisfecit n\u2019est pas seulement pour moi, mais pour tous ceux qui \u0153uvrent dans l\u2019ombre pour une Guin\u00e9e unie et stable sous la clairvoyance de Son Excellence Mamadi DOUMBOUYA, pr\u00e9sident de la R\u00e9publique de Guin\u00e9e. \u00bb<\/p>\n\n\n\n<p>La c\u00e9r\u00e9monie a connu la participation de nombreux cadres r\u00e9gionaux, pr\u00e9fectoraux et communaux, ainsi que des forces de d\u00e9fense et de s\u00e9curit\u00e9, t\u00e9moignant de l\u2019int\u00e9r\u00eat accord\u00e9 \u00e0 cette reconnaissance citoyenne et \u00e0 la valorisation des acteurs engag\u00e9s pour la stabilit\u00e9 institutionnelle et le d\u00e9veloppement local.<\/p>\n\n\n\n<p>\u00c0 travers cette remise de satisfecits, l\u2019ONG Conakry Communication r\u00e9affirme sa volont\u00e9 de promouvoir la culture de l\u2019excellence, de la reconnaissance et de l\u2019engagement patriotique, notamment en Guin\u00e9e Foresti\u00e8re.<\/p>\n\n\n\n<p><strong>Thierno Amadou Diallo Pour lereveil224.info<\/strong><\/p>\n","protected":false},"excerpt":{"rendered":"<p>Ce jeudi 22 janvier 2026, la Direction r\u00e9gionale des Douanes de N\u2019Z\u00e9r\u00e9kor\u00e9 a servi de cadre \u00e0 une c\u00e9r\u00e9monie solennelle de remise de satisfecits \u00e0 titre exceptionnel, organis\u00e9e par l\u2019ONG Conakry Communication en reconnaissance des efforts et de l\u2019engagement de certaines personnalit\u00e9s de la r\u00e9gion administrative de N\u2019Z\u00e9r\u00e9kor\u00e9. Cette initiative vise \u00e0 saluer les acteurs [&hellip;]<\/p>\n","protected":false},"author":123458,"featured_media":10416,"comment_status":"open","ping_status":"open","sticky":false,"template":"","format":"standard","meta":{"_acf_changed":false,"footnotes":""},"categories":[11,42,18],"tags":[],"class_list":["post-10414","post","type-post","status-publish","format-standard","has-post-thumbnail","hentry","category-actualite","category-militaire","category-region"],"acf":[],"_links":{"self":[{"href":"https:\/\/lereveil224.info\/index.php\/wp-json\/wp\/v2\/posts\/10414","targetHints":{"allow":["GET"]}}],"collection":[{"href":"https:\/\/lereveil224.info\/index.php\/wp-json\/wp\/v2\/posts"}],"about":[{"href":"https:\/\/lereveil224.info\/index.php\/wp-json\/wp\/v2\/types\/post"}],"author":[{"embeddable":true,"href":"https:\/\/lereveil224.info\/index.php\/wp-json\/wp\/v2\/users\/123458"}],"replies":[{"embeddable":true,"href":"https:\/\/lereveil224.info\/index.php\/wp-json\/wp\/v2\/comments?post=10414"}],"version-history":[{"count":1,"href":"https:\/\/lereveil224.info\/index.php\/wp-json\/wp\/v2\/posts\/10414\/revisions"}],"predecessor-version":[{"id":10417,"href":"https:\/\/lereveil224.info\/index.php\/wp-json\/wp\/v2\/posts\/10414\/revisions\/10417"}],"wp:featuredmedia":[{"embeddable":true,"href":"https:\/\/lereveil224.info\/index.php\/wp-json\/wp\/v2\/media\/10416"}],"wp:attachment":[{"href":"https:\/\/lereveil224.info\/index.php\/wp-json\/wp\/v2\/media?parent=10414"}],"wp:term":[{"taxonomy":"category","embeddable":true,"href":"https:\/\/lereveil224.info\/index.php\/wp-json\/wp\/v2\/categories?post=10414"},{"taxonomy":"post_tag","embeddable":true,"href":"https:\/\/lereveil224.info\/index.php\/wp-json\/wp\/v2\/tags?post=10414"}],"curies":[{"name":"wp","href":"https:\/\/api.w.org\/{rel}","templated":true}]}}